{"id":47280,"date":"2021-05-22T08:45:52","date_gmt":"2021-05-22T06:45:52","guid":{"rendered":"http:\/\/miradordeatarfe.es\/?p=47280"},"modified":"2021-05-22T09:00:48","modified_gmt":"2021-05-22T07:00:48","slug":"angel-gabilondo-por-j-j-millas","status":"publish","type":"post","link":"https:\/\/miradordeatarfe.es\/?p=47280","title":{"rendered":"\u00abANGEL GABILONDO\u00bb por J.J.Millas"},"content":{"rendered":"<h3 dir=\"auto\" style=\"text-align: justify;\">Me cuenta un exalumno de \u00c1ngel Gabilondo que en sus clases sol\u00eda hablarles de la \u00abincomodidad constitutiva\u00bb para referirse al malestar propio de quien no est\u00e1 completo.<\/h3>\n<div dir=\"auto\" style=\"text-align: justify;\">\u00a0<\/div>\n<div dir=\"auto\" style=\"text-align: justify;\">\u00bfY qui\u00e9n no est\u00e1 completo? El ser humano, al que, a diferencia de los dioses, siempre le falta algo. Siempre tiene una china en el zapato. Conviene asumir esa incomodidad porque de ella nace el deseo de alcanzar acuerdos con uno mismo y con cuanto nos rodea. De hecho, es redundante hablar de \u00abincomodidad constitutiva\u00bb, porque el conflicto nos es tan inherente que, en efecto, nos constituye, nos da forma. Yo suelo decir a mis alumnos que se escribe desde ah\u00ed, desde el conflicto, porque sin \u00e9l no hay escritura ni lectura. Tanto para iniciarse en la una como en la otra, es precisa la percepci\u00f3n de que hay algo entre el mundo y t\u00fa que no funciona como nos gustar\u00eda. Al leer y al escribir, ambas sensaciones se mitigan.<\/div>\n<div dir=\"auto\" style=\"text-align: justify;\">\u00a0<\/div>\n<div dir=\"auto\" style=\"text-align: justify;\">El deseo, por resumir, es hijo de la incomodidad. Deseamos un piso m\u00e1s grande porque el actual se nos ha quedado peque\u00f1o. Deseamos un sueldo mayor porque con este no llegamos a fin de mes. Deseamos que se enamoren de nosotros para certificar que valemos la pena. Necesitamos cierto grado de reconocimiento social para afianzar nuestra identidad en el grupo. El deseo es el motor de la vida. De ah\u00ed que no lo alcancemos del todo nunca porque nada de lo conquistado nos satisface de manera absoluta. La china del zapato no desaparece jam\u00e1s. No le ha desaparecido ni a Bill Gates, por mencionar a alguien cuyos \u00e9xitos parecen insuperables. Es m\u00e1s, si la china del zapato desapareciera, morir\u00edamos en el instante mismo de dejar de sentirla. No hay mejor eutanasia que la certidumbre de que ya no queda nada por alcanzar. Cuando ya no queda nada por alcanzar, la muerte deviene en el orgasmo totalizador, definitivo. No es casual que los franceses se refieran a \u00e9l como la \u00abpeque\u00f1a muerte\u00bb, pues al eyacular rozamos algo de la plenitud que conduce a la tumba.<\/div>\n<div dir=\"auto\" style=\"text-align: justify;\">\u00a0<\/div>\n<div dir=\"auto\" style=\"text-align: justify;\">Escribo estas l\u00edneas en homenaje a \u00c1ngel Gabilondo, que sufri\u00f3 una arritmia sin importancia tras una campa\u00f1a electoral agotadora, adem\u00e1s de frustrante para \u00e9l. Espero que, al tiempo de recuperarse, se tome el accidente cl\u00ednico-electoral como un aspecto m\u00e1s de la \u00abincomodidad constitutiva\u00bb y que coloque cuanto antes su deseo en otro proyecto. Mucha suerte, maestro.<\/div>\n<div dir=\"auto\">\u00a0<\/div>\n<div dir=\"auto\"><strong>J.J.Mill\u00e1s<\/strong><\/div>\n<div dir=\"auto\">\u00a0<\/div>\n","protected":false},"excerpt":{"rendered":"<p>Me cuenta un exalumno de \u00c1ngel Gabilondo que en sus clases sol\u00eda hablarles de la&#8230;<\/p>\n","protected":false},"author":1,"featured_media":47281,"comment_status":"closed","ping_status":"closed","sticky":false,"template":"","format":"standard","meta":{"_coblocks_attr":"","_coblocks_dimensions":"","_coblocks_responsive_height":"","_coblocks_accordion_ie_support":"","jetpack_post_was_ever_published":false,"_jetpack_newsletter_access":"","_jetpack_dont_email_post_to_subs":false,"_jetpack_newsletter_tier_id":0,"_jetpack_memberships_contains_paywalled_content":false,"_jetpack_memberships_contains_paid_content":false,"footnotes":"","jetpack_publicize_message":"","jetpack_publicize_feature_enabled":true,"jetpack_social_post_already_shared":false,"jetpack_social_options":{"image_generator_settings":{"template":"highway","default_image_id":0,"enabled":false},"version":2}},"categories":[1161,44,7671,6937,15],"tags":[6740],"class_list":["post-47280","post","type-post","status-publish","format-standard","has-post-thumbnail","hentry","category-ciudadania","category-noticias-de-hoy","category-politica","category-sociedad","category-ultimas-noticias","tag-gabilondo"],"jetpack_publicize_connections":[],"jetpack_featured_media_url":"https:\/\/i0.wp.com\/miradordeatarfe.es\/wp-content\/uploads\/2021\/05\/GABILONDO.jpg?fit=1280%2C720&ssl=1","jetpack_likes_enabled":true,"jetpack_sharing_enabled":true,"_links":{"self":[{"href":"https:\/\/miradordeatarfe.es\/index.php?rest_route=\/wp\/v2\/posts\/47280","targetHints":{"allow":["GET"]}}],"collection":[{"href":"https:\/\/miradordeatarfe.es\/index.php?rest_route=\/wp\/v2\/posts"}],"about":[{"href":"https:\/\/miradordeatarfe.es\/index.php?rest_route=\/wp\/v2\/types\/post"}],"author":[{"embeddable":true,"href":"https:\/\/miradordeatarfe.es\/index.php?rest_route=\/wp\/v2\/users\/1"}],"replies":[{"embeddable":true,"href":"https:\/\/miradordeatarfe.es\/index.php?rest_route=%2Fwp%2Fv2%2Fcomments&post=47280"}],"version-history":[{"count":1,"href":"https:\/\/miradordeatarfe.es\/index.php?rest_route=\/wp\/v2\/posts\/47280\/revisions"}],"predecessor-version":[{"id":47282,"href":"https:\/\/miradordeatarfe.es\/index.php?rest_route=\/wp\/v2\/posts\/47280\/revisions\/47282"}],"wp:featuredmedia":[{"embeddable":true,"href":"https:\/\/miradordeatarfe.es\/index.php?rest_route=\/wp\/v2\/media\/47281"}],"wp:attachment":[{"href":"https:\/\/miradordeatarfe.es\/index.php?rest_route=%2Fwp%2Fv2%2Fmedia&parent=47280"}],"wp:term":[{"taxonomy":"category","embeddable":true,"href":"https:\/\/miradordeatarfe.es\/index.php?rest_route=%2Fwp%2Fv2%2Fcategories&post=47280"},{"taxonomy":"post_tag","embeddable":true,"href":"https:\/\/miradordeatarfe.es\/index.php?rest_route=%2Fwp%2Fv2%2Ftags&post=47280"}],"curies":[{"name":"wp","href":"https:\/\/api.w.org\/{rel}","templated":true}]}}