{"id":47283,"date":"2021-05-20T09:08:29","date_gmt":"2021-05-20T07:08:29","guid":{"rendered":"http:\/\/miradordeatarfe.es\/?p=47283"},"modified":"2021-05-15T19:14:53","modified_gmt":"2021-05-15T17:14:53","slug":"la-ocde-acusa-a-madrid-de-ser-un-paraiso-fiscal-interno-que-atrae-a-contribuyentes-ricos-con-bajos-impuestos","status":"publish","type":"post","link":"https:\/\/miradordeatarfe.es\/?p=47283","title":{"rendered":"La OCDE acusa a Madrid de ser un \u00abpara\u00edso fiscal interno\u00bb que atrae a \u00abcontribuyentes ricos\u00bb con bajos impuestos"},"content":{"rendered":"<h3 style=\"text-align: justify;\">La OCDE sostiene que la Comunidad de Madrid es un\u00a0<strong>\u00abpara\u00edso fiscal interno\u00bb que aplica una \u00abtasa del 0%\u00bb<\/strong>\u00a0en el impuesto de Patrimonio.<\/h3>\n<p style=\"text-align: justify;\">Y que gracias a esta bonificaci\u00f3n, el n\u00famero de \u00abpersonas ricas\u00bb se ha disparado \u00aben un 10% respecto otras regiones\u00bb durante los \u00faltimos cinco a\u00f1os. Esto es, que la Organizaci\u00f3n para la Cooperaci\u00f3n y el Desarrollo Econ\u00f3micos coincide, en gran medida, con los argumentos del Gobierno de Pedro S\u00e1nchez y defiende, adem\u00e1s, la necesidad de mantener el impuesto de Sucesiones que Madrid bonifica, en este caso, al 99%.<\/p>\n<p style=\"text-align: justify;\">\u00abDesde una perspectiva de equidad, un impuesto sobre Sucesiones, particularmente si est\u00e1 dirigido a trasferencias de riqueza relativamente altas,\u00a0<strong>puede ser una herramienta importante para mejorar la igualdad de oportunidades y reducir la concentraci\u00f3n de riqueza<\/strong>\u00ab, defiende el organismo dirigido por \u00c1ngel Gurr\u00eda en un informe sobre la mencionada figura que ha publicado este martes y en la que se incluye la reflexi\u00f3n sobre la Comunidad de Madrid.<\/p>\n<div id=\"sm-it-main-container-1621098516281\" class=\"sm-it-main-container\" style=\"text-align: justify;\" data-it=\"5d3632b6-bab1-4c8c-8351-e9d5c699d358\" data-index=\"0\" data-device=\"desktop\">\n<div id=\"sm-reference-1621098516281\" class=\"sm-reference\">\n<div id=\"sm-it-label-1621098516281\" class=\"sm-it-label\">Para se\u00f1alar de una manera tan clara a la regi\u00f3n, los autores del informe citan, a su vez, a un estudio realizado por Agrawal, Foremny y Mart\u00ednez-Toledano en 2020 y en el que se sostiene que <strong>Madrid atrajo a contribuyentes con rentas altas<\/strong>\u00a0gracias a sus medidas fiscales. Y en relaci\u00f3n directa con ello, la OCDE a\u00f1ade los resultados de otros \u00abestudios recientes\u00bb que tambi\u00e9n ha encontrado esa relaci\u00f3n entre movilidad de contribuyentes ricos y bajos impuestos.<\/div>\n<\/div>\n<\/div>\n<p style=\"text-align: justify;\">Al mismo tiempo, la Organizaci\u00f3n no se\u00f1ala, y es algo que tambi\u00e9n tiene relevancia, es que Espa\u00f1a es el \u00fanico pa\u00eds de la UE que mantiene el impuesto de Patrimonio ya que todos los pa\u00edses lo ha eliminado o incluido en otras figuras.<\/p>\n<h2 class=\"ue-c-article__subheadline\" style=\"text-align: justify;\">LAS ACUSACIONES DE MONTERO<\/h2>\n<p style=\"text-align: justify;\">La publicaci\u00f3n de la OCDE se produce en un momento muy relevante dado que la ministra de Hacienda, Mar\u00eda Jes\u00fas Montero, est\u00e1 decidida a llevar a cabo una armonizaci\u00f3n fiscal con la que introducir tipos m\u00ednimos en los impuestos cedidos. La tambi\u00e9n portavoz del Gobierno\u00a0<strong>ha acusado en numerosas ocasiones a la Comunidad de Madrid de incurrir en\u00a0<\/strong><i><strong>dumping fiscal<\/strong><\/i>y provocar que otras comunidades pierdan contribuyentes, principalmente con rentas altas, en favor de la regi\u00f3n madrile\u00f1a.<\/p>\n<div id=\"cx_75f72b410942e1dabbcb0ca884067415725dff07_1\" style=\"text-align: justify;\" data-ue-id=\"cx_75f72b410942e1dabbcb0ca884067415725dff07\">\n<div class=\"ue-c-article__taboola-in-body ue-l-article--float-left-from-desktop ue-l-article--leftcol-width-from-desktop ue-l-article--move-to-leftcol-from-desktop \">\u00a0<\/div>\n<\/div>\n<div class=\"ue-c-article__newsletter-widget\" style=\"text-align: justify;\">\u00a0<\/div>\n","protected":false},"excerpt":{"rendered":"<p>La OCDE sostiene que la Comunidad de Madrid es un\u00a0\u00abpara\u00edso fiscal interno\u00bb que aplica una&#8230;<\/p>\n","protected":false},"author":1,"featured_media":47284,"comment_status":"closed","ping_status":"closed","sticky":false,"template":"","format":"standard","meta":{"_coblocks_attr":"","_coblocks_dimensions":"","_coblocks_responsive_height":"","_coblocks_accordion_ie_support":"","jetpack_post_was_ever_published":false,"_jetpack_newsletter_access":"","_jetpack_dont_email_post_to_subs":false,"_jetpack_newsletter_tier_id":0,"_jetpack_memberships_contains_paywalled_content":false,"_jetpack_memberships_contains_paid_content":false,"footnotes":"","jetpack_publicize_message":"","jetpack_publicize_feature_enabled":true,"jetpack_social_post_already_shared":false,"jetpack_social_options":{"image_generator_settings":{"template":"highway","default_image_id":0,"enabled":false},"version":2}},"categories":[1161,44,7671,15],"tags":[836,1206],"class_list":["post-47283","post","type-post","status-publish","format-standard","has-post-thumbnail","hentry","category-ciudadania","category-noticias-de-hoy","category-politica","category-ultimas-noticias","tag-impuestos","tag-madrid"],"jetpack_publicize_connections":[],"jetpack_featured_media_url":"https:\/\/i0.wp.com\/miradordeatarfe.es\/wp-content\/uploads\/2021\/05\/ayuso2.jpg?fit=1170%2C658&ssl=1","jetpack_likes_enabled":true,"jetpack_sharing_enabled":true,"_links":{"self":[{"href":"https:\/\/miradordeatarfe.es\/index.php?rest_route=\/wp\/v2\/posts\/47283","targetHints":{"allow":["GET"]}}],"collection":[{"href":"https:\/\/miradordeatarfe.es\/index.php?rest_route=\/wp\/v2\/posts"}],"about":[{"href":"https:\/\/miradordeatarfe.es\/index.php?rest_route=\/wp\/v2\/types\/post"}],"author":[{"embeddable":true,"href":"https:\/\/miradordeatarfe.es\/index.php?rest_route=\/wp\/v2\/users\/1"}],"replies":[{"embeddable":true,"href":"https:\/\/miradordeatarfe.es\/index.php?rest_route=%2Fwp%2Fv2%2Fcomments&post=47283"}],"version-history":[{"count":1,"href":"https:\/\/miradordeatarfe.es\/index.php?rest_route=\/wp\/v2\/posts\/47283\/revisions"}],"predecessor-version":[{"id":47285,"href":"https:\/\/miradordeatarfe.es\/index.php?rest_route=\/wp\/v2\/posts\/47283\/revisions\/47285"}],"wp:featuredmedia":[{"embeddable":true,"href":"https:\/\/miradordeatarfe.es\/index.php?rest_route=\/wp\/v2\/media\/47284"}],"wp:attachment":[{"href":"https:\/\/miradordeatarfe.es\/index.php?rest_route=%2Fwp%2Fv2%2Fmedia&parent=47283"}],"wp:term":[{"taxonomy":"category","embeddable":true,"href":"https:\/\/miradordeatarfe.es\/index.php?rest_route=%2Fwp%2Fv2%2Fcategories&post=47283"},{"taxonomy":"post_tag","embeddable":true,"href":"https:\/\/miradordeatarfe.es\/index.php?rest_route=%2Fwp%2Fv2%2Ftags&post=47283"}],"curies":[{"name":"wp","href":"https:\/\/api.w.org\/{rel}","templated":true}]}}