{"id":47295,"date":"2021-05-25T09:17:23","date_gmt":"2021-05-25T07:17:23","guid":{"rendered":"http:\/\/miradordeatarfe.es\/?p=47295"},"modified":"2021-05-24T20:42:50","modified_gmt":"2021-05-24T18:42:50","slug":"la-historia-de-como-las-toallitas-higienicas-de-viscosa-o-las-pajitas-de-celofan-podrian-seguir-contaminando-nuestro-planeta","status":"publish","type":"post","link":"https:\/\/miradordeatarfe.es\/?p=47295","title":{"rendered":"La historia de c\u00f3mo las toallitas higi\u00e9nicas de viscosa o las pajitas de celof\u00e1n podr\u00edan seguir contaminando nuestro planeta"},"content":{"rendered":"<header><\/header>\n<h3 style=\"text-align: justify;\"><strong>La Comisi\u00f3n Europea est\u00e1 tratando de impulsar avances para paliar la crisis de residuos y limitar el excesivo consumo de recursos naturales que provoca nuestra cultura de usar y tirar. Paralelamente, la industria que se enriquece con la producci\u00f3n de pl\u00e1stico -y basura- hace lo posible por evitar progresos significativos.<\/strong><\/h3>\n<p style=\"text-align: justify;\">La Directiva europea de pl\u00e1sticos de un solo uso (SUP por sus siglas en ingl\u00e9s) pretende <strong>acabar con la fabricaci\u00f3n de productos de pl\u00e1stico \u201cde usar y tirar\u201d<\/strong> que suponen el expolio de nuestros recursos y un problema grave para el medioambiente, la salud y la gesti\u00f3n de los residuos. Esta directiva es inevitable, pero<strong> a la industria no le encanta.<\/strong> Por eso, est\u00e1n tratando de modificar el contenido de la Directiva para evitar modificar sus contaminantes negocios. <strong>Jugar con la definici\u00f3n de pl\u00e1stico, es ahora, su gran estrategia.<\/strong><\/p>\n<p style=\"text-align: justify;\">En la definici\u00f3n propuesta actualmente, se considera \u201cpl\u00e1stico\u201d materiales derivados como la v<strong>iscosa y el celof\u00e1n.<\/strong> Esto es extremadamente importante para, por ejemplo, <strong>poner fin a las toallitas higi\u00e9nicas 100% viscosa<\/strong> que tanta contaminaci\u00f3n est\u00e1n provocando en nuestros mares y que podr\u00edan ser etiquetadas como \u201csin pl\u00e1stico\u201d o para evitar que la industria sigua fabricando <strong>pajitas, platos, vasos y cubiertos de un solo uso producidos con celof\u00e1n.<\/strong><\/p>\n<p style=\"text-align: justify;\">Adem\u00e1s, permitir la viscosa y el celof\u00e1n dar\u00eda pie a m\u00e1s trampas porque para los Estados miembros es muy<strong> dif\u00edcil poder controlar<\/strong> si una toallita es 100% viscosa o m\u00e1s a\u00fan si se trata de una pajita de polipropileno (prohibida a partir de julio) o de una pajita de celof\u00e1n (que estar\u00eda permitida por la Directiva si la industria logra imponerlo).<\/p>\n<p style=\"text-align: justify;\">Adem\u00e1s, existe el riesgo de que esta definici\u00f3n de pl\u00e1stico (y exenci\u00f3n de viscosa) sirva de <strong>precedente para otras legislaciones de la UE, pero tambi\u00e9n para pa\u00edses fuera de la UE.<\/strong><\/p>\n<p style=\"text-align: justify;\">Se ha demostrado que la viscosa contribuye a la ya problem\u00e1tica <strong>contaminaci\u00f3n por micropl\u00e1sticos<\/strong>. Un estudio en C\u00f3rcega hall\u00f3 fibras de viscosa ingeridas de varios tama\u00f1os y colores en el 27,6% de los tractos digestivos de las nueve especies dominantes de peces.<\/p>\n<p style=\"text-align: justify;\">Adem\u00e1s, hay estudios que muestra que la<strong> ecotoxicidad acu\u00e1tica de la viscosa<\/strong> producida en Asia (donde se encuentra la mayor producci\u00f3n de esta) es, en agua dulce, casi 3 veces mayor que la del PET y el PP.<\/p>\n<p style=\"text-align: justify;\"><strong>Por ello, desde Amigos de la Tierra, como parte de la Alianza Residuo Cero y junto a la coalici\u00f3n de ONG europeas Rethink Plastic y el movimiento Break Free From Plastic Europe, hemos enviado <a href=\"https:\/\/www.tierra.org\/wp-content\/uploads\/2021\/03\/Carta-a-Teresa-Ribera_EU_Apoyo_SUP.pdf\">una carta la Ministra Teresa Ribera<\/a> para pedirle que juegue un papel esencial al seguir defendiendo unas directrices que respeten el objetivo y fin de la Directiva SUP y garanticen su plena implementaci\u00f3n.<\/strong><\/p>\n<p>https:\/\/www.tierra.org\/la-historia-de-como-las-toallitas-higienicas-de-viscosa-o-las-pajitas-de-celofan-podrian-seguir-contaminando-nuestro-planeta\/<\/p>\n","protected":false},"excerpt":{"rendered":"<p>La Comisi\u00f3n Europea est\u00e1 tratando de impulsar avances para paliar la crisis de residuos y&#8230;<\/p>\n","protected":false},"author":1,"featured_media":47296,"comment_status":"closed","ping_status":"closed","sticky":false,"template":"","format":"standard","meta":{"_coblocks_attr":"","_coblocks_dimensions":"","_coblocks_responsive_height":"","_coblocks_accordion_ie_support":"","jetpack_post_was_ever_published":false,"_jetpack_newsletter_access":"","_jetpack_dont_email_post_to_subs":false,"_jetpack_newsletter_tier_id":0,"_jetpack_memberships_contains_paywalled_content":false,"_jetpack_memberships_contains_paid_content":false,"footnotes":"","jetpack_publicize_message":"","jetpack_publicize_feature_enabled":true,"jetpack_social_post_already_shared":false,"jetpack_social_options":{"image_generator_settings":{"template":"highway","default_image_id":0,"enabled":false},"version":2}},"categories":[7725,1161,9,44,7671,6937,15,10],"tags":[6386],"class_list":["post-47295","post","type-post","status-publish","format-standard","has-post-thumbnail","hentry","category-atarfe-sostenible","category-ciudadania","category-medio-ambiente","category-noticias-de-hoy","category-politica","category-sociedad","category-ultimas-noticias","category-salud","tag-toallitas-desechables"],"jetpack_publicize_connections":[],"jetpack_featured_media_url":"https:\/\/i0.wp.com\/miradordeatarfe.es\/wp-content\/uploads\/2021\/05\/vacations-1596053_1920-1.jpg?fit=1920%2C1077&ssl=1","jetpack_likes_enabled":true,"jetpack_sharing_enabled":true,"_links":{"self":[{"href":"https:\/\/miradordeatarfe.es\/index.php?rest_route=\/wp\/v2\/posts\/47295","targetHints":{"allow":["GET"]}}],"collection":[{"href":"https:\/\/miradordeatarfe.es\/index.php?rest_route=\/wp\/v2\/posts"}],"about":[{"href":"https:\/\/miradordeatarfe.es\/index.php?rest_route=\/wp\/v2\/types\/post"}],"author":[{"embeddable":true,"href":"https:\/\/miradordeatarfe.es\/index.php?rest_route=\/wp\/v2\/users\/1"}],"replies":[{"embeddable":true,"href":"https:\/\/miradordeatarfe.es\/index.php?rest_route=%2Fwp%2Fv2%2Fcomments&post=47295"}],"version-history":[{"count":1,"href":"https:\/\/miradordeatarfe.es\/index.php?rest_route=\/wp\/v2\/posts\/47295\/revisions"}],"predecessor-version":[{"id":47297,"href":"https:\/\/miradordeatarfe.es\/index.php?rest_route=\/wp\/v2\/posts\/47295\/revisions\/47297"}],"wp:featuredmedia":[{"embeddable":true,"href":"https:\/\/miradordeatarfe.es\/index.php?rest_route=\/wp\/v2\/media\/47296"}],"wp:attachment":[{"href":"https:\/\/miradordeatarfe.es\/index.php?rest_route=%2Fwp%2Fv2%2Fmedia&parent=47295"}],"wp:term":[{"taxonomy":"category","embeddable":true,"href":"https:\/\/miradordeatarfe.es\/index.php?rest_route=%2Fwp%2Fv2%2Fcategories&post=47295"},{"taxonomy":"post_tag","embeddable":true,"href":"https:\/\/miradordeatarfe.es\/index.php?rest_route=%2Fwp%2Fv2%2Ftags&post=47295"}],"curies":[{"name":"wp","href":"https:\/\/api.w.org\/{rel}","templated":true}]}}