{"id":47298,"date":"2021-05-23T10:24:19","date_gmt":"2021-05-23T08:24:19","guid":{"rendered":"http:\/\/miradordeatarfe.es\/?p=47298"},"modified":"2021-05-19T13:39:46","modified_gmt":"2021-05-19T11:39:46","slug":"residuo-cero-reduccion-reutilizacion-y-reciclaje","status":"publish","type":"post","link":"https:\/\/miradordeatarfe.es\/?p=47298","title":{"rendered":"Residuo Cero: Reducci\u00f3n, Reutilizaci\u00f3n y Reciclaje"},"content":{"rendered":"<h3>Es necesario apostar por alternativas m\u00e1s eficaces que los modelos actuales de gesti\u00f3n de residuos. La reducci\u00f3n, la reutilizaci\u00f3n y el reciclaje han de ser la base de estos sistemas para avanzar hacia el residuo cero. As\u00ed, proponemos y apoyamos sistemas alternativos y denunciamos el vertido y la incineraci\u00f3n como modelos irracionales.<\/h3>\n<p><strong>La actual gesti\u00f3n de residuos en Europa, y principalmente en nuestro pa\u00eds, est\u00e1 basada en opciones finalistas, como el vertido y la incineraci\u00f3n<\/strong>, el 67% de los residuos urbanos en Espa\u00f1a son eliminados a trav\u00e9s de estos sistemas. <strong>La estrategia Residuo Cero<\/strong>, aplicada en varios municipios europeos con resultados probados, consiste en un cambio de \u201ccultura\u201d en la gesti\u00f3n de residuos. <strong>Es un planteamiento en el que desde el principio se tiene en cuenta qu\u00e9 productos se ponen en el mercado<\/strong>, y para evitar el uso desmesurado de materiales, se cambia su dise\u00f1o, su composici\u00f3n, su reparabilidad, etc.<\/p>\n<p>Una gesti\u00f3n adecuada los residuos debe contemplar la <strong>separaci\u00f3n selectiva en origen de un n\u00famero m\u00ednimo de grupos de materiales, entre los que se encuentren la materia org\u00e1nica compostable<\/strong>. Los sistemas de recogida pueden ser varios, pero deben contar con la colaboraci\u00f3n de la ciudadan\u00eda a la que afecta. Algunos ejemplos que funcionan son la separaci\u00f3n puerta a puerta y la recogida en 5 contenedores (envases, papel y cart\u00f3n, vidrio, org\u00e1nica y resto). Es importante analizar la fracci\u00f3n resto, formada por residuos que no se pueden reutilizar ni reciclar, para ir reduci\u00e9ndola progresivamente, mediante cambios en los dise\u00f1os, eliminaci\u00f3n de esos productos del mercado o la ampliaci\u00f3n en la fracci\u00f3n del reciclaje.<\/p>\n<p><strong>Con los residuos recogidos, la primera opci\u00f3n deber\u00eda ser la preparaci\u00f3n para la reutilizaci\u00f3n<\/strong>, seguida del reciclaje material. La materia org\u00e1nica separada en origen se puede compostar, obteniendo un excelente abono muy necesario para nuestros suelos.<\/p>\n<p><strong>La incineraci\u00f3n y el vertido deber\u00e1n ser opciones marginales y en decrecimiento<\/strong>, para poder alcanzar una econom\u00eda circular basada en la eficiencia del uso de recursos naturales, tal y como plantea la Uni\u00f3n Europea en su Hoja de Ruta por una Europa eficiente en el uso de recursos naturales.<\/p>\n<p>Desde Amigos de la Tierra fomentamos y colaboramos con los municipios interesados en la implantaci\u00f3n de la estrategia residuo cero.<\/p>\n<p>https:\/\/www.tierra.org\/residuo-cero-reduccion-reutilizacion-y-reciclaje\/<\/p>\n","protected":false},"excerpt":{"rendered":"<p>Es necesario apostar por alternativas m\u00e1s eficaces que los modelos actuales de gesti\u00f3n de residuos&#8230;.<\/p>\n","protected":false},"author":1,"featured_media":47299,"comment_status":"closed","ping_status":"closed","sticky":false,"template":"","format":"standard","meta":{"_coblocks_attr":"","_coblocks_dimensions":"","_coblocks_responsive_height":"","_coblocks_accordion_ie_support":"","jetpack_post_was_ever_published":false,"_jetpack_newsletter_access":"","_jetpack_dont_email_post_to_subs":false,"_jetpack_newsletter_tier_id":0,"_jetpack_memberships_contains_paywalled_content":false,"_jetpack_memberships_contains_paid_content":false,"footnotes":"","jetpack_publicize_message":"","jetpack_publicize_feature_enabled":true,"jetpack_social_post_already_shared":false,"jetpack_social_options":{"image_generator_settings":{"template":"highway","default_image_id":0,"enabled":false},"version":2}},"categories":[7725,1161,9,44,6937,15],"tags":[924,8314,2706],"class_list":["post-47298","post","type-post","status-publish","format-standard","has-post-thumbnail","hentry","category-atarfe-sostenible","category-ciudadania","category-medio-ambiente","category-noticias-de-hoy","category-sociedad","category-ultimas-noticias","tag-reciclar","tag-reduccion","tag-reutilizar"],"jetpack_publicize_connections":[],"jetpack_featured_media_url":"https:\/\/i0.wp.com\/miradordeatarfe.es\/wp-content\/uploads\/2021\/05\/sobre-envasado-1.jpg?fit=1090%2C567&ssl=1","jetpack_likes_enabled":true,"jetpack_sharing_enabled":true,"_links":{"self":[{"href":"https:\/\/miradordeatarfe.es\/index.php?rest_route=\/wp\/v2\/posts\/47298","targetHints":{"allow":["GET"]}}],"collection":[{"href":"https:\/\/miradordeatarfe.es\/index.php?rest_route=\/wp\/v2\/posts"}],"about":[{"href":"https:\/\/miradordeatarfe.es\/index.php?rest_route=\/wp\/v2\/types\/post"}],"author":[{"embeddable":true,"href":"https:\/\/miradordeatarfe.es\/index.php?rest_route=\/wp\/v2\/users\/1"}],"replies":[{"embeddable":true,"href":"https:\/\/miradordeatarfe.es\/index.php?rest_route=%2Fwp%2Fv2%2Fcomments&post=47298"}],"version-history":[{"count":1,"href":"https:\/\/miradordeatarfe.es\/index.php?rest_route=\/wp\/v2\/posts\/47298\/revisions"}],"predecessor-version":[{"id":47300,"href":"https:\/\/miradordeatarfe.es\/index.php?rest_route=\/wp\/v2\/posts\/47298\/revisions\/47300"}],"wp:featuredmedia":[{"embeddable":true,"href":"https:\/\/miradordeatarfe.es\/index.php?rest_route=\/wp\/v2\/media\/47299"}],"wp:attachment":[{"href":"https:\/\/miradordeatarfe.es\/index.php?rest_route=%2Fwp%2Fv2%2Fmedia&parent=47298"}],"wp:term":[{"taxonomy":"category","embeddable":true,"href":"https:\/\/miradordeatarfe.es\/index.php?rest_route=%2Fwp%2Fv2%2Fcategories&post=47298"},{"taxonomy":"post_tag","embeddable":true,"href":"https:\/\/miradordeatarfe.es\/index.php?rest_route=%2Fwp%2Fv2%2Ftags&post=47298"}],"curies":[{"name":"wp","href":"https:\/\/api.w.org\/{rel}","templated":true}]}}