{"id":47301,"date":"2021-05-19T11:19:51","date_gmt":"2021-05-19T09:19:51","guid":{"rendered":"http:\/\/miradordeatarfe.es\/?p=47301"},"modified":"2021-09-22T19:10:42","modified_gmt":"2021-09-22T17:10:42","slug":"los-pequenos-hacen-grande-el-duatlon-en-atarfe-por-manuel-jimenez","status":"publish","type":"post","link":"https:\/\/miradordeatarfe.es\/?p=47301","title":{"rendered":"\u00abLOS PEQUE\u00d1OS HACEN GRANDE EL DUATLON EN ATARFE\u00bb. por Manuel Jim\u00e9nez"},"content":{"rendered":"<h3 align=\"JUSTIFY\"><span style=\"font-family: Arial, serif;\">Marco singular el escogido por la Escuela de Triatlon de Atarfe para disputar la primera edici\u00f3n del Duatlon de Menores Atarfe Tribaby School. <\/span><\/h3>\n<p align=\"JUSTIFY\"><span style=\"font-family: Arial, serif;\">En el ruedo del COLISEO atarfe\u00f1o se dispuso la zona de transici\u00f3n mientras por la puerta de arrastre sal\u00edan los duatletas a enfrentar la primera carrera pie por el parque ferial volviendo de nuevo al centro de la plaza por la misma apertura para subirse a la bici y salir al circuito ciclista por la puerta de cuadrillas lugar por el que volv\u00edan a acceder a la arena para dejar la bici y acometer la segunda carrera pedestre en este caso abandonando y regresando al albero por los toriles para culminar la experiencia junto a las tablas del callej\u00f3n. <\/span><\/p>\n<p align=\"JUSTIFY\"><span style=\"font-family: Arial, serif;\">Curiosamente lo que ve\u00edan los espectadores que las condiciones sanitarias arrumbaron en algunas esquinas del circuito cuando los peque\u00f1os duatletas ganaban la calle por la puerta de arrastre era \u201cvida\u201d, fuerza-\u00edmpetu-prisa-ilusi\u00f3n-ganas, contrariando el apelativo de esta salida del coso. <\/span><\/p>\n<p align=\"JUSTIFY\"><span style=\"font-family: Arial, serif;\">Chicos y chicas venidos de todos los puntos de Andaluc\u00eda dieron lustre con sus actuaciones a la inmensa labor organizativa que llevaron a cabo los responsables t\u00e9cnicos del Club Tribaby School con Eduardo Ramos a la cabeza contando con la colaboraci\u00f3n de ACIDESA y el Excmo Ayuntamiento de Atarfe que tra\u00edan una competici\u00f3n de esta envergadura por primera vez en Granada. El \u00fanico punto negativo vino por las restricciones COVID que no permitieron ocupar los tendidos a los espectadores que quedaron a expensas de los rigores climatol\u00f3gicos que se desataron pasado el medio d\u00eda. <\/span><\/p>\n<p align=\"JUSTIFY\"><span style=\"font-family: Arial, serif;\">Pero el esfuerzo vali\u00f3 la pena y pone un pelda\u00f1o m\u00e1s en la promoci\u00f3n que este club y su escuela de triatl\u00f3n viene haciendo de este deporte que se demuestra ideal para el desarrollo de los m\u00e1s peque\u00f1os.<\/span><\/p>\n<p align=\"JUSTIFY\"><span style=\"font-family: Arial, serif;\">La nutrida participaci\u00f3n de la escuela atarfe\u00f1a, sobre todo entre los m\u00e1s noveles, compagin\u00f3 la ilusi\u00f3n del debut de gran cantidad de ellos con la experiencia y competitividad demostrada por los m\u00e1s experimentados que llevaron a muchas de ellas a subirse al p\u00f3dium. Primer puesto en lo m\u00e1s alto del caj\u00f3n para<strong> Daniela Tall\u00f3n P\u00e9rez<\/strong> que va ya emulando a su mam\u00e1 en eso de conquistar cimas, sendos terceros puestos para los hermanos <strong>Sandro y Vera P\u00e9rez Pe\u00f1a<\/strong> que llevan el trideporte en vena. <\/span><\/p>\n<p align=\"JUSTIFY\"><span style=\"font-family: Arial, serif;\">En definitiva se ganaron el derecho a salir por la puerta grande <strong>David Vill\u00e9n, Elsa Molina, Rebeca Oca\u00f1a, Luc\u00eda Mateos, Bego\u00f1a Molina, Samuel Montoro, Carlos Zafra, Enrique Ant\u00f3n, Sof\u00eda Ruiz, Santiago N\u00fa\u00f1ez, Iv\u00e1n Montoro, I\u00f1igo Molina, Abril Bar\u00f3n (primera prebenjam\u00edn), Julia Alonso (tercera), Adriana Pe\u00f1a, Carlota Quintabani, Elena Moreno, Antia Garc\u00eda, Ekaterina Ruiz, Jos\u00e9 Antonio Moreno, Lucas Diouf, Hugo Torres, Unai Oca\u00f1a, Manuel Torres, Nicol\u00e1s Tellos<\/strong> as\u00ed como los m\u00e1s de trescientos deportistas que nos regalaron con su presencia. <\/span><\/p>\n<p align=\"JUSTIFY\"><a href=\"https:\/\/i0.wp.com\/miradordeatarfe.es\/wp-content\/uploads\/2021\/05\/IMG_9647.jpg?ssl=1\"><img data-recalc-dims=\"1\" loading=\"lazy\" decoding=\"async\" class=\"alignnone wp-image-47302 size-large\" src=\"https:\/\/i0.wp.com\/miradordeatarfe.es\/wp-content\/uploads\/2021\/05\/IMG_9647.jpg?resize=618%2C603&#038;ssl=1\" alt=\"\" width=\"618\" height=\"603\" srcset=\"https:\/\/i0.wp.com\/miradordeatarfe.es\/wp-content\/uploads\/2021\/05\/IMG_9647.jpg?resize=1024%2C999&amp;ssl=1 1024w, https:\/\/i0.wp.com\/miradordeatarfe.es\/wp-content\/uploads\/2021\/05\/IMG_9647.jpg?resize=300%2C293&amp;ssl=1 300w, https:\/\/i0.wp.com\/miradordeatarfe.es\/wp-content\/uploads\/2021\/05\/IMG_9647.jpg?resize=768%2C749&amp;ssl=1 768w, https:\/\/i0.wp.com\/miradordeatarfe.es\/wp-content\/uploads\/2021\/05\/IMG_9647.jpg?w=1125&amp;ssl=1 1125w\" sizes=\"auto, (max-width: 618px) 100vw, 618px\" \/><\/a><\/p>\n","protected":false},"excerpt":{"rendered":"<p>Marco singular el escogido por la Escuela de Triatlon de Atarfe para disputar la primera&#8230;<\/p>\n","protected":false},"author":1,"featured_media":47303,"comment_status":"closed","ping_status":"closed","sticky":false,"template":"","format":"standard","meta":{"_coblocks_attr":"","_coblocks_dimensions":"","_coblocks_responsive_height":"","_coblocks_accordion_ie_support":"","jetpack_post_was_ever_published":false,"_jetpack_newsletter_access":"","_jetpack_dont_email_post_to_subs":false,"_jetpack_newsletter_tier_id":0,"_jetpack_memberships_contains_paywalled_content":false,"_jetpack_memberships_contains_paid_content":false,"footnotes":"","jetpack_publicize_message":"","jetpack_publicize_feature_enabled":true,"jetpack_social_post_already_shared":false,"jetpack_social_options":{"image_generator_settings":{"template":"highway","default_image_id":0,"enabled":false},"version":2}},"categories":[2,182,6915,44,15],"tags":[81,85,123],"class_list":["post-47301","post","type-post","status-publish","format-standard","has-post-thumbnail","hentry","category-atarfe","category-deportes","category-opinion-de-manuel-jimenez","category-noticias-de-hoy","category-ultimas-noticias","tag-atarfe","tag-atletismo","tag-deportes"],"jetpack_publicize_connections":[],"jetpack_featured_media_url":"https:\/\/i0.wp.com\/miradordeatarfe.es\/wp-content\/uploads\/2021\/05\/IMG_9646.jpg?fit=1125%2C829&ssl=1","jetpack_likes_enabled":true,"jetpack_sharing_enabled":true,"_links":{"self":[{"href":"https:\/\/miradordeatarfe.es\/index.php?rest_route=\/wp\/v2\/posts\/47301","targetHints":{"allow":["GET"]}}],"collection":[{"href":"https:\/\/miradordeatarfe.es\/index.php?rest_route=\/wp\/v2\/posts"}],"about":[{"href":"https:\/\/miradordeatarfe.es\/index.php?rest_route=\/wp\/v2\/types\/post"}],"author":[{"embeddable":true,"href":"https:\/\/miradordeatarfe.es\/index.php?rest_route=\/wp\/v2\/users\/1"}],"replies":[{"embeddable":true,"href":"https:\/\/miradordeatarfe.es\/index.php?rest_route=%2Fwp%2Fv2%2Fcomments&post=47301"}],"version-history":[{"count":1,"href":"https:\/\/miradordeatarfe.es\/index.php?rest_route=\/wp\/v2\/posts\/47301\/revisions"}],"predecessor-version":[{"id":47304,"href":"https:\/\/miradordeatarfe.es\/index.php?rest_route=\/wp\/v2\/posts\/47301\/revisions\/47304"}],"wp:featuredmedia":[{"embeddable":true,"href":"https:\/\/miradordeatarfe.es\/index.php?rest_route=\/wp\/v2\/media\/47303"}],"wp:attachment":[{"href":"https:\/\/miradordeatarfe.es\/index.php?rest_route=%2Fwp%2Fv2%2Fmedia&parent=47301"}],"wp:term":[{"taxonomy":"category","embeddable":true,"href":"https:\/\/miradordeatarfe.es\/index.php?rest_route=%2Fwp%2Fv2%2Fcategories&post=47301"},{"taxonomy":"post_tag","embeddable":true,"href":"https:\/\/miradordeatarfe.es\/index.php?rest_route=%2Fwp%2Fv2%2Ftags&post=47301"}],"curies":[{"name":"wp","href":"https:\/\/api.w.org\/{rel}","templated":true}]}}