{"id":47322,"date":"2021-05-21T09:00:04","date_gmt":"2021-05-21T07:00:04","guid":{"rendered":"http:\/\/miradordeatarfe.es\/?p=47322"},"modified":"2021-05-18T19:04:18","modified_gmt":"2021-05-18T17:04:18","slug":"trabajar-mas-de-55-horas-semanales-provoca-enfermedades-que-matan-a-745-000-trabajadores-al-ano","status":"publish","type":"post","link":"https:\/\/miradordeatarfe.es\/?p=47322","title":{"rendered":"Trabajar m\u00e1s de 55 horas semanales provoca enfermedades que matan a 745.000 trabajadores al a\u00f1o"},"content":{"rendered":"<h2>El estudio, coordinado por la Organizaci\u00f3n Mundial de la Salud y la Organizaci\u00f3n Internacional del Trabajo, concluye que estas muertes subieron un 29 % entre 2000 y 2016<\/h2>\n<div class=\"cnt-body\">\n<div id=\"cuerpo_noticia_r\" class=\"cuerpo\">\n<p>rabajar m\u00e1s de 55 horas semanales durante un tiempo prolongado puede aumentar hasta un 35% el riesgo se fallecer por enfermedades cardiovasculares, que causan la muerte cada a\u00f1o a unos <strong>745.000 trabajadores en esta situaci\u00f3n, advirti\u00f3 hoy una investigaci\u00f3n publicada por agencias de Naciones Unidas<\/strong><a title=\"ONU\" href=\"https:\/\/cadenaser.com\/tag\/onu_organizacion_naciones_unidas\/a\/\">.<\/a><\/p>\n<p>El estudio, coordinado por la <strong>Organizaci\u00f3n Mundial de la Salud (OMS) y la Organizaci\u00f3n Internacional del Trabajo (OIT),<\/strong> concluye que estas muertes subieron un 29 % entre 2000 y 2016, por lo que los horarios prolongados ya son el principal factor de riesgo laboral y provocan un tercio de los problemas de salud ligados al empleo.<\/p>\n<p>La investigaci\u00f3n, primera llevada a cabo globalmente sobre los efectos de los largos horarios en la salud de los trabajadores, <strong>detalla que \u00e9stos causaron en 2016 hasta 398.000 muertes por enfermedades card\u00edacas<\/strong> (un 42 % m\u00e1s que a principios de siglo) y 347.000 por infarto (un aumento del 19 %).<\/p>\n<p>Trabajar m\u00e1s de 55 horas por semana <strong>aumenta un 35 % el peligro de fallecer por una enfermedad card\u00edaca<\/strong> en comparaci\u00f3n con quienes tienen un horario est\u00e1ndar (35-40 horas semanales), y un 17 % el riesgo de morir de infarto.<\/p>\n<p>Los efectos negativos de los largos horarios en la salud suelen aparecer a los diez a\u00f1os de comenzar a tener este tipo de jornadas prolongadas, por lo que <strong>las principales v\u00edctimas son personas de entre 60 y 80 a\u00f1os<\/strong> que hayan tenido que trabajar en estas condiciones al menos a partir de los 45.<\/p>\n<h2 class=\"ladillo\">Un 72% son hombres<\/h2>\n<p>Un 72 % de los fallecidos por estas causas son hombres, destaca un estudio que tambi\u00e9n muestra que Asia Oriental y Meridional es <strong>una de las regiones m\u00e1s especialmente golpeadas por esta \u00abepidemia\u00bb<\/strong> de muertes por problemas cardiovasculares ligadas al exceso de trabajo.<\/p>\n<p>Para combatir este creciente problema de salud p\u00fablica, las agencias de Naciones Unidas piden a los gobiernos que establezcan po<strong>r ley horarios m\u00e1ximos en sus mercados laborales,<\/strong> y negociaciones colectivas entre empresas y empleados para fijarlos.<\/p>\n<p>La OMS y la OIT calculan que casi uno de cada 10 trabajadores en el mundo (unos 480 millones) tienen que trabajar m\u00e1s de 55 horas semanales<\/p>\n<\/div>\n<\/div>\n<aside class=\"cnt-modulo comentarios\"><\/aside>\n<p>EFE<\/p>\n<p>FOTO: Una trabajadora de cara al p\u00fablico. \/ Eduardo Parra &#8211; Europa Press &#8211; Archivo (EUROPA PRESS)\u00a0<\/p>\n<p>https:\/\/cadenaser.com\/ser\/2021\/05\/17\/economia\/1621232983_088327.html<\/p>\n","protected":false},"excerpt":{"rendered":"<p>El estudio, coordinado por la Organizaci\u00f3n Mundial de la Salud y la Organizaci\u00f3n Internacional del&#8230;<\/p>\n","protected":false},"author":1,"featured_media":47323,"comment_status":"closed","ping_status":"closed","sticky":false,"template":"","format":"standard","meta":{"_coblocks_attr":"","_coblocks_dimensions":"","_coblocks_responsive_height":"","_coblocks_accordion_ie_support":"","jetpack_post_was_ever_published":false,"_jetpack_newsletter_access":"","_jetpack_dont_email_post_to_subs":false,"_jetpack_newsletter_tier_id":0,"_jetpack_memberships_contains_paywalled_content":false,"_jetpack_memberships_contains_paid_content":false,"footnotes":"","jetpack_publicize_message":"","jetpack_publicize_feature_enabled":true,"jetpack_social_post_already_shared":false,"jetpack_social_options":{"image_generator_settings":{"template":"highway","default_image_id":0,"enabled":false},"version":2}},"categories":[1161,44,7671,6937,15,10],"tags":[8317,8318,1368],"class_list":["post-47322","post","type-post","status-publish","format-standard","has-post-thumbnail","hentry","category-ciudadania","category-noticias-de-hoy","category-politica","category-sociedad","category-ultimas-noticias","category-salud","tag-horas-de-trabajo","tag-oit","tag-oms"],"jetpack_publicize_connections":[],"jetpack_featured_media_url":"https:\/\/i0.wp.com\/miradordeatarfe.es\/wp-content\/uploads\/2021\/05\/1621232983_088327_1621233737_noticia_normal_recorte1.jpg?fit=1300%2C827&ssl=1","jetpack_likes_enabled":true,"jetpack_sharing_enabled":true,"_links":{"self":[{"href":"https:\/\/miradordeatarfe.es\/index.php?rest_route=\/wp\/v2\/posts\/47322","targetHints":{"allow":["GET"]}}],"collection":[{"href":"https:\/\/miradordeatarfe.es\/index.php?rest_route=\/wp\/v2\/posts"}],"about":[{"href":"https:\/\/miradordeatarfe.es\/index.php?rest_route=\/wp\/v2\/types\/post"}],"author":[{"embeddable":true,"href":"https:\/\/miradordeatarfe.es\/index.php?rest_route=\/wp\/v2\/users\/1"}],"replies":[{"embeddable":true,"href":"https:\/\/miradordeatarfe.es\/index.php?rest_route=%2Fwp%2Fv2%2Fcomments&post=47322"}],"version-history":[{"count":1,"href":"https:\/\/miradordeatarfe.es\/index.php?rest_route=\/wp\/v2\/posts\/47322\/revisions"}],"predecessor-version":[{"id":47324,"href":"https:\/\/miradordeatarfe.es\/index.php?rest_route=\/wp\/v2\/posts\/47322\/revisions\/47324"}],"wp:featuredmedia":[{"embeddable":true,"href":"https:\/\/miradordeatarfe.es\/index.php?rest_route=\/wp\/v2\/media\/47323"}],"wp:attachment":[{"href":"https:\/\/miradordeatarfe.es\/index.php?rest_route=%2Fwp%2Fv2%2Fmedia&parent=47322"}],"wp:term":[{"taxonomy":"category","embeddable":true,"href":"https:\/\/miradordeatarfe.es\/index.php?rest_route=%2Fwp%2Fv2%2Fcategories&post=47322"},{"taxonomy":"post_tag","embeddable":true,"href":"https:\/\/miradordeatarfe.es\/index.php?rest_route=%2Fwp%2Fv2%2Ftags&post=47322"}],"curies":[{"name":"wp","href":"https:\/\/api.w.org\/{rel}","templated":true}]}}