{"id":47337,"date":"2021-05-19T10:35:20","date_gmt":"2021-05-19T08:35:20","guid":{"rendered":"http:\/\/miradordeatarfe.es\/?p=47337"},"modified":"2021-05-18T19:38:30","modified_gmt":"2021-05-18T17:38:30","slug":"comunicado-centro-de-salud-atarfe","status":"publish","type":"post","link":"https:\/\/miradordeatarfe.es\/?p=47337","title":{"rendered":"COMUNICADO CENTRO DE SALUD ATARFE"},"content":{"rendered":"<h3>No haga colas innecesarias.Se recuerda a todos l@s ciudadan@s de Atarfe, que las puertas del Centro de Salud est\u00e1n abiertas tambi\u00e9n por las tardes para solicitud de citas y recogida de documentaci\u00f3n.<\/h3>\n<h3>&#8211; De Lunes a Jueves de 15:00 a 20:00<\/h3>\n<p>Adem\u00e1s pueden hacer uso de:<\/p>\n<p><strong>&#8211; Clicsalud+<\/strong><br \/>\n<strong>&#8211; APP Salud Responde<\/strong><br \/>\n<strong>&#8211; Tel\u00e9fono de Salud Responde: 955545060<\/strong><br \/>\n<strong>&#8211; Tel\u00e9fono Centro Salud: 600161748<\/strong><\/p>\n<p>NO M\u00c1S COLAS!!!<\/p>\n<h3>Disponible la Solicitud de Cita para Vacunaci\u00f3n Covid-19 para las personas nacidas entre 1962 y 1967 con la vacuna de Pfizer.<\/h3>\n<p>Citas a trav\u00e9s de:<\/p>\n<p>&#8211; Clicsalud+<br \/>\n&#8211; APP Salud Responde <br \/>\n&#8211; Tel\u00e9fono de Salud Responde 955 54 50 60<br \/>\n&#8211; Tel\u00e9fono Centro Salud Atarfe 600 161 748<\/p>\n<p>Las personas nacidas de 1953 en adelante, si a\u00fan no han recibido la vacuna, deben solicitar cita a trav\u00e9s de los mismos canales. Estas personas recibir\u00e1n la vacuna de Pfizer o Moderna, seg\u00fan disponibilidad.<\/p>\n<p>Se informa tambi\u00e9n a las personas de 60 a 67 a\u00f1os, ambos inclusive, que podr\u00e1n recibir la vacuna que les corresponde, Astrazeneca, el Lunes 17 de Mayo.<\/p>\n<p>Las vacunas salvan vidas, VACUNATE!!!!<\/p>\n","protected":false},"excerpt":{"rendered":"<p>No haga colas innecesarias.Se recuerda a todos l@s ciudadan@s de Atarfe, que las puertas del&#8230;<\/p>\n","protected":false},"author":1,"featured_media":47338,"comment_status":"closed","ping_status":"closed","sticky":false,"template":"","format":"standard","meta":{"_coblocks_attr":"","_coblocks_dimensions":"","_coblocks_responsive_height":"","_coblocks_accordion_ie_support":"","jetpack_post_was_ever_published":false,"_jetpack_newsletter_access":"","_jetpack_dont_email_post_to_subs":false,"_jetpack_newsletter_tier_id":0,"_jetpack_memberships_contains_paywalled_content":false,"_jetpack_memberships_contains_paid_content":false,"footnotes":"","jetpack_publicize_message":"","jetpack_publicize_feature_enabled":true,"jetpack_social_post_already_shared":false,"jetpack_social_options":{"image_generator_settings":{"template":"highway","default_image_id":0,"enabled":false},"version":2}},"categories":[2,1161,186,44,15],"tags":[6416,2988],"class_list":["post-47337","post","type-post","status-publish","format-standard","has-post-thumbnail","hentry","category-atarfe","category-ciudadania","category-instituciones","category-noticias-de-hoy","category-ultimas-noticias","tag-centro-de-salud","tag-horarios"],"jetpack_publicize_connections":[],"jetpack_featured_media_url":"https:\/\/i0.wp.com\/miradordeatarfe.es\/wp-content\/uploads\/2021\/05\/WhatsApp-Image-2021-05-18-at-17.11.24.jpeg?fit=600%2C400&ssl=1","jetpack_likes_enabled":true,"jetpack_sharing_enabled":true,"_links":{"self":[{"href":"https:\/\/miradordeatarfe.es\/index.php?rest_route=\/wp\/v2\/posts\/47337","targetHints":{"allow":["GET"]}}],"collection":[{"href":"https:\/\/miradordeatarfe.es\/index.php?rest_route=\/wp\/v2\/posts"}],"about":[{"href":"https:\/\/miradordeatarfe.es\/index.php?rest_route=\/wp\/v2\/types\/post"}],"author":[{"embeddable":true,"href":"https:\/\/miradordeatarfe.es\/index.php?rest_route=\/wp\/v2\/users\/1"}],"replies":[{"embeddable":true,"href":"https:\/\/miradordeatarfe.es\/index.php?rest_route=%2Fwp%2Fv2%2Fcomments&post=47337"}],"version-history":[{"count":1,"href":"https:\/\/miradordeatarfe.es\/index.php?rest_route=\/wp\/v2\/posts\/47337\/revisions"}],"predecessor-version":[{"id":47339,"href":"https:\/\/miradordeatarfe.es\/index.php?rest_route=\/wp\/v2\/posts\/47337\/revisions\/47339"}],"wp:featuredmedia":[{"embeddable":true,"href":"https:\/\/miradordeatarfe.es\/index.php?rest_route=\/wp\/v2\/media\/47338"}],"wp:attachment":[{"href":"https:\/\/miradordeatarfe.es\/index.php?rest_route=%2Fwp%2Fv2%2Fmedia&parent=47337"}],"wp:term":[{"taxonomy":"category","embeddable":true,"href":"https:\/\/miradordeatarfe.es\/index.php?rest_route=%2Fwp%2Fv2%2Fcategories&post=47337"},{"taxonomy":"post_tag","embeddable":true,"href":"https:\/\/miradordeatarfe.es\/index.php?rest_route=%2Fwp%2Fv2%2Ftags&post=47337"}],"curies":[{"name":"wp","href":"https:\/\/api.w.org\/{rel}","templated":true}]}}