{"id":47346,"date":"2021-05-24T11:22:41","date_gmt":"2021-05-24T09:22:41","guid":{"rendered":"http:\/\/miradordeatarfe.es\/?p=47346"},"modified":"2021-05-21T19:45:43","modified_gmt":"2021-05-21T17:45:43","slug":"atarfe-participa-en-el-proyecto-de-sensibilizacion-sobre-camino-seguro-al-cole","status":"publish","type":"post","link":"https:\/\/miradordeatarfe.es\/?p=47346","title":{"rendered":"ATARFE PARTICIPA EN EL PROYECTO DE SENSIBILIZACI\u00d3N SOBRE \u00bb CAMINO SEGURO AL COLE\u00bb"},"content":{"rendered":"<h3 class=\"single-title\">Diputaci\u00f3n de Granada destina 100.000 euros a la creaci\u00f3n de caminos escolares seguros en 14 municipios entre los que se encuentra nuestro municipio<\/h3>\n<p class=\"single-subtitle\">La Diputaci\u00f3n de Granada, a trav\u00e9s del \u00e1rea de Medio Ambiente, ha destinado entre los a\u00f1os 2020 y 2021 un total de 97.799.01 euros a la creaci\u00f3n de caminos escolares seguros en 14 municipios de la provincia.<\/p>\n<p>El objetivo de este programa es impulsar la <strong>movilidad sostenible<\/strong> en beneficio de la movilidad, la seguridad y la salud de los ni\u00f1os. Gracias a esta iniciativa, los ayuntamientos reciben asistencia t\u00e9cnica para implantar, de manera eficaz, medidas que favorezcan la accesibilidad a los colegios mediante modos de transporte no motorizados (andando o en bicicleta).<ins id=\"revive-0-4\" data-revive-zoneid=\"48\" data-revive-id=\"3675e576db6d1cc6cb6554b6e5954dc7\" data-revive-seq=\"4\" data-revive-loaded=\"1\"><\/ins><\/p>\n<p>La diputada de Medio Ambiente y Protecci\u00f3n Animal, Carmen Fern\u00e1ndez, ha asistido a la inauguraci\u00f3n de una de estas rutas peatonales seguras en el municipio de Purullena, junto a su alcalde, Jos\u00e9 Luis Mart\u00ednez, y ha recordado que el programa de<strong> Caminos Escolares Seguros de la Diputaci\u00f3n de Granada<\/strong> se puso en marcha en 2010. En un primer momento, la gesti\u00f3n depend\u00eda de la Red Granadina de Municipios hacia la Sostenibilidad (GRAMAS), que funcionaba mediante experiencias piloto, hasta que en 2016 se ampli\u00f3 con la creaci\u00f3n de un programa espec\u00edfico dentro del marco de la Concertaci\u00f3n Local.<\/p>\n<p>La diputada ha se\u00f1alado que el a\u00f1o pasado se concedieron 60.000 euros en subvenciones a nueve municipios y que, en 2021, la instituci\u00f3n prev\u00e9 transferir un total de 41.299 euros a otros once. De esta manera, la contribuci\u00f3n de la Diputaci\u00f3n asciende al 80%, 70% o 60% del coste total del proyecto local de Camino Escolar, que puede variar en funci\u00f3n del tama\u00f1o del municipio y de la actividad solicitada, y tras la aprobaci\u00f3n en pleno del Plan de acci\u00f3n.<ins id=\"revive-0-8\" data-revive-zoneid=\"36\" data-revive-id=\"3675e576db6d1cc6cb6554b6e5954dc7\" data-revive-seq=\"8\" data-revive-loaded=\"1\"><\/ins><\/p>\n<p>Gracias a estas ayudas, en el a\u00f1o 2020 se subvencionaron tres campa\u00f1as de sensibilizaci\u00f3n (en Monachil, N\u00edvar y Z\u00fajar) y seis proyectos de mejora viaria (en C\u00e1diar, Caniles, G\u00fcevejar, Purullena, Salar y \u00d3rgiva), que ya est\u00e1n en plena ejecuci\u00f3n, para hacer m\u00e1s seguro el acceso a los colegios o las rutas peatonales escolares. <strong>En 2021, tambi\u00e9n se financiar\u00e1n una intervenci\u00f3n educativa (Atarfe), seis campa\u00f1as de sensibilizaci\u00f3n (Atarfe, Beas de Granada, Cenes de la Vega y Monachil)<\/strong> y otros seis proyectos de mejora viaria (C\u00e1diar, G\u00fcevejar, N\u00edvar, Peligros y Purullena).<ins id=\"revive-0-10\" data-revive-zoneid=\"107\" data-revive-id=\"3675e576db6d1cc6cb6554b6e5954dc7\" data-revive-seq=\"10\" data-revive-loaded=\"1\"><\/ins><\/p>\n<h3><strong>Aportaci\u00f3n de los municipios<\/strong><\/h3>\n<p>Los municipios beneficiarios, por su parte, aportaron un total de 47.511,51 euros en 2020, lo que eleva el presupuesto total del Programa para la Ejecuci\u00f3n de Proyectos de Caminos Escolares Seguros a 107.511,51 euros, una cantidad \u201cimportante\u201d para el apoyo de estas iniciativas en la provincia. En el caso del 2021, a\u00fan a la espera de las resoluciones definitivas, la inversi\u00f3n alcanzar\u00e1 los 64.470 euros.<ins id=\"revive-0-12\" data-revive-zoneid=\"86\" data-revive-id=\"3675e576db6d1cc6cb6554b6e5954dc7\" data-revive-seq=\"12\" data-revive-loaded=\"1\"><\/ins><\/p>\n<p>As\u00ed, un total de catorce municipios de la provincia de Granada se han beneficiado de estas subvenciones durante los a\u00f1os 2020 y 2021, y se ofrecer\u00e1n de nuevo en la pr\u00f3xima Concertaci\u00f3n Local 2022-23. Fern\u00e1ndez ha anunciado que el objetivo es ampliar el n\u00famero de proyectos que favorecen la movilidad, la seguridad y la salud infantiles para que todos los ni\u00f1os dispongan de un Camino Escolar Seguro, independientemente del colegio de la provincia al que asistan.<\/p>\n<p>Por otro lado, ha insistido en que se seguir\u00e1 trabajando para incluir medidas de apoyo al <strong>Camino Escolar en los Planes Locales de Salud Municipal<\/strong> con la colaboraci\u00f3n de la Red Local de Acci\u00f3n Salud (RELAS). Tambi\u00e9n se seguir\u00e1 insistiendo en la necesidad de utilizar menos el coche, as\u00ed como otros medios de transporte motorizados, para reducir los niveles de contaminaci\u00f3n atmosf\u00e9rica en los entornos de los centros escolares porque afecta al desarrollo cognitivo y a la salud de los ni\u00f1os.<\/p>\n<div id=\"attachment_446859\" class=\"wp-caption alignnone\"><img data-recalc-dims=\"1\" loading=\"lazy\" decoding=\"async\" class=\"wp-image-446859 size-medium  lazyload-loaded\" src=\"https:\/\/i0.wp.com\/www.granadadigital.es\/wp-content\/uploads\/2021\/05\/marca-del-camino-escolar-630x420.jpg?resize=630%2C420&#038;ssl=1\" sizes=\"auto, (max-width: 630px) 100vw, 630px\" srcset=\"https:\/\/www.granadadigital.es\/wp-content\/uploads\/2021\/05\/marca-del-camino-escolar-630x420.jpg 630w, https:\/\/www.granadadigital.es\/wp-content\/uploads\/2021\/05\/marca-del-camino-escolar-1536x1024.jpg 1536w, https:\/\/www.granadadigital.es\/wp-content\/uploads\/2021\/05\/marca-del-camino-escolar-2048x1365.jpg 2048w, https:\/\/www.granadadigital.es\/wp-content\/uploads\/2021\/05\/marca-del-camino-escolar-1010x673.jpg 1010w, https:\/\/www.granadadigital.es\/wp-content\/uploads\/2021\/05\/marca-del-camino-escolar-316x211.jpg 316w, https:\/\/www.granadadigital.es\/wp-content\/uploads\/2021\/05\/marca-del-camino-escolar-143x95.jpg 143w, https:\/\/www.granadadigital.es\/wp-content\/uploads\/2021\/05\/marca-del-camino-escolar-105x70.jpg 105w, https:\/\/www.granadadigital.es\/wp-content\/uploads\/2021\/05\/marca-del-camino-escolar-96x64.jpg 96w, https:\/\/www.granadadigital.es\/wp-content\/uploads\/2021\/05\/marca-del-camino-escolar-240x160.jpg 240w, https:\/\/www.granadadigital.es\/wp-content\/uploads\/2021\/05\/marca-del-camino-escolar-225x150.jpg 225w, https:\/\/www.granadadigital.es\/wp-content\/uploads\/2021\/05\/marca-del-camino-escolar-1080x720.jpg 1080w\" alt=\"\" width=\"630\" height=\"420\" aria-describedby=\"caption-attachment-446859\" \/><\/p>\n<p id=\"caption-attachment-446859\" class=\"wp-caption-text\">Marca del camino escolar | Foto: Diputaci\u00f3n de Granada<\/p>\n<\/div>\n<p>En cuanto a la pandemia por la COVID-19, seg\u00fan la encuesta elaborada por esta \u00e1rea, el 70% de los municipios del Programa de Caminos Escolares considera la situaci\u00f3n actual una oportunidad para reforzar estos proyectos de movilidad sostenible. \u201cLa vinculaci\u00f3n entre la calidad del aire y la dispersi\u00f3n del virus est\u00e1 cada vez m\u00e1s clara y, debido a las medidas de distanciamiento social, resulta imprescindible un espacio p\u00fablico peatonal m\u00e1s amplio y de mayor calidad\u201d, seg\u00fan revelan los datos de la encuesta.<\/p>\n<p>Por \u00faltimo, dos tercios de los ayuntamientos evaluados manifiestan el impacto positivo del proyecto sobre la poblaci\u00f3n; un 50% afirma haber realizado cortes de calles, cambios de sentido o se\u00f1alizaci\u00f3n y reducciones de velocidad en las v\u00edas, y un 65% confirma que mantendr\u00e1 el programa en un futuro.<\/p>\n<p>https:\/\/www.granadadigital.es\/diputacion-granada-caminos-escolares-seguros-municipios\/<\/p>\n<p>&nbsp;<\/p>\n","protected":false},"excerpt":{"rendered":"<p>Diputaci\u00f3n de Granada destina 100.000 euros a la creaci\u00f3n de caminos escolares seguros en 14&#8230;<\/p>\n","protected":false},"author":1,"featured_media":47347,"comment_status":"closed","ping_status":"closed","sticky":false,"template":"","format":"standard","meta":{"_coblocks_attr":"","_coblocks_dimensions":"","_coblocks_responsive_height":"","_coblocks_accordion_ie_support":"","jetpack_post_was_ever_published":false,"_jetpack_newsletter_access":"","_jetpack_dont_email_post_to_subs":false,"_jetpack_newsletter_tier_id":0,"_jetpack_memberships_contains_paywalled_content":false,"_jetpack_memberships_contains_paid_content":false,"footnotes":"","jetpack_publicize_message":"","jetpack_publicize_feature_enabled":true,"jetpack_social_post_already_shared":false,"jetpack_social_options":{"image_generator_settings":{"template":"highway","default_image_id":0,"enabled":false},"version":2}},"categories":[2,6916,187,1161,44,15],"tags":[8002,526],"class_list":["post-47346","post","type-post","status-publish","format-standard","has-post-thumbnail","hentry","category-atarfe","category-ayuntamiento-de-atarfe","category-centros-educativos","category-ciudadania","category-noticias-de-hoy","category-ultimas-noticias","tag-camino-seguro","tag-centros-educativos"],"jetpack_publicize_connections":[],"jetpack_featured_media_url":"https:\/\/i0.wp.com\/miradordeatarfe.es\/wp-content\/uploads\/2021\/05\/b_580_900_16777215_10_images_stories_centros_camino_seguro_cole_dic_2020-2.jpg?fit=264%2C184&ssl=1","jetpack_likes_enabled":true,"jetpack_sharing_enabled":true,"_links":{"self":[{"href":"https:\/\/miradordeatarfe.es\/index.php?rest_route=\/wp\/v2\/posts\/47346","targetHints":{"allow":["GET"]}}],"collection":[{"href":"https:\/\/miradordeatarfe.es\/index.php?rest_route=\/wp\/v2\/posts"}],"about":[{"href":"https:\/\/miradordeatarfe.es\/index.php?rest_route=\/wp\/v2\/types\/post"}],"author":[{"embeddable":true,"href":"https:\/\/miradordeatarfe.es\/index.php?rest_route=\/wp\/v2\/users\/1"}],"replies":[{"embeddable":true,"href":"https:\/\/miradordeatarfe.es\/index.php?rest_route=%2Fwp%2Fv2%2Fcomments&post=47346"}],"version-history":[{"count":2,"href":"https:\/\/miradordeatarfe.es\/index.php?rest_route=\/wp\/v2\/posts\/47346\/revisions"}],"predecessor-version":[{"id":47349,"href":"https:\/\/miradordeatarfe.es\/index.php?rest_route=\/wp\/v2\/posts\/47346\/revisions\/47349"}],"wp:featuredmedia":[{"embeddable":true,"href":"https:\/\/miradordeatarfe.es\/index.php?rest_route=\/wp\/v2\/media\/47347"}],"wp:attachment":[{"href":"https:\/\/miradordeatarfe.es\/index.php?rest_route=%2Fwp%2Fv2%2Fmedia&parent=47346"}],"wp:term":[{"taxonomy":"category","embeddable":true,"href":"https:\/\/miradordeatarfe.es\/index.php?rest_route=%2Fwp%2Fv2%2Fcategories&post=47346"},{"taxonomy":"post_tag","embeddable":true,"href":"https:\/\/miradordeatarfe.es\/index.php?rest_route=%2Fwp%2Fv2%2Ftags&post=47346"}],"curies":[{"name":"wp","href":"https:\/\/api.w.org\/{rel}","templated":true}]}}