{"id":47350,"date":"2021-05-20T10:37:56","date_gmt":"2021-05-20T08:37:56","guid":{"rendered":"http:\/\/miradordeatarfe.es\/?p=47350"},"modified":"2021-05-19T12:50:24","modified_gmt":"2021-05-19T10:50:24","slug":"noticias-de-interes-sobre-la-pandemia","status":"publish","type":"post","link":"https:\/\/miradordeatarfe.es\/?p=47350","title":{"rendered":"NOTICIAS DE INTERES SOBRE LA PANDEMIA"},"content":{"rendered":"<h3 style=\"text-align: justify;\">Los vacunados con AstraZeneca menores de 60 a\u00f1os recibir\u00e1n una segunda dosis de Pfizer<\/h3>\n<p style=\"text-align: justify;\">Los 1,5 millones de personas menores de 60 a\u00f1os con una primera dosis de la vacuna de AstraZeneca contra la covid-19 recibir\u00e1n, en principio, una segunda inyecci\u00f3n de Pfizer, aunque el Ministerio de Sanidad abre la puerta a que los propios interesados puedan decidir el segundo pinchazo. Son las conclusiones de una larga reuni\u00f3n de la Comisi\u00f3n de Salud P\u00fablica, tras conocer los resultados del estudio CombivacS del Instituto de Salud Carlos III (ISCIII), que muestra una buena respuesta inmune con esta combinaci\u00f3n de f\u00e1rmacos.<\/p>\n<h3 style=\"text-align: justify;\">No hay una bala de plata contra la pandemia\u201d: as\u00ed se reforzaron los sistemas de salud en los pa\u00edses con mejores resultados<\/h3>\n<p style=\"text-align: justify;\">El nuevo coronavirus cambi\u00f3 el curso del a\u00f1o 2020, y desde entonces se han buscado insistentemente soluciones milagrosas, errores clave y factores que por s\u00ed solos cambiar\u00edan el devenir la pandemia. Sin embargo, el trabajo de los especialistas muestra una y otra vez que nunca hubo balas de plata: remedios prodigiosos que resolvieran la crisis en cualquier momento o lugar. La revista Nature Medicine publica ahora un estudio que vuelve a insistir en esta idea: los gobiernos que dieron mejor respuesta acometieron m\u00faltiples intervenciones en muchos \u00e1mbitos, atentos a las nuevas evidencias cient\u00edficas y protegiendo a los profesionales, para mejorar la fortaleza de sus sistemas de salud. El art\u00edculo es el resultado de las investigaciones del panel independiente designado por la Organizaci\u00f3n Mundial de la Salud (OMS) para examinar la respuesta global e institucional a la pandemia.<\/p>\n<h3 style=\"text-align: justify;\">Sanidad recomienda la ventilaci\u00f3n natural para reducir los riesgos de transmisi\u00f3n del coronavirus.<\/h3>\n<p style=\"text-align: justify;\">\u00a0<\/p>\n<div id=\"imgloaderembed_1621412993-8445b6fc2d7b8f13ec2e2c87053a36d8_0\" class=\"embebido_mensaje\">\n<div class=\"twitter-tweet twitter-tweet-rendered\" style=\"text-align: justify;\"><iframe id=\"twitter-widget-3\" class=\"\" title=\"Twitter Tweet\" src=\"https:\/\/platform.twitter.com\/embed\/Tweet.html?dnt=false&amp;embedId=twitter-widget-3&amp;features=eyJ0ZndfZXhwZXJpbWVudHNfY29va2llX2V4cGlyYXRpb24iOnsiYnVja2V0IjoxMjA5NjAwLCJ2ZXJzaW9uIjpudWxsfSwidGZ3X2hvcml6b25fdHdlZXRfZW1iZWRfOTU1NSI6eyJidWNrZXQiOiJodGUiLCJ2ZXJzaW9uIjpudWxsfSwidGZ3X3R3ZWV0X2VtYmVkX2NsaWNrYWJpbGl0eV8xMjEwMiI6eyJidWNrZXQiOiJjb250cm9sIiwidmVyc2lvbiI6bnVsbH19&amp;frame=false&amp;hideCard=false&amp;hideThread=false&amp;id=1394925797463400449&amp;lang=es&amp;origin=http%3A%2F%2Feskup.elpais.com%2F&amp;sessionId=6bb2c34d76ab465bdd2dfc54ca65602e02288e6a&amp;theme=light&amp;widgetsVersion=82e1070%3A1619632193066&amp;width=550px\" frameborder=\"0\" scrolling=\"no\" allowfullscreen=\"allowfullscreen\" data-tweet-id=\"1394925797463400449\" data-mce-fragment=\"1\"><\/iframe><\/div>\n<div>\n<div id=\"contenidomensaje_1621414810-d7b54bb765447c9c10c686b8a8ca85b8\" class=\"contenido__mensaje\" style=\"text-align: justify;\">\n<h3>Rafael Moneo: \u00abLa pandemia nos debe animar a construir una ciudad mejor\u00bb<\/h3>\n<p>La pandemia ha cambiado nuestras vidas, pero no crear\u00e1 nuevas ciudades, sino que animar\u00e1 a mejorar las actuales \u00abpara que las casas sean algo m\u00e1s que dormitorios\u00bb, dice el arquitecto espa\u00f1ol Rafael Moneo, que recibir\u00e1 el pr\u00f3ximo s\u00e1bado el Le\u00f3n de Oro a la carrera en la XVII Bienal de Arquitectura de Venecia. \u00abPuede que la pandemia nos haya llevado a modificar nuestros h\u00e1bitos y nuestras formas de vida, pero no se deduce de esto que nos deba llevar radicalmente a otro tipo de ciudad\u00bb, afirma el ganador del premio Pritzker en 1996. \u00abNos debe animar a construir una ciudad mejor para que en otro confinamiento tengamos m\u00e1s contacto con el exterior y valoremos m\u00e1s nuestras casas, para que sean algo m\u00e1s que dormitorios\u00bb, explica. (Efe)\u00a0<\/p>\n<\/div>\n<div id=\"contenidomensaje_1621418695-9a265aae9ce7671befece069712911a4\" class=\"contenido__mensaje\">\n<h3 style=\"text-align: justify;\">La UE reabre sus fronteras al turismo exterior<\/h3>\n<p style=\"text-align: justify;\">Los Veintisiete han acordado permitir la entrada a los turistas extracomunitarios vacunados, seg\u00fan fuentes comunitarias. El Ejecutivo comunitario lleva semanas discutiendo la medida, que ha sido tomada a partir de los \u00faltimos dict\u00e1menes cient\u00edficos, que muestran que la inmunizaci\u00f3n contra la covid ayuda a romper la cadena de transmisi\u00f3n El alivio de las restricciones para los vacunados con alguno de los medicamentos aprobados por la UE avanza en paralelo al llamado <a href=\"http:\/\/cort.as\/-XHFm\" target=\"_blank\" rel=\"noopener\">certificado verde digital,<\/a> destinado a derribar las restricciones de movimientos de los ciudadanos europeos dentro de la UE. Informa <strong>Guillermo Abril<\/strong>.\u00a0<\/p>\n<p>NOTICIAS ENTRESACADAS DEL PAIS<\/p>\n<\/div>\n<\/div>\n<\/div>\n","protected":false},"excerpt":{"rendered":"<p>Los vacunados con AstraZeneca menores de 60 a\u00f1os recibir\u00e1n una segunda dosis de Pfizer Los&#8230;<\/p>\n","protected":false},"author":1,"featured_media":47351,"comment_status":"closed","ping_status":"closed","sticky":false,"template":"","format":"standard","meta":{"_coblocks_attr":"","_coblocks_dimensions":"","_coblocks_responsive_height":"","_coblocks_accordion_ie_support":"","jetpack_post_was_ever_published":false,"_jetpack_newsletter_access":"","_jetpack_dont_email_post_to_subs":false,"_jetpack_newsletter_tier_id":0,"_jetpack_memberships_contains_paywalled_content":false,"_jetpack_memberships_contains_paid_content":false,"footnotes":"","jetpack_publicize_message":"","jetpack_publicize_feature_enabled":true,"jetpack_social_post_already_shared":false,"jetpack_social_options":{"image_generator_settings":{"template":"highway","default_image_id":0,"enabled":false},"version":2}},"categories":[1161,7149,44,15],"tags":[7021,3572],"class_list":["post-47350","post","type-post","status-publish","format-standard","has-post-thumbnail","hentry","category-ciudadania","category-coronavirus","category-noticias-de-hoy","category-ultimas-noticias","tag-coronavirus","tag-pandemia"],"jetpack_publicize_connections":[],"jetpack_featured_media_url":"https:\/\/i0.wp.com\/miradordeatarfe.es\/wp-content\/uploads\/2021\/05\/Que-es-el-certificado-verde-de-vacunacion-2.jpg?fit=1080%2C720&ssl=1","jetpack_likes_enabled":true,"jetpack_sharing_enabled":true,"_links":{"self":[{"href":"https:\/\/miradordeatarfe.es\/index.php?rest_route=\/wp\/v2\/posts\/47350","targetHints":{"allow":["GET"]}}],"collection":[{"href":"https:\/\/miradordeatarfe.es\/index.php?rest_route=\/wp\/v2\/posts"}],"about":[{"href":"https:\/\/miradordeatarfe.es\/index.php?rest_route=\/wp\/v2\/types\/post"}],"author":[{"embeddable":true,"href":"https:\/\/miradordeatarfe.es\/index.php?rest_route=\/wp\/v2\/users\/1"}],"replies":[{"embeddable":true,"href":"https:\/\/miradordeatarfe.es\/index.php?rest_route=%2Fwp%2Fv2%2Fcomments&post=47350"}],"version-history":[{"count":1,"href":"https:\/\/miradordeatarfe.es\/index.php?rest_route=\/wp\/v2\/posts\/47350\/revisions"}],"predecessor-version":[{"id":47352,"href":"https:\/\/miradordeatarfe.es\/index.php?rest_route=\/wp\/v2\/posts\/47350\/revisions\/47352"}],"wp:featuredmedia":[{"embeddable":true,"href":"https:\/\/miradordeatarfe.es\/index.php?rest_route=\/wp\/v2\/media\/47351"}],"wp:attachment":[{"href":"https:\/\/miradordeatarfe.es\/index.php?rest_route=%2Fwp%2Fv2%2Fmedia&parent=47350"}],"wp:term":[{"taxonomy":"category","embeddable":true,"href":"https:\/\/miradordeatarfe.es\/index.php?rest_route=%2Fwp%2Fv2%2Fcategories&post=47350"},{"taxonomy":"post_tag","embeddable":true,"href":"https:\/\/miradordeatarfe.es\/index.php?rest_route=%2Fwp%2Fv2%2Ftags&post=47350"}],"curies":[{"name":"wp","href":"https:\/\/api.w.org\/{rel}","templated":true}]}}