{"id":47353,"date":"2021-05-21T10:34:20","date_gmt":"2021-05-21T08:34:20","guid":{"rendered":"http:\/\/miradordeatarfe.es\/?p=47353"},"modified":"2021-05-19T13:39:02","modified_gmt":"2021-05-19T11:39:02","slug":"seis-preguntas-con-respuesta-para-entender-la-crisis-sin-precedentes-causada-por-marruecos","status":"publish","type":"post","link":"https:\/\/miradordeatarfe.es\/?p=47353","title":{"rendered":"Seis preguntas con respuesta para entender la crisis sin precedentes causada por Marruecos"},"content":{"rendered":"<header>\n<h3 style=\"text-align: justify;\">El reconocimiento de la soberan\u00eda de Marruecos sobre el S\u00e1hara Occidental por parte de Donald Trump y la acogida en Espa\u00f1a del l\u00edder del Frente Polisario para recibir tratamiento m\u00e9dico han lanzado a Marruecos a provocar de forma premeditada una llegada masiva de migrantes que ha creado una crisis pol\u00edtica y diplom\u00e1tica sin precedentes<\/h3>\n<\/header>\n<div class=\"cnt-multimedia estirar \" style=\"text-align: justify;\">\u00a0<\/div>\n<section class=\"cnt-modulo lst-keywords\"><\/section>\n<div class=\"cnt-izq\">\n<div class=\"cnt-body\">\n<div id=\"cuerpo_noticia_r\" class=\"cuerpo\">\n<p style=\"text-align: justify;\">El reconocimiento de la soberan\u00eda de Marruecos sobre el S\u00e1hara Occidental por parte de Donald Trump, cuando ya hab\u00eda perdido las elecciones de Estados Unidos, y la acogida en Espa\u00f1a del l\u00edder del Frente Polisario para recibir tratamiento m\u00e9dico han lanzado a <strong>Marruecos a provocar de forma premeditada una llegada masiva de migrantes<\/strong> que ha creado una crisis pol\u00edtica y diplom\u00e1tica sin precedentes. Su ministro de Derechos Humanos ha publicado un mensaje en el que se pregunta <strong>\u00ab\u00bfQu\u00e9 esperaba Espa\u00f1a de Marruecos al acoger al l\u00edder de una banda?\u00bb<\/strong> y a\u00f1ade que el precio de subestimar a Marruecos es muy alto.<\/p>\n<h2 class=\"ladillo\" style=\"text-align: justify;\">\u00bfPor qu\u00e9 ha ocurrido esto ahora?<\/h2>\n<p style=\"text-align: justify;\">El 10 de diciembre, cuando ya sabe que no seguir\u00e1 siendo presidente de los Estados Unidos, Donald Trump anuncia por sorpresa el reconocimiento de la soberan\u00eda marroqu\u00ed sobre el S\u00e1hara Occidental. La decisi\u00f3n no tiene repercusiones desde el punto de vista del derecho internacional, pero Rabat ve una oportunidad de generar cambios favorables a sus tesis sobre la antigua provincia espa\u00f1ola, principalmente en la Uni\u00f3n Europea.<\/p>\n<p style=\"text-align: justify;\">Ese mismo d\u00eda se anuncia la cancelaci\u00f3n de la Reuni\u00f3n de Alto Nivel entre Madrid y Rabat prevista para la semana siguiente. La excusa formal es la situaci\u00f3n sanitaria, pero la realidad es que <strong>algo empieza a cambiar en la relaci\u00f3n bilateral<\/strong>. Pocos d\u00edas despu\u00e9s, el primer ministro marroqu\u00ed reivindica en una entrevista televisiva la marroquinidad de Ceuta y Melilla, y compara las dos ciudades espa\u00f1olas con el S\u00e1hara. El Ministerio de Asuntos Exteriores de Espa\u00f1a convoca a la embajadora marroqu\u00ed y pide \u00abrespeto a la soberan\u00eda e integridad territorial de Espa\u00f1a\u00bb.<\/p>\n<h2 class=\"ladillo\" style=\"text-align: justify;\">\u00bfHay otros pa\u00edses enfrentados con Marruecos?<\/h2>\n<p style=\"text-align: justify;\">El objetivo principal de Rabat se centra en <strong>Espa\u00f1a y en Alemania<\/strong>, los dos pa\u00edses de m\u00e1s peso en la Uni\u00f3n, a excepci\u00f3n de <strong>Francia, cuyo apoyo Marruecos da por descontado<\/strong>. Sin embargo, los cambios esperados no llegan, y tanto Madrid como Berl\u00edn mantienen su apoyo a una soluci\u00f3n bilateral para el S\u00e1hara Occidental en el marco de la ONU. Marruecos decide subir la presi\u00f3n.<\/p>\n<p style=\"text-align: justify;\">En Alemania, el detonante fueron asuntos que pueden parecer menores, como la colocaci\u00f3n de una bandera saharaui en una asamblea local de Bremen, o que Marruecos no fuera invitado a una reuni\u00f3n internacional sobre Libia organizada por Berl\u00edn.<\/p>\n<p style=\"text-align: justify;\">En Espa\u00f1a, lo ha sido algo que Marruecos considera mucho m\u00e1s serio: la <strong>asistencia sanitaria a Brahim Ghali<\/strong>, el l\u00edder del Frente Polisario. Rabat ha visto la ocasi\u00f3n para tensar la cuerda y provocar, de forma premeditada y con total descaro, una llegada masiva de migrantes que puede crear una crisis humanitaria y pol\u00edtica de consecuencias impredecibles.<\/p>\n<p style=\"text-align: justify;\">En ambos casos la situaci\u00f3n ha evolucionado hasta provocar la <strong>llamada a consultas de Rabat a sus embajadores en Espa\u00f1a y Alemania<\/strong>, lo que en lenguaje diplom\u00e1tico es la manera de mostrar el malestar con el pa\u00eds anfitri\u00f3n.<\/p>\n<h2 class=\"ladillo\" style=\"text-align: justify;\">\u00bfQui\u00e9n es Brahim Ghali?<\/h2>\n<p style=\"text-align: justify;\">Tras la muerte en 2016 de Mohammed Abdelaziz, hist\u00f3rico l\u00edder del Frente Polisario, Brahim Ghali\u00a0fue elegido Secretario General. Antes hab\u00eda sido Representante en Espa\u00f1a, embajador en Argelia o Ministro de Defensa, puestos de mucha relevancia y fuerte carga pol\u00edtica.<\/p>\n<h2 class=\"ladillo\" style=\"text-align: justify;\">\u00bfPor qu\u00e9 llega a Espa\u00f1a?<\/h2>\n<p style=\"text-align: justify;\">Afectado por el coronavirus, su estado de salud se deteriora de forma alarmante y el pasado mes de abril, desde el gobierno de Argelia, pa\u00eds en el que estaba ingresado, piden la <strong>colaboraci\u00f3n a cuatro pa\u00edses europeos<\/strong> para que acepten el traslado y pueda seguir el tratamiento m\u00e9dico en mejores condiciones. Entre esos pa\u00edses est\u00e1n Italia o Alemania, pero <strong>el primero en aceptar es Espa\u00f1a<\/strong>, que tiene adem\u00e1s fuertes v\u00ednculos comerciales e intereses econ\u00f3micos con Argelia. La decisi\u00f3n se toma con el visto bueno de Moncloa y por motivos humanitarios, seg\u00fan se explica desde el Ministerio de Exteriores.<\/p>\n<p style=\"text-align: justify;\">Un <strong>avi\u00f3n medicalizado le traslada hasta Zaragoza el 18 de abril.<\/strong> Ghali\u00a0entra con su documentaci\u00f3n en regla, un pasaporte diplom\u00e1tico expedido por Argelia, pa\u00eds que facilita documentos de viaje a los saharauis. Desde all\u00ed es <strong>llevado al Hospital de San Pedro de Logro\u00f1o donde ingresa con nombre falso<\/strong> por cuestiones de seguridad y de privacidad.<\/p>\n<h2 class=\"ladillo\" style=\"text-align: justify;\">\u00bfCu\u00e1l es su situaci\u00f3n m\u00e9dica actual?<\/h2>\n<p style=\"text-align: justify;\">Ghali\u00a0ha permanecido intubado en la Unidad de Cuidados Intensivos hasta el pasado fin de semana, cuando fue trasladado a planta y se encuentra \u00aben proceso de recuperaci\u00f3n\u00bb, seg\u00fan fuentes del Polisario.<\/p>\n<h2 class=\"ladillo\" style=\"text-align: justify;\">\u00bfY su situaci\u00f3n judicial?<\/h2>\n<p style=\"text-align: justify;\">Se da la circunstancia de que en la Audiencia Nacional hay una causa abierta en 2020 contra\u00a0Ghali por delitos supuestamente cometidos contra disidentes saharauis en los campos de refugiados de Tinduf (Argelia). <em>Tiene una citaci\u00f3n para declarar el pr\u00f3ximo 1 de junio, pero formalmente no ha sido recibida porque el interesado no la ha firmado.<\/em><\/p>\n<p style=\"text-align: justify;\">La Fiscal\u00eda no aprecia \u00abindicios claros de participaci\u00f3n\u00bb del l\u00edder del Polisario \u00aben las conductas recogidas en la querella\u00bb y ha rechazado imponer medidas cautelares, por lo que en principio no tendr\u00eda que permanecer en nuestro pa\u00eds una vez que reciba el alta m\u00e9dica.<\/p>\n<section class=\"cnt-modulo lst-keywords\">\n<div style=\"text-align: justify;\">\u00a0<\/div>\n<\/section>\n<aside class=\"ssnn estirar\"><\/aside>\n<div class=\"cnt-izq\">\n<div class=\"cnt-metas\">\n<div class=\"autor\"><a href=\"https:\/\/cadenaser.com\/autor\/rafael_panadero_carlavilla\/a\/\">Rafa Panadero<\/a><\/div>\n<p><time datetime=\"2021-05-19\"><abbr title=\"Central European Summer Time\"><\/abbr> <\/time><\/div>\n<div class=\"cnt-include estirar\">https:\/\/cadenaser.com\/ser\/2021\/05\/19\/internacional\/1621421814_305082.html<\/div>\n<\/div>\n<\/div>\n<\/div>\n<\/div>\n","protected":false},"excerpt":{"rendered":"<p>El reconocimiento de la soberan\u00eda de Marruecos sobre el S\u00e1hara Occidental por parte de Donald&#8230;<\/p>\n","protected":false},"author":1,"featured_media":47354,"comment_status":"closed","ping_status":"closed","sticky":false,"template":"","format":"standard","meta":{"_coblocks_attr":"","_coblocks_dimensions":"","_coblocks_responsive_height":"","_coblocks_accordion_ie_support":"","jetpack_post_was_ever_published":false,"_jetpack_newsletter_access":"","_jetpack_dont_email_post_to_subs":false,"_jetpack_newsletter_tier_id":0,"_jetpack_memberships_contains_paywalled_content":false,"_jetpack_memberships_contains_paid_content":false,"footnotes":"","jetpack_publicize_message":"","jetpack_publicize_feature_enabled":true,"jetpack_social_post_already_shared":false,"jetpack_social_options":{"image_generator_settings":{"template":"highway","default_image_id":0,"enabled":false},"version":2}},"categories":[1161,44,7671,6937,15],"tags":[1493],"class_list":["post-47353","post","type-post","status-publish","format-standard","has-post-thumbnail","hentry","category-ciudadania","category-noticias-de-hoy","category-politica","category-sociedad","category-ultimas-noticias","tag-marruecos"],"jetpack_publicize_connections":[],"jetpack_featured_media_url":"https:\/\/i0.wp.com\/miradordeatarfe.es\/wp-content\/uploads\/2021\/05\/marru.jpg?fit=1300%2C868&ssl=1","jetpack_likes_enabled":true,"jetpack_sharing_enabled":true,"_links":{"self":[{"href":"https:\/\/miradordeatarfe.es\/index.php?rest_route=\/wp\/v2\/posts\/47353","targetHints":{"allow":["GET"]}}],"collection":[{"href":"https:\/\/miradordeatarfe.es\/index.php?rest_route=\/wp\/v2\/posts"}],"about":[{"href":"https:\/\/miradordeatarfe.es\/index.php?rest_route=\/wp\/v2\/types\/post"}],"author":[{"embeddable":true,"href":"https:\/\/miradordeatarfe.es\/index.php?rest_route=\/wp\/v2\/users\/1"}],"replies":[{"embeddable":true,"href":"https:\/\/miradordeatarfe.es\/index.php?rest_route=%2Fwp%2Fv2%2Fcomments&post=47353"}],"version-history":[{"count":1,"href":"https:\/\/miradordeatarfe.es\/index.php?rest_route=\/wp\/v2\/posts\/47353\/revisions"}],"predecessor-version":[{"id":47355,"href":"https:\/\/miradordeatarfe.es\/index.php?rest_route=\/wp\/v2\/posts\/47353\/revisions\/47355"}],"wp:featuredmedia":[{"embeddable":true,"href":"https:\/\/miradordeatarfe.es\/index.php?rest_route=\/wp\/v2\/media\/47354"}],"wp:attachment":[{"href":"https:\/\/miradordeatarfe.es\/index.php?rest_route=%2Fwp%2Fv2%2Fmedia&parent=47353"}],"wp:term":[{"taxonomy":"category","embeddable":true,"href":"https:\/\/miradordeatarfe.es\/index.php?rest_route=%2Fwp%2Fv2%2Fcategories&post=47353"},{"taxonomy":"post_tag","embeddable":true,"href":"https:\/\/miradordeatarfe.es\/index.php?rest_route=%2Fwp%2Fv2%2Ftags&post=47353"}],"curies":[{"name":"wp","href":"https:\/\/api.w.org\/{rel}","templated":true}]}}