{"id":47357,"date":"2021-05-21T09:38:54","date_gmt":"2021-05-21T07:38:54","guid":{"rendered":"http:\/\/miradordeatarfe.es\/?p=47357"},"modified":"2021-05-20T16:45:47","modified_gmt":"2021-05-20T14:45:47","slug":"gloria-steinem-premio-princesa-de-asturias-2021","status":"publish","type":"post","link":"https:\/\/miradordeatarfe.es\/?p=47357","title":{"rendered":"GLORIA STEINEM :PREMIO PRINCESA DE ASTURIAS 2021"},"content":{"rendered":"<div class=\"c-header\">\n<div class=\"news-header\">\n<h3 class=\"title\" style=\"text-align: justify;\">Gloria Steinem, la periodista feminista que convirti\u00f3 su aborto en un art\u00edculo y que hizo del movimiento un fen\u00f3meno popular<\/h3>\n<ul class=\"footer\" style=\"text-align: justify;\">\n<li>Steinem, una leyenda viva del feminismo, ha defendido siempre un movimiento incluyente e interseccional.<\/li>\n<\/ul>\n<\/div>\n<\/div>\n<div class=\"c-subheader\" style=\"text-align: justify;\">\n<div class=\"author-pill-wrapper\">\n<footer class=\"cmp-featured-signature-component\">\n<div class=\"featured-signature-component\">\n<div class=\"featured-data\">\n<div>\u00a0<\/div>\n<\/div>\n<\/div>\n<\/footer>\n<\/div>\n<footer class=\"rs-pill\">\n<div class=\"cmp-pill\">\n<div class=\"title1-pill\">\u00a0<\/div>\n<\/div>\n<\/footer>\n<\/div>\n<div class=\"content-container col-12 col-lg-8\">\n<div class=\"c-content\">\n<div class=\"partner-wrapper opening\" style=\"text-align: justify;\">\n<div class=\"second-col\">\n<figure class=\"ni-figure\"><picture class=\"news-image\"><source srcset=\"https:\/\/static.eldiario.es\/clip\/fcb5b69b-769a-4893-a14f-60ac676bc444_16-9-discover-aspect-ratio_50p_0.jpg\" media=\"(max-width: 576px)\" \/><source srcset=\"https:\/\/static.eldiario.es\/clip\/fcb5b69b-769a-4893-a14f-60ac676bc444_16-9-discover-aspect-ratio_75p_0.jpg\" media=\"(max-width: 768px)\" \/><source srcset=\"https:\/\/static.eldiario.es\/clip\/fcb5b69b-769a-4893-a14f-60ac676bc444_16-9-discover-aspect-ratio_default_0.jpg\" media=\"(min-width: 769px)\" \/><img data-recalc-dims=\"1\" decoding=\"async\" src=\"https:\/\/i0.wp.com\/static.eldiario.es\/clip\/fcb5b69b-769a-4893-a14f-60ac676bc444_16-9-discover-aspect-ratio_default_0.jpg?w=640&#038;ssl=1\" alt=\"La escritora feminista Gloria Steinem habla en mayo de 2011 durante una charla en Se\u00fal\" \/><\/picture><figcaption class=\"image-footer\"><span class=\"title\">La escritora feminista Gloria Steinem habla en mayo de 2011 durante una charla en Se\u00fal\u00a0<span class=\"author\">EFE\/JEON HEON-KYUN<\/span><\/span><\/figcaption><\/figure>\n<\/div>\n<footer class=\"news-info\">\n<div class=\"info-wrapper\">\n<div class=\"date-comments-wrapper\">Dec\u00eda Gloria Steinem que hab\u00eda tenido que esperar muchos a\u00f1os a que nacieran sus mejores amigas. Era la frase con la que mostraba su entusiasmo por el rejuvenecimiento y la efervescencia del feminismo contempor\u00e1neo. Ella, que forj\u00f3 su carrera como periodista y escritora en el Estados Unidos de los a\u00f1os 60 \u2013otro momento hist\u00f3rico de gran exposici\u00f3n para el feminismo\u2013, reconoc\u00eda as\u00ed los logros y las ideas de las generaciones m\u00e1s j\u00f3venes. Que este mi\u00e9rcoles un jurado haya decidido concederle el Premio Princesa de Asturias de Comunicaci\u00f3n y Humanidades 2021 puede ser le\u00eddo como otro de los signos de los tiempos que vivimos: raros, oscuros muchas veces, pero tambi\u00e9n llenos de impulsos por profundizar cambios sociales que heredamos de las m\u00e1s mayores.<\/div>\n<\/div>\n<\/footer>\n<\/div>\n<div class=\"partner-wrapper article-page__body-row \">\n<div class=\"second-col\">\n<p class=\"article-text\" style=\"text-align: justify;\">De Gloria Steinem pueden decirse muchas cosas: que fue una de las primeras periodistas feministas (y orgullosa de serlo) de la modernidad, que combin\u00f3 su reporterismo y su escritura con un activismo que enriqueci\u00f3 sus textos con nuevos enfoques y aportaciones, o que es una de las leyendas vivas del feminismo, aunque el piropo suene un poco rimbombante.<\/p>\n<div class=\"edi-advertising ad__no-dotted ad__no-legend ad-desktop-intext\" style=\"text-align: justify;\">\n<div class=\"advertising-wrapper ad__no-dotted ad__no-legend ad-desktop-intext\">\n<div id=\"10_mediumRectangle\" class=\"advertising\" data-google-query-id=\"CMv73qW-2PACFVBDHQkdb3QP8w\">\n<div id=\"google_ads_iframe_\/123333327\/eldiario.es\/noticia_intext_0__container__\">Steinem (Ohio, 1934) escribi\u00f3 desde Nueva York para distintas publicaciones como Esquire o Cosmopolitan y cofund\u00f3 New York Magazine. Su &#8216;perspectiva de g\u00e9nero&#8217; la llev\u00f3, al comienzo de su carrera, a trabajar en el Club Playboy de la ciudad para escribir sobre las condiciones laborales de las mujeres que all\u00ed trabajaban. Fue en el New York Magazine donde public\u00f3 en 1969 uno de sus art\u00edculos m\u00e1s emblem\u00e1ticos, que contribuy\u00f3 a impulsar su figura: \u00abDespu\u00e9s del poder negro, la liberaci\u00f3n de las mujeres\u00bb. En 1972 fund\u00f3, junto a otras periodista, la publicaci\u00f3n Ms, la primera revista feminista, creada y dirigida por mujeres. Su primera tirada se agot\u00f3 en apenas una semana, un reflejo de esa inquietud feminista que lat\u00eda fuerte en la sociedad norteamericana de entonces.<\/div>\n<\/div>\n<\/div>\n<\/div>\n<blockquote class=\"quote\">\n<div class=\"quote-wrapper\">\n<p class=\"quote-text\"><em>El Premio Princesa de Asturias puede ser le\u00eddo como otro de los signos de los tiempos que vivimos: oscuros pero tambi\u00e9n llenos de impulsos por profundizar cambios sociales que heredamos de las m\u00e1s mayores<\/em><\/p>\n<\/div>\n<\/blockquote>\n<p class=\"article-text\" style=\"text-align: justify;\">La escritora, que interrumpi\u00f3 voluntariamente un embarazo en la clandestinidad cuando era joven, hizo periodismo de su aborto. Su testimonio fue uno de los primeros que sirvi\u00f3 para quebrar el silencio y la doble moral al respecto y obtuvo mucha repercusi\u00f3n. M\u00e1s tarde, Steinem dedic\u00f3 su libro &#8216;Mi vida en la carretera&#8217; (publicado en Espa\u00f1a por Alpha Decay) al m\u00e9dico que le practic\u00f3 aquel aborto. La dedicatoria reza as\u00ed:<\/p>\n<p class=\"article-text\" style=\"text-align: justify;\">\u00abEste libro est\u00e1 dedicado al doctor John Sharpe, m\u00e9dico londinense que en 1957, una d\u00e9cada antes de que en Inglaterra fuese legal practicar abortos salvo en el supuesto de que la mujer corriera peligro, asumi\u00f3 el considerable riesgo de ayudar a una estadounidense de 22 a\u00f1os que iba camino de la India. Sin saber nada aparte de que la chica hab\u00eda roto un compromiso en su tierra para salir en busca de un destino incierto, le dijo: &#8216;Tienes que prometerme dos cosas. Primero, que no le dar\u00e1s mi nombre a nadie. Segundo, que har\u00e1s con tu vida lo que te apetezca&#8217;. Mi querido doctor Sharpe (&#8230;): lo he hecho lo mejor que he podido\u00bb.<\/p>\n<blockquote class=\"quote\">\n<div class=\"quote-wrapper\">\n<p class=\"quote-text\">La legalizaci\u00f3n del aborto fue una de las banderas que Steinem agit\u00f3 con fuerza: \u00abEs nuestro Vietnam\u00bb.\u00a0<\/p>\n<\/div>\n<\/blockquote>\n<figure style=\"text-align: justify;\"><picture class=\"news-image\"><source srcset=\"https:\/\/static.eldiario.es\/clip\/dfed669c-c271-4f45-b624-4551af823ba9_16-9-aspect-ratio_50p_0.jpg\" media=\"(max-width: 576px)\" data-srcset=\"https:\/\/static.eldiario.es\/clip\/dfed669c-c271-4f45-b624-4551af823ba9_16-9-aspect-ratio_50p_0.jpg\" \/><source srcset=\"https:\/\/static.eldiario.es\/clip\/dfed669c-c271-4f45-b624-4551af823ba9_16-9-aspect-ratio_75p_0.jpg\" media=\"(max-width: 768px)\" data-srcset=\"https:\/\/static.eldiario.es\/clip\/dfed669c-c271-4f45-b624-4551af823ba9_16-9-aspect-ratio_75p_0.jpg\" \/><source srcset=\"https:\/\/static.eldiario.es\/clip\/dfed669c-c271-4f45-b624-4551af823ba9_16-9-aspect-ratio_default_0.jpg\" media=\"(min-width: 769px)\" data-srcset=\"https:\/\/static.eldiario.es\/clip\/dfed669c-c271-4f45-b624-4551af823ba9_16-9-aspect-ratio_default_0.jpg\" \/><img decoding=\"async\" class=\"lazy entered loaded\" src=\"data:;base64,<svg xmlns='http:\/\/www.w3.org\/2000\/svg' viewBox='0 0 880 495'\/>\u00bb alt=\u00bb\u00bb data-ll-status=\u00bbloaded\u00bb \/><\/picture><figcaption class=\"image-footer\"><span class=\"title\">Gloria Steinem y Dorothy Pitman Hughes en los sesenta<\/span><\/figcaption><\/figure>\n<p class=\"article-text\" style=\"text-align: justify;\">La legalizaci\u00f3n del aborto fue una de las banderas que Steinem agit\u00f3 con fuerza. \u00abEs nuestro Vietnam\u00bb, dice su personaje en la serie\u00a0<em>Mrs America<\/em>, de HBO, que narra la batalla del feminismo norteamericano en los a\u00f1os 70 para aprobar la Enmienda de Igualdad de Derechos en todo EEUU. En ese batalla Gloria Steinem es uno de los personajes principales, como l\u00edder p\u00fablica pero tambi\u00e9n como estratega que hablaba con dem\u00f3cratas y republicanos para acercarlos a sus objetivos. Sus textos pero tambi\u00e9n sus discursos, sus apariciones p\u00fablicas y sus frases audaces la convirtieron en una figura popular con gran poder de convocatoria.<\/p>\n<p class=\"article-text\" style=\"text-align: justify;\">El feminismo de la \u00e9poca no estaba exento de disputas y controversias. Desde la relaci\u00f3n con el movimiento antirracista a la pol\u00e9mica sobre los derechos de las las mujeres lesbianas y su inclusi\u00f3n en el feminismo. Steinem ha abogado siempre por un feminismo incluyente y por lo que ahora llamar\u00edamos &#8216;interseccionalidad&#8217;.\u00a0<a class=\"link\" href=\"https:\/\/www.eldiario.es\/cultura\/entrevistas\/gloria-steinem-esperar-nacieran-mejores_128_3849932.html\" target=\"_blank\" rel=\"noopener\">En una entrevista con elDiario.es en 2016<\/a>\u00a0dec\u00eda: \u00abLas mujeres siempre han sido de segunda categor\u00eda pero es much\u00edsimo peor para las mujeres de una casta inferior o de otra raza, por ejemplo en India o las mujeres afroamericanas\u00bb. Sus ideas chocaron en ocasiones con las de otra grande del feminismo del momento, Betty Friedan, la autora de la &#8216;La m\u00edstica de la feminidad&#8217;. La altura de su pensamiento la coloca a\u00fan hoy entre lo m\u00e1s granado de la intelectualidad estadounidese.<\/p>\n<blockquote class=\"quote\">\n<div class=\"quote-wrapper\">\n<p class=\"quote-text\"><em>La altura de su pensamiento la coloca entre lo m\u00e1s granado de la intelectualidad estadounidese, pero eso no la libr\u00f3 de los ataques machistas y el paternalismo<\/em><\/p>\n<\/div>\n<\/blockquote>\n<p class=\"article-text\" style=\"text-align: justify;\">Y no, Gloria Steinem no se libr\u00f3 de los ataques machistas, del paternalismo o de la condescendencia de sus propios compa\u00f1eros de oficio, periodistas y escritores. El muy venerado Gay Talese trat\u00f3 de desmerecerla refiri\u00e9ndose a ella como \u00abla chica guapa de la temporada\u00bb. Aunque una cosa est\u00e1 clara: su pelo largo y sus gafas de sol gruesas son para el feminismo lo que para la m\u00fasica es la boca con la lengua abierta de los Rolling Stone.<\/p>\n<p class=\"article-text\" style=\"text-align: justify;\">Todas (y todos) tenemos mucho que agradecer a Gloria (ahora la llamo por su nombre de pila, es algo que hacemos las fans), pero especialmente las periodistas y escritoras que tienen \u2013tenemos\u2013 en ella un ejemplo vivo de compromiso intelectual, periodis\u00edtico, literario y feminista. Recuerdo varias conversaciones con colegas (hombres) de profesi\u00f3n que no sab\u00edan qui\u00e9n era Steinem. Quiz\u00e1 ahora, despu\u00e9s de este reconocimiento, sepan qui\u00e9n es ella y, entonces, tambi\u00e9n comprendan mejor qui\u00e9nes somos nosotras.<\/p>\n<p>https:\/\/www.eldiario.es\/cultura\/gloria-steinem-periodista-feminista-convirtio-aborto-articulo-hizo-movimiento-fenomeno-popular_1_7949695.html<\/p>\n<\/div>\n<\/div>\n<\/div>\n<\/div>\n","protected":false},"excerpt":{"rendered":"<p>Gloria Steinem, la periodista feminista que convirti\u00f3 su aborto en un art\u00edculo y que hizo&#8230;<\/p>\n","protected":false},"author":1,"featured_media":47358,"comment_status":"closed","ping_status":"closed","sticky":false,"template":"","format":"standard","meta":{"_coblocks_attr":"","_coblocks_dimensions":"","_coblocks_responsive_height":"","_coblocks_accordion_ie_support":"","jetpack_post_was_ever_published":false,"_jetpack_newsletter_access":"","_jetpack_dont_email_post_to_subs":false,"_jetpack_newsletter_tier_id":0,"_jetpack_memberships_contains_paywalled_content":false,"_jetpack_memberships_contains_paid_content":false,"footnotes":"","jetpack_publicize_message":"","jetpack_publicize_feature_enabled":true,"jetpack_social_post_already_shared":false,"jetpack_social_options":{"image_generator_settings":{"template":"highway","default_image_id":0,"enabled":false},"version":2}},"categories":[1161,44,7671,6937,15,10],"tags":[431,704],"class_list":["post-47357","post","type-post","status-publish","format-standard","has-post-thumbnail","hentry","category-ciudadania","category-noticias-de-hoy","category-politica","category-sociedad","category-ultimas-noticias","category-salud","tag-aborto","tag-premio-princesa-de-asturias"],"jetpack_publicize_connections":[],"jetpack_featured_media_url":"https:\/\/i0.wp.com\/miradordeatarfe.es\/wp-content\/uploads\/2021\/05\/facebook_1621520544788_6801150107089613301-1.jpg?fit=1073%2C1073&ssl=1","jetpack_likes_enabled":true,"jetpack_sharing_enabled":true,"_links":{"self":[{"href":"https:\/\/miradordeatarfe.es\/index.php?rest_route=\/wp\/v2\/posts\/47357","targetHints":{"allow":["GET"]}}],"collection":[{"href":"https:\/\/miradordeatarfe.es\/index.php?rest_route=\/wp\/v2\/posts"}],"about":[{"href":"https:\/\/miradordeatarfe.es\/index.php?rest_route=\/wp\/v2\/types\/post"}],"author":[{"embeddable":true,"href":"https:\/\/miradordeatarfe.es\/index.php?rest_route=\/wp\/v2\/users\/1"}],"replies":[{"embeddable":true,"href":"https:\/\/miradordeatarfe.es\/index.php?rest_route=%2Fwp%2Fv2%2Fcomments&post=47357"}],"version-history":[{"count":1,"href":"https:\/\/miradordeatarfe.es\/index.php?rest_route=\/wp\/v2\/posts\/47357\/revisions"}],"predecessor-version":[{"id":47359,"href":"https:\/\/miradordeatarfe.es\/index.php?rest_route=\/wp\/v2\/posts\/47357\/revisions\/47359"}],"wp:featuredmedia":[{"embeddable":true,"href":"https:\/\/miradordeatarfe.es\/index.php?rest_route=\/wp\/v2\/media\/47358"}],"wp:attachment":[{"href":"https:\/\/miradordeatarfe.es\/index.php?rest_route=%2Fwp%2Fv2%2Fmedia&parent=47357"}],"wp:term":[{"taxonomy":"category","embeddable":true,"href":"https:\/\/miradordeatarfe.es\/index.php?rest_route=%2Fwp%2Fv2%2Fcategories&post=47357"},{"taxonomy":"post_tag","embeddable":true,"href":"https:\/\/miradordeatarfe.es\/index.php?rest_route=%2Fwp%2Fv2%2Ftags&post=47357"}],"curies":[{"name":"wp","href":"https:\/\/api.w.org\/{rel}","templated":true}]}}