{"id":4736,"date":"2015-11-27T07:13:28","date_gmt":"2015-11-27T07:13:28","guid":{"rendered":"http:\/\/miradordeatarfe.es\/?p=4736"},"modified":"2015-11-29T17:31:50","modified_gmt":"2015-11-29T17:31:50","slug":"y-el-crimen-fue-en-granada-en-su-granada-hablando-del-asesinato-de-federico-garcia-lorca","status":"publish","type":"post","link":"https:\/\/miradordeatarfe.es\/?p=4736","title":{"rendered":"Y EL CRIMEN FUE EN GRANADA EN SU GRANADA (Hablando del asesinato de Federico Garc\u00eda Lorca)"},"content":{"rendered":"<p>Corr\u00edan los inicios del verano del a\u00f1o 1936, cuando un grupo de militares llevan a cabo un golpe militar, con el fin de derribar el gobierno democr\u00e1tico surgido de las urnas\u2026; el golpe no triunfa y comienza el que ha sido uno de los peores episodios sin lugar a dudas de nuestro pa\u00eds, la guerra civil espa\u00f1ola.<!--more--><\/p>\n<p>Cuando esto ocurre, el joven escritor y poeta Federico Garc\u00eda Lorca, por ser un destacada defensor de cuestiones como la libertad o la igualdad, huye de la capital de Espa\u00f1a hasta su tierra, la ciudad de Granada, creyendo que all\u00ed lejos de los grandes poderes del pa\u00eds, y bajo la protecci\u00f3n de su familia, que era de clase acomodada, no tendr\u00eda peligro alguno.<\/p>\n<p><a href=\"https:\/\/i0.wp.com\/miradordeatarfe.es\/wp-content\/uploads\/2015\/11\/1310569913996.jpg?ssl=1\"><img data-recalc-dims=\"1\" loading=\"lazy\" decoding=\"async\" class=\"alignnone wp-image-4737\" src=\"https:\/\/i0.wp.com\/miradordeatarfe.es\/wp-content\/uploads\/2015\/11\/1310569913996.jpg?resize=290%2C163&#038;ssl=1\" alt=\"1310569913996\" width=\"290\" height=\"163\" srcset=\"https:\/\/i0.wp.com\/miradordeatarfe.es\/wp-content\/uploads\/2015\/11\/1310569913996.jpg?w=1600&amp;ssl=1 1600w, https:\/\/i0.wp.com\/miradordeatarfe.es\/wp-content\/uploads\/2015\/11\/1310569913996.jpg?resize=300%2C169&amp;ssl=1 300w, https:\/\/i0.wp.com\/miradordeatarfe.es\/wp-content\/uploads\/2015\/11\/1310569913996.jpg?resize=1024%2C576&amp;ssl=1 1024w, https:\/\/i0.wp.com\/miradordeatarfe.es\/wp-content\/uploads\/2015\/11\/1310569913996.jpg?resize=600%2C338&amp;ssl=1 600w, https:\/\/i0.wp.com\/miradordeatarfe.es\/wp-content\/uploads\/2015\/11\/1310569913996.jpg?w=1280&amp;ssl=1 1280w\" sizes=\"auto, (max-width: 290px) 100vw, 290px\" \/><\/a><\/p>\n<p>As\u00ed pues el poeta se refugia en la casita de descanso y recreo que su familia tiene a las afueras de Granada en plena vega del r\u00edo Genil; denominada la huerta de San Vicente.<\/p>\n<p><a href=\"https:\/\/i0.wp.com\/miradordeatarfe.es\/wp-content\/uploads\/2015\/11\/LORE.jpg?ssl=1\"><img data-recalc-dims=\"1\" loading=\"lazy\" decoding=\"async\" class=\"alignnone size-full wp-image-4738\" src=\"https:\/\/i0.wp.com\/miradordeatarfe.es\/wp-content\/uploads\/2015\/11\/LORE.jpg?resize=276%2C183&#038;ssl=1\" alt=\"LORE\" width=\"276\" height=\"183\" \/><\/a><\/p>\n<p>Pero la burgues\u00eda granadina, alineada con los golpistas tiene como objetivo detener al poeta; dec\u00eda de \u00e9ste que hac\u00eda m\u00e1s da\u00f1o con la pluma, que un ej\u00e9rcito entero con las armas; y el poeta con su absoluta libertad y genialidad, supon\u00eda una diana perfecta de todo aquello que m\u00e1s odiaban.<\/p>\n<p>Garc\u00eda Lorca hab\u00eda dicho en varias ocasiones, que \u201cla peor burgues\u00eda de Espa\u00f1a era la de Granada\u201d; esto unido a que varias familias importantes de la vega granadina se hab\u00eda sentido identificadas con los personajes de las obras literarias de \u201cla casa de Bernarda Alba\u201d y de \u201cDo\u00f1a Rosita la soltera\u201d; lo hac\u00edan objeto de todas las iras\u2026<\/p>\n<p>As\u00ed pues alertado por amigos de la familia, Garc\u00eda Lorca decide salir de la casa del huerto de San Vicente, y refugiarse en la casa de la familia de los Rosales, amigos de toda la vida, personas relevantes en Granada y miembros de Falange pensando que nadie sospechar\u00eda que aqu\u00ed se escond\u00eda.<\/p>\n<p>Pero al poco acudi\u00f3 hasta la casa Ram\u00f3n Ruiz Alonso, activista derechista y ejecutor de la denuncia contra el poeta.<\/p>\n<p><a href=\"https:\/\/i0.wp.com\/miradordeatarfe.es\/wp-content\/uploads\/2015\/11\/IMG_8980.jpg?ssl=1\"><img data-recalc-dims=\"1\" loading=\"lazy\" decoding=\"async\" class=\"alignnone size-full wp-image-4739\" src=\"https:\/\/i0.wp.com\/miradordeatarfe.es\/wp-content\/uploads\/2015\/11\/IMG_8980.jpg?resize=280%2C210&#038;ssl=1\" alt=\"IMG_8980\" width=\"280\" height=\"210\" \/><\/a><\/p>\n<p>El corpulento fascista lleg\u00f3 a la casa, cuando s\u00f3lo se encuentran en la misma la madre de los Rosales, y el poeta.<\/p>\n<p>En un primer momento Ruiz Alonso ante el hecho de que la interlocutora es una mujer mayor, desiste en sus pretensiones y sale de la casa; mientras tanto Garc\u00eda Lorca ya ha escuchado lo conversado y observado desde la ventana el movimiento de polic\u00edas en las rodal\u00edas de la casa.<\/p>\n<p><a href=\"https:\/\/i0.wp.com\/miradordeatarfe.es\/wp-content\/uploads\/2015\/11\/Federico_Garcia_Lorca.jp_Huerta_San_Vicente.jpg?ssl=1\"><img data-recalc-dims=\"1\" loading=\"lazy\" decoding=\"async\" class=\"alignnone wp-image-4740\" src=\"https:\/\/i0.wp.com\/miradordeatarfe.es\/wp-content\/uploads\/2015\/11\/Federico_Garcia_Lorca.jp_Huerta_San_Vicente.jpg?resize=188%2C274&#038;ssl=1\" alt=\"Federico_Garcia_Lorca.jp_Huerta_San_Vicente\" width=\"188\" height=\"274\" srcset=\"https:\/\/i0.wp.com\/miradordeatarfe.es\/wp-content\/uploads\/2015\/11\/Federico_Garcia_Lorca.jp_Huerta_San_Vicente.jpg?w=330&amp;ssl=1 330w, https:\/\/i0.wp.com\/miradordeatarfe.es\/wp-content\/uploads\/2015\/11\/Federico_Garcia_Lorca.jp_Huerta_San_Vicente.jpg?resize=206%2C300&amp;ssl=1 206w\" sizes=\"auto, (max-width: 188px) 100vw, 188px\" \/><\/a><\/p>\n<p>As\u00ed pues decide vestirse y entregarse, para as\u00ed no meter en ning\u00fan l\u00edo a los Rosales; al poco regresan a la casa de nuevo Ruiz de Alonso y Miguel Rosales; (el amigo que proteg\u00eda a Garc\u00eda Lorca); entienden que la detenci\u00f3n es irremediable y el poeta sale de la casa en direcci\u00f3n al Gobierno Civil.<\/p>\n<p>&nbsp;<\/p>\n<p><a href=\"https:\/\/i0.wp.com\/miradordeatarfe.es\/wp-content\/uploads\/2015\/11\/gobcivil.jpg?ssl=1\"><img data-recalc-dims=\"1\" loading=\"lazy\" decoding=\"async\" class=\"alignnone wp-image-4741\" src=\"https:\/\/i0.wp.com\/miradordeatarfe.es\/wp-content\/uploads\/2015\/11\/gobcivil.jpg?resize=229%2C232&#038;ssl=1\" alt=\"gobcivil\" width=\"229\" height=\"232\" srcset=\"https:\/\/i0.wp.com\/miradordeatarfe.es\/wp-content\/uploads\/2015\/11\/gobcivil.jpg?w=445&amp;ssl=1 445w, https:\/\/i0.wp.com\/miradordeatarfe.es\/wp-content\/uploads\/2015\/11\/gobcivil.jpg?resize=297%2C300&amp;ssl=1 297w\" sizes=\"auto, (max-width: 229px) 100vw, 229px\" \/><\/a><\/p>\n<p style=\"text-align: justify;\">Miguel Rosales explica a la madre que va a acompa\u00f1ar al falangista y al poeta, para ver cu\u00e1l es el problema, aludiendo a que seguramente s\u00f3lo querr\u00e1n hacerle unas preguntas.<\/p>\n<p style=\"text-align: justify;\">Federico se despidi\u00f3 con un abrazo de la familia que lo hab\u00eda acogido, dici\u00e9ndoles: \u201cno os doy la mano, porque no quiero que pens\u00e9is que no nos vamos a ver otra vez\u2026\u201d<\/p>\n<p style=\"text-align: justify;\"><a href=\"https:\/\/i0.wp.com\/miradordeatarfe.es\/wp-content\/uploads\/2015\/11\/Estatua_Garc_a_Lorca_2.jpg?ssl=1\"><img data-recalc-dims=\"1\" loading=\"lazy\" decoding=\"async\" class=\"alignnone size-full wp-image-4742\" src=\"https:\/\/i0.wp.com\/miradordeatarfe.es\/wp-content\/uploads\/2015\/11\/Estatua_Garc_a_Lorca_2.jpg?resize=280%2C210&#038;ssl=1\" alt=\"Estatua_Garc_a_Lorca_2\" width=\"280\" height=\"210\" \/><\/a><\/p>\n<p style=\"text-align: justify;\">Garc\u00eda Lorca march\u00f3 de la casa, vistiendo pantal\u00f3n gris oscuro, una camisa blanca con el nudo de la corbata suelto, y americana al brazo.<\/p>\n<p style=\"text-align: justify;\">Llegan a la sede del Gobierno Civil y hace de Gobernador Civil provisional el guardia civil jubilado de nombre Nicol\u00e1s Velasco Simarro, ya que el Gobernador Civil, el Sr Jos\u00e9 Vald\u00e9s Guzm\u00e1n se encuentra en una operaci\u00f3n militar por la comarca de la Alpujarra.<\/p>\n<p style=\"text-align: justify;\">As\u00ed pues y tras cachear al poeta, lo encierran en una habitaci\u00f3n del primer piso de las dependencias; su amigo Miguel Rosales, trata de tranquilizarlo aludiendo a que har\u00e1 todo lo posible por liberarlo.<\/p>\n<p style=\"text-align: justify;\">Tras salir de all\u00ed Miguel trata de ponerse en contacto con el resto de sus hermanos y mover sus contactos dentro de Falange para tratar de liberar a Federico.<\/p>\n<p style=\"text-align: justify;\"><a href=\"https:\/\/i0.wp.com\/miradordeatarfe.es\/wp-content\/uploads\/2015\/11\/IMG_7371.jpg?ssl=1\"><img data-recalc-dims=\"1\" loading=\"lazy\" decoding=\"async\" class=\"alignnone size-full wp-image-4743\" src=\"https:\/\/i0.wp.com\/miradordeatarfe.es\/wp-content\/uploads\/2015\/11\/IMG_7371.jpg?resize=280%2C210&#038;ssl=1\" alt=\"IMG_7371\" width=\"280\" height=\"210\" \/><\/a><\/p>\n<p style=\"text-align: justify;\">Pero esto se convert\u00eda en arduo imposible porque el Gobernador no estaba.<\/p>\n<p style=\"text-align: justify;\">Eso s\u00ed Miguel Rosales hizo una declaraci\u00f3n en el propio Gobierno Civil, contando que un tal Ruiz Alonso, hab\u00eda ido hasta su casa, siendo ellos una familia falangista, para detener a su hu\u00e9sped, sin una orden escrita ni oral. Como su tono era alto, de repente alguien le espet\u00f3: \u201c<em>ese Ruiz de Alonso soy yo<\/em>\u201d.<\/p>\n<p style=\"text-align: justify;\">A lo que Rosales recrimin\u00f3: <em>\u201c\u00bfpor qu\u00e9 te has presentado en casa de hombres de Falange, sin una orden y has retirado a mi amigo?<\/em>\u201d<\/p>\n<p style=\"text-align: justify;\">A lo que Ruiz Alonso contest\u00f3: \u201c<em>bajo mi \u00fanica responsabilidad<\/em>\u201d.<\/p>\n<p style=\"text-align: justify;\">Horas despu\u00e9s\u00a0 Rosales acudi\u00f3 de nuevo a la sede del Gobierno Civil, sab\u00eda que ya estaba all\u00ed el Gobernador; en un primer momento varios soldados le impidieron el paso, pero al fin pudo hablar de t\u00fa a t\u00fa con el Gobernador Civil de Granada.<\/p>\n<p style=\"text-align: justify;\"><a href=\"https:\/\/i0.wp.com\/miradordeatarfe.es\/wp-content\/uploads\/2015\/11\/IMG_9059.jpg?ssl=1\"><img data-recalc-dims=\"1\" loading=\"lazy\" decoding=\"async\" class=\"alignnone size-full wp-image-4744\" src=\"https:\/\/i0.wp.com\/miradordeatarfe.es\/wp-content\/uploads\/2015\/11\/IMG_9059.jpg?resize=280%2C210&#038;ssl=1\" alt=\"IMG_9059\" width=\"280\" height=\"210\" \/><\/a><\/p>\n<p style=\"text-align: justify;\">Cuando Rosales le expuso los acontecimientos, el Gobernador aludi\u00f3 a que ten\u00eda una denuncia en relaci\u00f3n a Garc\u00eda Lorca; denuncia en la que se dec\u00eda que: \u201c<em>Garc\u00eda Lorca era un escritor subversivo; que ten\u00eda una radio clandestina en la Huerta de San Vicente con la cual estaba en contacto con los rusos; que era homosexual; que hab\u00eda sido secretario de Fernando de los R\u00edos (Pol\u00edtico Socialista)<\/em>\u201d.<\/p>\n<p style=\"text-align: justify;\">Tras leer la denuncia el Gobernador dijo que no pod\u00eda liberar al Poeta, pues ten\u00eda que investigar lo denunciado, pero que estuviese tranquilo, que nada le pasar\u00eda.<\/p>\n<p style=\"text-align: justify;\">As\u00ed pues Rosales, antes de abandonar el edificio de Gobernaci\u00f3n, pas\u00f3 a la habitaci\u00f3n donde estaba recluido Federico; y le dio su palabra de que vendr\u00eda a por \u00e9l, en poco tiempo\u2026; pero la verdad es que ya nunca m\u00e1s lo volver\u00eda a ver.<\/p>\n<p style=\"text-align: justify;\">Al otro d\u00eda Rosales, obtuvo del Gobernador Militar de Granada, el Coronel Antonio Gonz\u00e1lez Espinosa una orden para liberar al poeta; as\u00ed pues raudo corri\u00f3 hasta Gobernaci\u00f3n.<\/p>\n<p><a href=\"https:\/\/i0.wp.com\/miradordeatarfe.es\/wp-content\/uploads\/2015\/11\/IMG_7494.jpg?ssl=1\"><img data-recalc-dims=\"1\" loading=\"lazy\" decoding=\"async\" class=\"alignnone size-full wp-image-4745\" src=\"https:\/\/i0.wp.com\/miradordeatarfe.es\/wp-content\/uploads\/2015\/11\/IMG_7494.jpg?resize=280%2C210&#038;ssl=1\" alt=\"IMG_7494\" width=\"280\" height=\"210\" \/><\/a><\/p>\n<p style=\"text-align: justify;\">El Gobernador Civil, se puso furioso ante tal orden, y dijo a Rosales, que llegaba tarde; que el poeta ya no estaba en aquellas dependencias\u2026; realmente Vald\u00e9s minti\u00f3 a Rosales para quit\u00e1rselo de encima, Garc\u00eda Lorca segu\u00eda en aquella habitaci\u00f3n, sin m\u00e1s mobiliario que una mesa y una silla.<\/p>\n<p style=\"text-align: justify;\">Los Rosales en ese momento adem\u00e1s comenzaron a preparar su propia defensa, pues comenzaban a ser inc\u00f3modos al poder instaurado, y pod\u00edan ir contra ellos en cualquier momento.<\/p>\n<p style=\"text-align: justify;\">Jos\u00e9 Vald\u00e9s Guzm\u00e1n, el Gobernador Civil de Granada, era descrito como un fan\u00e1tico perseguidor de \u201crojos\u201d; sab\u00eda de la fama de Garc\u00eda Lorca, y entend\u00eda que el ajusticiamiento de \u00e9ste a sus \u00f3rdenes le pondr\u00eda en la palestra de los h\u00e9roes de la nueva Espa\u00f1a\u2026; pero antes de tomar la decisi\u00f3n llam\u00f3 al general Queipo de Llano; el cual desde Sevilla, dirig\u00eda la estrategia del bando fascista en el sur de la Pen\u00ednsula. A la pregunta de Vald\u00e9s de qu\u00e9 hacer con Garc\u00eda Lorca, Queipo espet\u00f3: \u201c<em>a Garc\u00eda Lorca hay que darle caf\u00e9, mucho caf\u00e9\u2026<\/em>\u201d; era la particular expresi\u00f3n que utilizaba para ordenar ejecuciones.<\/p>\n<p><a href=\"https:\/\/i0.wp.com\/miradordeatarfe.es\/wp-content\/uploads\/2015\/11\/IMG_7411.jpg?ssl=1\"><img data-recalc-dims=\"1\" loading=\"lazy\" decoding=\"async\" class=\"alignnone size-full wp-image-4746\" src=\"https:\/\/i0.wp.com\/miradordeatarfe.es\/wp-content\/uploads\/2015\/11\/IMG_7411.jpg?resize=280%2C210&#038;ssl=1\" alt=\"IMG_7411\" width=\"280\" height=\"210\" \/><\/a><\/p>\n<p>&nbsp;<\/p>\n<p>As\u00ed pues Vald\u00e9s ya ten\u00eda el camino expedito para el fatal desenlace. La aquiescencia y orden velada de Queipo de Llano, m\u00e1s los pensamientos que Vald\u00e9s ten\u00eda hacia Garc\u00eda Lorca, que lo consideraba, \u201cun rojo asqueroso, con vida privada repugnante y y obra escrita subversiva\u2026\u201d hicieron el resto.<\/p>\n<p>As\u00ed pues la noche del 18 de agosto, del a\u00f1o 1936, Garc\u00eda Lorca fue sacado del edificio de la Gobernaci\u00f3n Civil de Granada, iba esposado, con otro detenido, un maestro que llevaba una pata de palo, de nombre Di\u00f3scoro Galindo Garc\u00eda, oriundo de un pueblo de Valladolid, y que ejerc\u00eda como maestro de primaria en Pulianas (Granada), el Secretario de este pueblo lo hab\u00eda denunciado por \u201cferviente republicano y enemigo de la Espa\u00f1a nacional\u201d.<\/p>\n<p>Al salir a la calle, un joven m\u00fasico reconoci\u00f3 a Garc\u00eda Lorca, se trataba de Ricardo Rodr\u00edguez Jim\u00e9nez; al cual unos a\u00f1os antes, Garc\u00eda Lorca hab\u00eda regalo un viol\u00edn; \u00e9ste espet\u00f3 a los militares y falangistas que acompa\u00f1aban a la comitiva: \u201c<em>criminales vais a matar a un genio, a un genio criminales\u2026<\/em>\u201d; eso le supuso una paliza y la detenci\u00f3n.<\/p>\n<p>Garc\u00eda Lorca y Galindo Garc\u00eda, fueron trasladados a las afueras de Granada, a lo que se llamaba Villa Concha, entre las poblaciones de Alfacar y V\u00edznar, a un edificio en mitad del campo y rodeado de monta\u00f1as, donde durante la Rep\u00fablica pasaban los veranos los ni\u00f1os pobres de Granada, de ah\u00ed que por la zona, denominasen al lugar las Colonias.<\/p>\n<p>Aquel edificio pas\u00f3, de ser un lugar de recreo, asueto y diversi\u00f3n, a ser la \u00faltima morada de miles de personas asesinadas, simplemente por pensar distinto\u2026<\/p>\n<p><a href=\"https:\/\/i0.wp.com\/miradordeatarfe.es\/wp-content\/uploads\/2015\/11\/IMG_9177.jpg?ssl=1\"><img data-recalc-dims=\"1\" loading=\"lazy\" decoding=\"async\" class=\"alignnone size-full wp-image-4748\" src=\"https:\/\/i0.wp.com\/miradordeatarfe.es\/wp-content\/uploads\/2015\/11\/IMG_9177.jpg?resize=280%2C210&#038;ssl=1\" alt=\"IMG_9177\" width=\"280\" height=\"210\" \/><\/a><\/p>\n<p>Poco se sabe en relaci\u00f3n al tiempo que el genio estuvo en el edificio de las colonias, hay informaciones contrariadas aludiendo a que quiso confesar, y as\u00ed mismo en relaci\u00f3n a que fue insultado y torturado\u2026<\/p>\n<p>A eso de las cuatro de la ma\u00f1ana; fueron subidos a un cami\u00f3n: Garc\u00eda Lorca, el maestro de Pulianas, y dos banderilleros granadinos, Joaqu\u00edn Arcollas Cabeza y Francisco Galad\u00ed Melgar; militantes anarquistas que cual grito en el desierto, hab\u00edan pedido al Gobierno Republicano, armas para defenderse del zarpazo fascista.<\/p>\n<p>El cami\u00f3n puso su siniestra marcha en direcci\u00f3n a Alfacar, y al poco en una abrupta curva, junto a un viejo olivar, cerca de la fuente que los \u00e1rabes llamaban de las l\u00e1grimas, alumbrados con las luces del cami\u00f3n ; los verdugos realizaron sendos disparos para segar la vida del maestro, de los banderilleros, y del genio Garc\u00eda Lorca.<\/p>\n<p><a href=\"https:\/\/i0.wp.com\/miradordeatarfe.es\/wp-content\/uploads\/2015\/11\/monolito-a-federico-en-el-parque-a-garcia-lorca.jpg?ssl=1\"><img data-recalc-dims=\"1\" loading=\"lazy\" decoding=\"async\" class=\"alignnone size-full wp-image-4749\" src=\"https:\/\/i0.wp.com\/miradordeatarfe.es\/wp-content\/uploads\/2015\/11\/monolito-a-federico-en-el-parque-a-garcia-lorca.jpg?resize=400%2C300&#038;ssl=1\" alt=\"monolito-a-federico-en-el-parque-a-garcia-lorca\" width=\"400\" height=\"300\" srcset=\"https:\/\/i0.wp.com\/miradordeatarfe.es\/wp-content\/uploads\/2015\/11\/monolito-a-federico-en-el-parque-a-garcia-lorca.jpg?w=400&amp;ssl=1 400w, https:\/\/i0.wp.com\/miradordeatarfe.es\/wp-content\/uploads\/2015\/11\/monolito-a-federico-en-el-parque-a-garcia-lorca.jpg?resize=300%2C225&amp;ssl=1 300w\" sizes=\"auto, (max-width: 400px) 100vw, 400px\" \/><\/a><\/p>\n<p>All\u00ed estaba un joven de dieciocho a\u00f1os, al que apodaban Manolo el comunista, el cual era el encargado de dar sepultura a los fusilados, la fosa ya estaba preparada, enseguida reconoci\u00f3 a los banderilleros, y luego dir\u00eda que en aquella estrecha fosa, hab\u00eda sepultado tambi\u00e9n uno encima de otro, \u201ca un se\u00f1or que ten\u00eda una pierna de madera (el maestro de Pulianas), y a otro se\u00f1or que gastaba una corbata de lazo, de esas que usan los artistas\u2026\u201d<\/p>\n<p>En aquellas horas la luna inspiradora tantas veces de Garc\u00eda Lorca, en su cuarto creciente, ya se hab\u00eda escondido por Sierra Elvira, pero seguro que antes de expirar Garc\u00eda Lorca mir\u00f3 hacia el Mulhac\u00e9n (el m\u00e1s alto), y siendo conocedor de su destino, suspirar\u00eda tranquilo pensando que su pluma se parar\u00eda en ese instante, pero que su obra ser\u00eda universal, sobreviviendo a pistolas y ca\u00f1ones\u2026 la poes\u00eda, el teatro y la prosa, no murieron en aquel alba de agosto, de hecho en ese momento los asesinos, convirtieron la escritura de Garc\u00eda Lorca, en inmortal.<\/p>\n<p><a href=\"https:\/\/i0.wp.com\/miradordeatarfe.es\/wp-content\/uploads\/2015\/11\/IMG_8990.jpg?ssl=1\"><img data-recalc-dims=\"1\" loading=\"lazy\" decoding=\"async\" class=\"alignnone size-full wp-image-4750\" src=\"https:\/\/i0.wp.com\/miradordeatarfe.es\/wp-content\/uploads\/2015\/11\/IMG_8990.jpg?resize=280%2C210&#038;ssl=1\" alt=\"IMG_8990\" width=\"280\" height=\"210\" \/><\/a><\/p>\n<p>Al otro d\u00eda Juan Luis Trescastros Medina, casado con una prima lejana del padre del poeta, dijo con orgullo por las calles de Granada, que hab\u00eda participado en la muerte del Poeta, y que adem\u00e1s: \u201cle hemos metido dos tiros por el culo por maric\u00f3n\u2026\u201d.<\/p>\n<p>Que mejor que acabar este post, con el poema que el gran Antonio Machado escribiera por estos acontecimientos, porque todo esto hab\u00eda ocurrido en Granada, en su Granada. FINEM<\/p>\n<p>&nbsp;<\/p>\n<p>EL CRIMEN FUE EN GRANADA: A FEDERICO GARC\u00cdA LORCA<\/p>\n<ol>\n<li><em> El crimen<\/em><\/li>\n<\/ol>\n<p>Se le vio, caminando entre fusiles,<br \/>\npor una calle larga,<br \/>\nsalir al campo fr\u00edo,<br \/>\na\u00fan con estrellas de la madrugada.<br \/>\nMataron a Federico<br \/>\ncuando la luz asomaba.<br \/>\nEl pelot\u00f3n de verdugos<br \/>\nno os\u00f3 mirarle la cara.<br \/>\nTodos cerraron los ojos;<br \/>\nrezaron: \u00a1ni Dios te salva!<br \/>\nMuerto cay\u00f3 Federico<br \/>\n\u2014sangre en la frente y plomo en las entra\u00f1as\u2014<br \/>\n&#8230; Que fue en Granada el crimen<br \/>\nsabed \u2014\u00a1pobre Granada!\u2014, en su Granada.<\/p>\n<ol start=\"2\">\n<li><em> El poeta y la muerte<\/em><\/li>\n<\/ol>\n<p>Se le vio caminar solo con Ella,<br \/>\nsin miedo a su guada\u00f1a.<br \/>\n\u2014Ya el sol en torre y torre, los martillos<br \/>\nen yunque\u2014 yunque y yunque de las fraguas.<br \/>\nHablaba Federico,<br \/>\nrequebrando a la muerte. Ella escuchaba.<br \/>\n\u00abPorque ayer en mi verso, compa\u00f1era,<br \/>\nsonaba el golpe de tus secas palmas,<br \/>\ny diste el hielo a mi cantar, y el filo<br \/>\na mi tragedia de tu hoz de plata,<br \/>\nte cantar\u00e9 la carne que no tienes,<br \/>\nlos ojos que te faltan,<br \/>\ntus cabellos que el viento sacud\u00eda,<br \/>\nlos rojos labios donde te besaban&#8230;<br \/>\nHoy como ayer, gitana, muerte m\u00eda,<br \/>\nqu\u00e9 bien contigo a solas,<br \/>\npor estos aires de Granada, \u00a1mi Granada!\u00bb<\/p>\n<ol start=\"3\">\n<li>Se le vio caminar&#8230;<\/li>\n<\/ol>\n<p>Labrad, amigos,<br \/>\nde piedra y sue\u00f1o en el Alhambra,<br \/>\nun t\u00famulo al poeta,<br \/>\nsobre una fuente donde llore el agua,<br \/>\ny eternamente diga:<br \/>\nel crimen fue en Granada, \u00a1en su Granada!<\/p>\n<p><a href=\"https:\/\/i0.wp.com\/miradordeatarfe.es\/wp-content\/uploads\/2015\/11\/firma0am.gif?ssl=1\"><img data-recalc-dims=\"1\" loading=\"lazy\" decoding=\"async\" class=\"alignnone size-full wp-image-4752\" src=\"https:\/\/i0.wp.com\/miradordeatarfe.es\/wp-content\/uploads\/2015\/11\/firma0am.gif?resize=338%2C107&#038;ssl=1\" alt=\"firma0am\" width=\"338\" height=\"107\" \/><\/a><\/p>\n<p><a href=\"https:\/\/www.blogger.com\/profile\/04703190523992809998\"> \u00d3scar Pardo de la Salud. <\/a> en <a href=\"http:\/\/blogdeoscarpardodelasalud.blogspot.com.es\/2015\/11\/y-el-crimen-fue-en-granada-en-su.html?m=1\">18:39 http:\/\/blogdeoscarpardodelasalud.blogspot.com.es\/2015\/11\/y-el-crimen-fue-en-granada-en-su.html?m=1<\/a><\/p>\n","protected":false},"excerpt":{"rendered":"<p>Corr\u00edan los inicios del verano del a\u00f1o 1936, cuando un grupo de militares llevan a&#8230;<\/p>\n","protected":false},"author":1,"featured_media":4754,"comment_status":"closed","ping_status":"closed","sticky":false,"template":"","format":"standard","meta":{"_coblocks_attr":"","_coblocks_dimensions":"","_coblocks_responsive_height":"","_coblocks_accordion_ie_support":"","jetpack_post_was_ever_published":false,"_jetpack_newsletter_access":"","_jetpack_dont_email_post_to_subs":false,"_jetpack_newsletter_tier_id":0,"_jetpack_memberships_contains_paywalled_content":false,"_jetpack_memberships_contains_paid_content":false,"footnotes":"","jetpack_publicize_message":"","jetpack_publicize_feature_enabled":true,"jetpack_social_post_already_shared":false,"jetpack_social_options":{"image_generator_settings":{"template":"highway","default_image_id":0,"enabled":false},"version":2}},"categories":[12,1161,15],"tags":[490,1692,798,820,1693],"class_list":["post-4736","post","type-post","status-publish","format-standard","has-post-thumbnail","hentry","category-cultura","category-ciudadania","category-ultimas-noticias","tag-asesinato","tag-falange","tag-federico-ga-lorca","tag-muerte","tag-rosales"],"jetpack_publicize_connections":[],"jetpack_featured_media_url":"https:\/\/i0.wp.com\/miradordeatarfe.es\/wp-content\/uploads\/2015\/11\/lorca_8167643401.jpg?fit=566%2C395&ssl=1","jetpack_likes_enabled":true,"jetpack_sharing_enabled":true,"_links":{"self":[{"href":"https:\/\/miradordeatarfe.es\/index.php?rest_route=\/wp\/v2\/posts\/4736","targetHints":{"allow":["GET"]}}],"collection":[{"href":"https:\/\/miradordeatarfe.es\/index.php?rest_route=\/wp\/v2\/posts"}],"about":[{"href":"https:\/\/miradordeatarfe.es\/index.php?rest_route=\/wp\/v2\/types\/post"}],"author":[{"embeddable":true,"href":"https:\/\/miradordeatarfe.es\/index.php?rest_route=\/wp\/v2\/users\/1"}],"replies":[{"embeddable":true,"href":"https:\/\/miradordeatarfe.es\/index.php?rest_route=%2Fwp%2Fv2%2Fcomments&post=4736"}],"version-history":[{"count":3,"href":"https:\/\/miradordeatarfe.es\/index.php?rest_route=\/wp\/v2\/posts\/4736\/revisions"}],"predecessor-version":[{"id":4756,"href":"https:\/\/miradordeatarfe.es\/index.php?rest_route=\/wp\/v2\/posts\/4736\/revisions\/4756"}],"wp:featuredmedia":[{"embeddable":true,"href":"https:\/\/miradordeatarfe.es\/index.php?rest_route=\/wp\/v2\/media\/4754"}],"wp:attachment":[{"href":"https:\/\/miradordeatarfe.es\/index.php?rest_route=%2Fwp%2Fv2%2Fmedia&parent=4736"}],"wp:term":[{"taxonomy":"category","embeddable":true,"href":"https:\/\/miradordeatarfe.es\/index.php?rest_route=%2Fwp%2Fv2%2Fcategories&post=4736"},{"taxonomy":"post_tag","embeddable":true,"href":"https:\/\/miradordeatarfe.es\/index.php?rest_route=%2Fwp%2Fv2%2Ftags&post=4736"}],"curies":[{"name":"wp","href":"https:\/\/api.w.org\/{rel}","templated":true}]}}