{"id":47360,"date":"2021-05-24T10:57:49","date_gmt":"2021-05-24T08:57:49","guid":{"rendered":"http:\/\/miradordeatarfe.es\/?p=47360"},"modified":"2021-05-20T17:25:39","modified_gmt":"2021-05-20T15:25:39","slug":"nueva-ley-de-infancia-que-cambia-a-partir-de-ahora","status":"publish","type":"post","link":"https:\/\/miradordeatarfe.es\/?p=47360","title":{"rendered":"Nueva ley de Infancia, \u00bfqu\u00e9 cambia a partir de ahora?"},"content":{"rendered":"<h3 class=\"subtitulo\" style=\"text-align: justify;\">La directora de la C\u00e1tedra de Derechos del Ni\u00f1o de Comillas ICADE, que particip\u00f3 en el origen del documento, explica las principales claves de la Ley Org\u00e1nica de Protecci\u00f3n Integral de la Infancia y la Adolescencia frente a la Violencia que se aprueba definitivamente hoy<\/h3>\n<p style=\"text-align: justify;\"><strong>Ha tardado 11 a\u00f1os en ver la luz,<\/strong>\u00a0pero por fin hoy, 20 de mayo, se aprueba definitivamente la\u00a0<a href=\"https:\/\/www.abc.es\/familia\/padres-hijos\/abci-ley-proteccion-infancia-innovadora-nivel-mundial-esta-cada-mas-cerca-202104121126_noticia.html\" target=\"_blank\" rel=\"nofollow noopener\" data-voc-vtm-id=\"in-text-traffic\">Ley Org\u00e1nica de Protecci\u00f3n Integral de la Infancia y la Adolescencia frente a la Violencia<\/a>. Se aprueba en el Congreso de los Diputados y de ah\u00ed tendr\u00e1 que ser publicada en el BOE. Ya no hay m\u00e1s tr\u00e1mites. En pocos d\u00edas, algunos expertos aseguran que este mismo lunes, empezar\u00e1 a funcionar. Pero, \u00bfen qu\u00e9 consiste exactamente? \u00bfQu\u00e9 supone esta ley para los ni\u00f1os a partir de ahora?<\/p>\n<p style=\"text-align: justify;\">Clara Mart\u00ednez, directora de la C\u00e1tedra de Derechos del Ni\u00f1o de Comillas ICADE y participante activa en los or\u00edgenes del documento, asegura que esta ley permite combatir la violencia sobre la infancia y la adolescencia\u00a0<strong>desde una perspectiva integral y hol\u00edstica<\/strong>\u00a0mediante mecanismos de prevenci\u00f3n, detecci\u00f3n precoz, asistencia y reintegraci\u00f3n de derechos vulnerados de los menores. \u00abNo es que antes los ni\u00f1os no estuvieran protegidos, lo que ocurre es que hab\u00eda muchas medidas sueltas de protecci\u00f3n y ahora se hace de manera integral\u00bb.<\/p>\n<div id=\"_wmass_6118950000000041\" style=\"text-align: justify;\">\n<div id=\"jw-0004100041\" class=\"St_jw-0004100041\">\n<div class=\"wm-wrapper\">\n<div class=\"wm-publi\">A\u00f1ade que hasta ahora, al menor se le atend\u00eda cuando ya hab\u00eda sufrido la violencia, del tipo que fuera, y se pon\u00eda el foco en el agresor, <em>mientras que actualmente priman las medidas de prevenci\u00f3n para garantizar los derechos\u00a0<\/em>en la infancia y evitar el da\u00f1o en todos los \u00e1mbitos en los que est\u00e1n presentes los ni\u00f1os: el educativo, deportivo, sanitario, familiar, en los centros de menores, en internet, la televisi\u00f3n&#8230; \u00abEs decir, se trata de no llegar tarde y atender al peque\u00f1o cuando ya ha sufrido un da\u00f1o,\u00a0<strong>sino de evitar que sea agredido<\/strong>\u00bb.<\/div>\n<\/div>\n<\/div>\n<\/div>\n<aside class=\"roba-intercalado sin-fondo layer_inpage\">\n<div id=\"google_ads_iframe_\/4900\/vocento.abc\/familia\/padres-hijos_0__container__\"><iframe id=\"google_ads_iframe_\/4900\/vocento.abc\/familia\/padres-hijos_0\" title=\"3rd party ad content\" name=\"google_ads_iframe_\/4900\/vocento.abc\/familia\/padres-hijos_0\" width=\"1\" height=\"1\" frameborder=\"0\" marginwidth=\"0\" marginheight=\"0\" scrolling=\"no\" data-google-container-id=\"1\" data-load-complete=\"true\" data-mce-fragment=\"1\"><\/iframe><\/div>\n<\/aside>\n<h3 class=\"ladillo\" style=\"text-align: justify;\">Coordinador de bienestar en los colegios<\/h3>\n<p style=\"text-align: justify;\">Dentro de estas medidas preventivas destaca la creaci\u00f3n de un\u00a0<strong>Coordinador de Bienestar y Protecci\u00f3n<\/strong>\u00a0en cada uno de estos \u00e1mbitos en los que est\u00e1n los ni\u00f1os. \u00abEsta nueva figura profesional recibir\u00e1 la formaci\u00f3n pertinente para ocuparse de canalizar cualquier caso de agresi\u00f3n hacia la infancia, lograr un buen trato, fomentar la resoluci\u00f3n pac\u00edfica del conflicto, acompa\u00f1amiento del ni\u00f1o en su proceso de recuperaci\u00f3n de la agresi\u00f3n&#8230; Estar\u00e1 presente en todos los centros escolares, ya sean p\u00fablicos, concertados o privados, seg\u00fan se estipule en cada comunidad aut\u00f3noma. Desde los centros tambi\u00e9n podr\u00e1 detectar la violencia familiar en el caso de aquellos ni\u00f1os que lleguen a las aulas con se\u00f1ales de sospecha. De igual modo, en los centros deportivos se dispondr\u00e1 de la figura del Delegado de Protecci\u00f3n\u00bb.<\/p>\n<p style=\"text-align: justify;\">La directora de esta c\u00e1tedra apunta que en los centros de menores no se ha definido ninguna figura de referencia de este tipo, \u00abpero ser\u00eda muy conveniente para\u00a0<strong>evitar casos como los que ya han pasado de explotaci\u00f3n sexual de los ni\u00f1os m\u00e1s vulnerables<\/strong>, sobre todo de las ni\u00f1as\u00bb.<\/p>\n<h3 class=\"ladillo\" style=\"text-align: justify;\">Or\u00edgenes<\/h3>\n<p style=\"text-align: justify;\">Para conocer los or\u00edgenes de esta nueva ley hay que remontarse a 2010. \u00abEn ese a\u00f1o \u2014explica Clara Mart\u00ednez\u2014 se lleva a cabo el examen peri\u00f3dico que realiza el Comit\u00e9 de los Derechos del Ni\u00f1o a cargo de un grupo de expertos de Naciones Unidas. Este comit\u00e9 no tiene fuerza suficiente para obligar a una determinada actuaci\u00f3n, pero ya en aquella fecha recomend\u00f3 a Espa\u00f1a crear una ley equivalente a la que exist\u00eda en violencia de g\u00e9nero, pero digirida a los ni\u00f1os\u00bb.<\/p>\n<p style=\"text-align: justify;\">Recuerda que en<strong>\u00a02014 se organiz\u00f3 una Subcomisi\u00f3n en el Congreso\u00a0<\/strong>de los diputados para estudiar este cometido y se empez\u00f3 a trabajar en \u00e9l. \u00abLo que ocurre es que la infancia no era una prioridad en la agenda pol\u00edtica y fue la sociedad civil la que se moviliz\u00f3 para alcanzar dicha ley. En aquel momento, en ICADE C\u00e1tedra de Derechos del Ni\u00f1o de Comillas organizamos grupos de trabajo para poder entregar a los pol\u00edticos informes necesarios y que los pudieran incluir en sus programas electorales. Celebramos incluso un congreso internacional para analizar los problemas que m\u00e1s da\u00f1an a la infancia\u00bb.<\/p>\n<p style=\"text-align: justify;\">M\u00e1s tarde, en 2017, se consigue una Proposici\u00f3n no de Ley por unanimidad y se crea la Ley de Violencia contra la Infancia,\u00a0<strong>pero la moci\u00f3n de censura<\/strong>\u00a0dio de nuevo al trate con este objetivo de aprobaci\u00f3n.<\/p>\n<p style=\"text-align: justify;\">El 28 de abril de 2021, el Bolet\u00edn Oficial de las Cortes Generales public\u00f3 el Proyecto de Ley Org\u00e1nica de protecci\u00f3n integral a la infancia y la adolescencia frente a la violencia, aprobado por el Pleno del Congreso de los Diputados y\u00a0<strong>el texto contin\u00fa\u00f3 su tramitaci\u00f3n parlamentaria en el Senado\u00a0<\/strong>hasta su aprobaci\u00f3n definitiva .<\/p>\n<p><strong><a class=\"nombre\" title=\"Laura Peraita\" href=\"https:\/\/www.abc.es\/autor\/laura-peraita-1341\/\">Laura Peraita<\/a><\/strong><\/p>\n<p>https:\/\/www.abc.es\/familia\/padres-hijos\/abci-nueva-ley-infancia-cambia-partir-202105200139_noticia.html<\/p>\n","protected":false},"excerpt":{"rendered":"<p>La directora de la C\u00e1tedra de Derechos del Ni\u00f1o de Comillas ICADE, que particip\u00f3 en&#8230;<\/p>\n","protected":false},"author":1,"featured_media":47361,"comment_status":"closed","ping_status":"closed","sticky":false,"template":"","format":"standard","meta":{"_coblocks_attr":"","_coblocks_dimensions":"","_coblocks_responsive_height":"","_coblocks_accordion_ie_support":"","jetpack_post_was_ever_published":false,"_jetpack_newsletter_access":"","_jetpack_dont_email_post_to_subs":false,"_jetpack_newsletter_tier_id":0,"_jetpack_memberships_contains_paywalled_content":false,"_jetpack_memberships_contains_paid_content":false,"footnotes":"","jetpack_publicize_message":"","jetpack_publicize_feature_enabled":true,"jetpack_social_post_already_shared":false,"jetpack_social_options":{"image_generator_settings":{"template":"highway","default_image_id":0,"enabled":false},"version":2}},"categories":[1161,44,7671,6937,15],"tags":[8323],"class_list":["post-47360","post","type-post","status-publish","format-standard","has-post-thumbnail","hentry","category-ciudadania","category-noticias-de-hoy","category-politica","category-sociedad","category-ultimas-noticias","tag-ley-de-infancia"],"jetpack_publicize_connections":[],"jetpack_featured_media_url":"https:\/\/i0.wp.com\/miradordeatarfe.es\/wp-content\/uploads\/2021\/05\/infancia.jpg?fit=768%2C576&ssl=1","jetpack_likes_enabled":true,"jetpack_sharing_enabled":true,"_links":{"self":[{"href":"https:\/\/miradordeatarfe.es\/index.php?rest_route=\/wp\/v2\/posts\/47360","targetHints":{"allow":["GET"]}}],"collection":[{"href":"https:\/\/miradordeatarfe.es\/index.php?rest_route=\/wp\/v2\/posts"}],"about":[{"href":"https:\/\/miradordeatarfe.es\/index.php?rest_route=\/wp\/v2\/types\/post"}],"author":[{"embeddable":true,"href":"https:\/\/miradordeatarfe.es\/index.php?rest_route=\/wp\/v2\/users\/1"}],"replies":[{"embeddable":true,"href":"https:\/\/miradordeatarfe.es\/index.php?rest_route=%2Fwp%2Fv2%2Fcomments&post=47360"}],"version-history":[{"count":1,"href":"https:\/\/miradordeatarfe.es\/index.php?rest_route=\/wp\/v2\/posts\/47360\/revisions"}],"predecessor-version":[{"id":47362,"href":"https:\/\/miradordeatarfe.es\/index.php?rest_route=\/wp\/v2\/posts\/47360\/revisions\/47362"}],"wp:featuredmedia":[{"embeddable":true,"href":"https:\/\/miradordeatarfe.es\/index.php?rest_route=\/wp\/v2\/media\/47361"}],"wp:attachment":[{"href":"https:\/\/miradordeatarfe.es\/index.php?rest_route=%2Fwp%2Fv2%2Fmedia&parent=47360"}],"wp:term":[{"taxonomy":"category","embeddable":true,"href":"https:\/\/miradordeatarfe.es\/index.php?rest_route=%2Fwp%2Fv2%2Fcategories&post=47360"},{"taxonomy":"post_tag","embeddable":true,"href":"https:\/\/miradordeatarfe.es\/index.php?rest_route=%2Fwp%2Fv2%2Ftags&post=47360"}],"curies":[{"name":"wp","href":"https:\/\/api.w.org\/{rel}","templated":true}]}}