{"id":47363,"date":"2021-05-23T11:35:18","date_gmt":"2021-05-23T09:35:18","guid":{"rendered":"http:\/\/miradordeatarfe.es\/?p=47363"},"modified":"2023-10-21T18:55:11","modified_gmt":"2023-10-21T16:55:11","slug":"mercaderes-artesanos-y-ulemas-nuevo-libro-sobre-madinat-ilbira-por-jose-enrique-granados","status":"publish","type":"post","link":"https:\/\/miradordeatarfe.es\/?p=47363","title":{"rendered":"\u00abMERCADERES, ARTESANOS Y ULEMAS\u00bb Nuevo libro sobre Madinat Ilbira por Jos\u00e9 Enrique Granados"},"content":{"rendered":"<div class=\"kvgmc6g5 cxmmr5t8 oygrvhab hcukyx3x c1et5uql ii04i59q\">\n<h3 dir=\"auto\" style=\"text-align: justify;\">Hace unos d\u00edas adquir\u00ed el libro titulado \u201cMercaderes, Artesanos y Ulemas: las ciudades de las coras de Ilbira y Pechina en la \u00e9poca Omeya\u201d del doctor en Historia Medieval Eneko L\u00f3pez Mart\u00ednez de Marigorta.<\/h3>\n<div dir=\"auto\" style=\"text-align: justify;\">\u00a0<\/div>\n<\/div>\n<div class=\"o9v6fnle cxmmr5t8 oygrvhab hcukyx3x c1et5uql ii04i59q\" style=\"text-align: justify;\">\n<div dir=\"auto\">El autor con el fin de analizar los modelos de desarrollo urbano de la \u00e9poca omeya se centra en la zona del sur que m\u00e1s directamente controlaba, la Cora de Ilbira, una circunscripci\u00f3n andalus\u00ed que coincid\u00eda, aproximadamente, con las actuales provincias de Granada y Almer\u00eda.<\/div>\n<div dir=\"auto\">\u00a0<\/div>\n<div dir=\"auto\">A comienzos del siglo IV \/X, la comarca iliberritana se dividi\u00f3 en dos coras, la de Ilb\u012bra y la de Pechina, de modo que, a partir de entonces, estudia ambas circunscripciones. \u201cLas razones para la adopci\u00f3n del citado marco geogr\u00e1fico han sido tres.<\/div>\n<div dir=\"auto\">\u00a0<\/div>\n<div dir=\"auto\">En primer lugar, los autores \u00e1rabes apuntan a que la hacienda omeya tuvo un temprano conocimiento de las materias primas que pod\u00eda obtener en el campo de la cora de Ilb\u012bra. Gracias a ello, el registro textual ofrece la oportunidad de conocer la influencia que el sistema tributario tuvo en el origen de las ciudades de la comarca.<\/div>\n<div dir=\"auto\">\u00a0<\/div>\n<div dir=\"auto\">En segundo lugar, el florecimiento urbano de la cora fue particularmente r\u00e1pido y cont\u00f3 con diversas ciudades construidas ex novo, cuyo estudio permite se\u00f1alar algunas de las din\u00e1micas que posteriormente se extender\u00edan al resto de al-\u00c1ndalus.<\/div>\n<div dir=\"auto\">\u00a0<\/div>\n<div dir=\"auto\">En tercer lugar, el marco geogr\u00e1fico iliberritano y pechinero estuvo formado por una zona interior y otra litoral, existiendo ciudades en ambas, por lo que su examen comparado es de gran inter\u00e9s, siendo posible analizar el influjo de la ubicaci\u00f3n en la creaci\u00f3n y evoluci\u00f3n de cada n\u00facleo urbano. La zona costera, por ejemplo, ten\u00eda una fluida comunicaci\u00f3n mar\u00edtima con el resto de la D\u0101r al-Isl\u0101m, con el consiguiente est\u00edmulo a los intercambios y la especializaci\u00f3n productiva\u201d.<\/div>\n<div dir=\"auto\">\u00a0<\/div>\n<\/div>\n<div class=\"o9v6fnle cxmmr5t8 oygrvhab hcukyx3x c1et5uql ii04i59q\" style=\"text-align: justify;\">\n<div dir=\"auto\">He tenido tiempo solo de hojearlo, pero creo que nos puede aportar bastante para desentra\u00f1ar y aprender algo m\u00e1s de nuestra historia.<\/div>\n<div dir=\"auto\"><a href=\"https:\/\/i0.wp.com\/miradordeatarfe.es\/wp-content\/uploads\/2021\/05\/186513802_155783849888439_8352481998941456845_n.jpg?ssl=1\"><img data-recalc-dims=\"1\" loading=\"lazy\" decoding=\"async\" class=\"alignnone wp-image-47364 size-full\" src=\"https:\/\/i0.wp.com\/miradordeatarfe.es\/wp-content\/uploads\/2021\/05\/186513802_155783849888439_8352481998941456845_n.jpg?resize=640%2C855&#038;ssl=1\" alt=\"\" width=\"640\" height=\"855\" srcset=\"https:\/\/i0.wp.com\/miradordeatarfe.es\/wp-content\/uploads\/2021\/05\/186513802_155783849888439_8352481998941456845_n.jpg?w=1533&amp;ssl=1 1533w, https:\/\/i0.wp.com\/miradordeatarfe.es\/wp-content\/uploads\/2021\/05\/186513802_155783849888439_8352481998941456845_n.jpg?resize=225%2C300&amp;ssl=1 225w, https:\/\/i0.wp.com\/miradordeatarfe.es\/wp-content\/uploads\/2021\/05\/186513802_155783849888439_8352481998941456845_n.jpg?resize=767%2C1024&amp;ssl=1 767w, https:\/\/i0.wp.com\/miradordeatarfe.es\/wp-content\/uploads\/2021\/05\/186513802_155783849888439_8352481998941456845_n.jpg?resize=768%2C1026&amp;ssl=1 768w, https:\/\/i0.wp.com\/miradordeatarfe.es\/wp-content\/uploads\/2021\/05\/186513802_155783849888439_8352481998941456845_n.jpg?resize=1150%2C1536&amp;ssl=1 1150w, https:\/\/i0.wp.com\/miradordeatarfe.es\/wp-content\/uploads\/2021\/05\/186513802_155783849888439_8352481998941456845_n.jpg?resize=1320%2C1763&amp;ssl=1 1320w\" sizes=\"auto, (max-width: 640px) 100vw, 640px\" \/><\/a><\/div>\n<\/div>\n<div class=\"o9v6fnle cxmmr5t8 oygrvhab hcukyx3x c1et5uql ii04i59q\">\n<div dir=\"auto\" style=\"text-align: justify;\">Curiosidades elvirenses<\/div>\n<\/div>\n","protected":false},"excerpt":{"rendered":"<p>Hace unos d\u00edas adquir\u00ed el libro titulado \u201cMercaderes, Artesanos y Ulemas: las ciudades de las&#8230;<\/p>\n","protected":false},"author":1,"featured_media":47365,"comment_status":"closed","ping_status":"closed","sticky":false,"template":"","format":"standard","meta":{"_coblocks_attr":"","_coblocks_dimensions":"","_coblocks_responsive_height":"","_coblocks_accordion_ie_support":"","jetpack_post_was_ever_published":false,"_jetpack_newsletter_access":"","_jetpack_dont_email_post_to_subs":false,"_jetpack_newsletter_tier_id":0,"_jetpack_memberships_contains_paywalled_content":false,"_jetpack_memberships_contains_paid_content":false,"footnotes":"","jetpack_publicize_message":"","jetpack_publicize_feature_enabled":true,"jetpack_social_post_already_shared":false,"jetpack_social_options":{"image_generator_settings":{"template":"highway","default_image_id":0,"enabled":false},"version":2}},"categories":[38,5359,10431],"tags":[492,2957],"class_list":["post-47363","post","type-post","status-publish","format-standard","has-post-thumbnail","hentry","category-opinion-de-jose-enrique-granados","category-madinat-ilbira","category-medina-elvira-2","tag-libro","tag-madinat-ilbira"],"jetpack_publicize_connections":[],"jetpack_featured_media_url":"https:\/\/i0.wp.com\/miradordeatarfe.es\/wp-content\/uploads\/2021\/05\/186513802_155783849888439_8352481998941456845_n-2.jpg?fit=1532%2C719&ssl=1","jetpack_likes_enabled":true,"jetpack_sharing_enabled":true,"_links":{"self":[{"href":"https:\/\/miradordeatarfe.es\/index.php?rest_route=\/wp\/v2\/posts\/47363","targetHints":{"allow":["GET"]}}],"collection":[{"href":"https:\/\/miradordeatarfe.es\/index.php?rest_route=\/wp\/v2\/posts"}],"about":[{"href":"https:\/\/miradordeatarfe.es\/index.php?rest_route=\/wp\/v2\/types\/post"}],"author":[{"embeddable":true,"href":"https:\/\/miradordeatarfe.es\/index.php?rest_route=\/wp\/v2\/users\/1"}],"replies":[{"embeddable":true,"href":"https:\/\/miradordeatarfe.es\/index.php?rest_route=%2Fwp%2Fv2%2Fcomments&post=47363"}],"version-history":[{"count":2,"href":"https:\/\/miradordeatarfe.es\/index.php?rest_route=\/wp\/v2\/posts\/47363\/revisions"}],"predecessor-version":[{"id":47367,"href":"https:\/\/miradordeatarfe.es\/index.php?rest_route=\/wp\/v2\/posts\/47363\/revisions\/47367"}],"wp:featuredmedia":[{"embeddable":true,"href":"https:\/\/miradordeatarfe.es\/index.php?rest_route=\/wp\/v2\/media\/47365"}],"wp:attachment":[{"href":"https:\/\/miradordeatarfe.es\/index.php?rest_route=%2Fwp%2Fv2%2Fmedia&parent=47363"}],"wp:term":[{"taxonomy":"category","embeddable":true,"href":"https:\/\/miradordeatarfe.es\/index.php?rest_route=%2Fwp%2Fv2%2Fcategories&post=47363"},{"taxonomy":"post_tag","embeddable":true,"href":"https:\/\/miradordeatarfe.es\/index.php?rest_route=%2Fwp%2Fv2%2Ftags&post=47363"}],"curies":[{"name":"wp","href":"https:\/\/api.w.org\/{rel}","templated":true}]}}