{"id":47381,"date":"2021-05-24T08:31:56","date_gmt":"2021-05-24T06:31:56","guid":{"rendered":"http:\/\/miradordeatarfe.es\/?p=47381"},"modified":"2021-05-20T18:35:03","modified_gmt":"2021-05-20T16:35:03","slug":"las-vacunas-protegen-frente-a-todas-las-variantes-del-sars-cov-2-segun-la-oms","status":"publish","type":"post","link":"https:\/\/miradordeatarfe.es\/?p=47381","title":{"rendered":"Las vacunas protegen frente a todas las variantes del SARS COV-2, seg\u00fan la OMS"},"content":{"rendered":"<header>\n<h2>La OMS tambi\u00e9n ha recomendado este jueves que se eviten los viajes internacionales<\/h2>\n<\/header>\n<div class=\"cnt-multimedia estirar \">\u00a0<\/div>\n<div class=\"cnt-izq\">\n<div class=\"cnt-body\">\n<div id=\"cuerpo_noticia_r\" class=\"cuerpo\">\n<p>Las <a title=\"Vacunas\" href=\"https:\/\/cadenaser.com\/tag\/vacunas\/a\/\">vacunas<\/a> protegen frente a todas las variantes del <a title=\"Coronavirus Covid-19\" href=\"https:\/\/cadenaser.com\/tag\/covid_19\/a\/\">SARS COV-2<\/a> seg\u00fan la OMS.<\/p>\n<p>Aunque <strong>la tasa de efectividad baja en el caso de las nuevas cepas, como la que ha surgido en Sud\u00e1frica<\/strong>, la Organizaci\u00f3n Mundial de la Salud ha asegurado que las vacunas son eficaces contra \u00abtodas las variantes del virus\u00bb que provoca la COVID-19, seg\u00fan informa la Agencia France Press.<\/p>\n<p>Adem\u00e1s, la <a title=\"OMS\" href=\"https:\/\/cadenaser.com\/tag\/oms_organizacion_mundial_salud\/a\/\">OMS<\/a> tambi\u00e9n ha recomendado este jueves <strong>que se eviten los viajes internacionales para mantener bajo control<\/strong> la extensi\u00f3n de la pandemia provocada por el coronavirus SARS C0V-2.<\/p>\n<p>Durante las \u00faltimas semanas, la OMS segu\u00eda muy de cerca a las distintas variantes del coronavirus, en concreto a cuatro que le preocupan especialmente: la B117 (llamada <strong>variante brit\u00e1nica<\/strong>), la B1351 (llamada <strong>variante sudafricana<\/strong>), la P1 (la brasile\u00f1a) y la B1617 (<strong>variante india<\/strong>).<\/p>\n<p>Sin embargo, la OMS advierte que la pandemia \u00abest\u00e1 lejos de haber terminado\u00bb y la respuesta mundial \u00ab<strong>se encuentra en una fase cr\u00edtica\u00bb<\/strong>, porque m\u00e1s del 75% de todas las dosis de vacunas se han administrado en solo 10 pa\u00edses.<\/p>\n<p>\u00abLos fuertes contrastes siguen socavando los progresos, y <strong>la desigualdad en materia de vacunas es uno de los problemas m\u00e1s urgentes<\/strong>, lo que supone una amenaza para el fin de la pandemia y la recuperaci\u00f3n mundial\u00bb, ha afirmado en una rueda de prensa celebrada en Copenhague <strong>Hans Kluge<\/strong>, el director para Europa de la OMS.<\/p>\n<h2 class=\"ladillo\">Recomendaci\u00f3n de no hacer viajes internacionales\u00a0<\/h2>\n<p>Adem\u00e1s, la OMS tambi\u00e9n ha recomendado este jueves <strong>que se eviten los viajes internacionales para mantener bajo control la extensi\u00f3n de la pandemia<\/strong> provocada por el coronavirus SARS C0V-2.<\/p>\n<p>\u00abEs una amenaza imprevisible\u00bb, ha asegurado tambi\u00e9n <strong>Catherine Smallwood,<\/strong> la responsable de las situaciones de emergencia de la OMS en Europa. \u00abLa pandemia no ha terminado\u00bb, ha insistido.<\/p>\n<p>En concreto, seg\u00fan datos de la OMS, en el conjunto del continente europeo <strong>el n\u00famero de nuevos casos se ha reducido un 60% durante el \u00faltimo mes<\/strong>, al pasar de 1,7 millones de contagios confirmados a mediados de abril a 685.000 la semana pasada.<\/p>\n<p>\u00abVamos en la buena direcci\u00f3n, pero <strong>tenemos que mantenernos vigilantes<\/strong>, porque el incremento de la movilidad, de las interacciones f\u00edsicas y de las reuniones puede conllevar a un aumento de la transmisi\u00f3n en Europa\u00bb, ha insistido el director regional.<\/p>\n<p>No obstante, la OMS reconoce que los viajes esenciales siguen estando autorizados.<\/p>\n<p>Adem\u00e1s, seg\u00fan la OMS, <strong>la reducci\u00f3n de las restricciones sociales tiene que realizarse a la vez que se aumentan los sistemas de detecci\u00f3n del SARS COV-2<\/strong> y se extiende la administraci\u00f3n de vacunas en toda la poblaci\u00f3n.<\/p>\n<p>\u00abNo hay riesgo cero\u00bb, ha insistido Kluge. \u00abLas vacunas son quiz\u00e1s una luz al final del t\u00fanel, pero no podemos dejarnos cegar por esta luz\u00bb.<\/p>\n<\/div>\n<\/div>\n<div class=\"comentarios\">\n<div class=\"cnt-multimedia estirar \">\n<figure><figcaption>\n<p><a href=\"https:\/\/cadenaser.com\/autor\/javier_gregori_roig\/a\/\"><strong>Javier Gregori<\/strong><\/a><\/p>\n<p>FOTO: Varios viales con la vacuna de AstraZeneca. \/ Juan Manuel Serrano Arce &#8211; Europa Press &#8211; Archivo (Europa Press)<\/p>\n<p>https:\/\/cadenaser.com\/ser\/2021\/05\/20\/ciencia\/1621505686_556020.html<\/p>\n<\/figcaption><\/figure>\n<\/div>\n<aside class=\"ssnn estirar\"><\/aside>\n<section class=\"cnt-modulo lst-keywords\">\n<p>&nbsp;<\/p>\n<div>\u00a0<\/div>\n<\/section>\n<aside class=\"ssnn estirar\"><\/aside>\n<div class=\"cnt-izq\">\n<div class=\"cnt-metas\">\n<div class=\"autor\">\u00a0<\/div>\n<\/div>\n<\/div>\n<\/div>\n<\/div>\n","protected":false},"excerpt":{"rendered":"<p>La OMS tambi\u00e9n ha recomendado este jueves que se eviten los viajes internacionales \u00a0 Las&#8230;<\/p>\n","protected":false},"author":1,"featured_media":47382,"comment_status":"closed","ping_status":"closed","sticky":false,"template":"","format":"standard","meta":{"_coblocks_attr":"","_coblocks_dimensions":"","_coblocks_responsive_height":"","_coblocks_accordion_ie_support":"","jetpack_post_was_ever_published":false,"_jetpack_newsletter_access":"","_jetpack_dont_email_post_to_subs":false,"_jetpack_newsletter_tier_id":0,"_jetpack_memberships_contains_paywalled_content":false,"_jetpack_memberships_contains_paid_content":false,"footnotes":"","jetpack_publicize_message":"","jetpack_publicize_feature_enabled":true,"jetpack_social_post_already_shared":false,"jetpack_social_options":{"image_generator_settings":{"template":"highway","default_image_id":0,"enabled":false},"version":2}},"categories":[1161,7149,44,7671,6937,15,10],"tags":[804,8326],"class_list":["post-47381","post","type-post","status-publish","format-standard","has-post-thumbnail","hentry","category-ciudadania","category-coronavirus","category-noticias-de-hoy","category-politica","category-sociedad","category-ultimas-noticias","category-salud","tag-vacunas","tag-viajes-internacionales"],"jetpack_publicize_connections":[],"jetpack_featured_media_url":"https:\/\/i0.wp.com\/miradordeatarfe.es\/wp-content\/uploads\/2021\/05\/VACUNAS.jpg?fit=1300%2C837&ssl=1","jetpack_likes_enabled":true,"jetpack_sharing_enabled":true,"_links":{"self":[{"href":"https:\/\/miradordeatarfe.es\/index.php?rest_route=\/wp\/v2\/posts\/47381","targetHints":{"allow":["GET"]}}],"collection":[{"href":"https:\/\/miradordeatarfe.es\/index.php?rest_route=\/wp\/v2\/posts"}],"about":[{"href":"https:\/\/miradordeatarfe.es\/index.php?rest_route=\/wp\/v2\/types\/post"}],"author":[{"embeddable":true,"href":"https:\/\/miradordeatarfe.es\/index.php?rest_route=\/wp\/v2\/users\/1"}],"replies":[{"embeddable":true,"href":"https:\/\/miradordeatarfe.es\/index.php?rest_route=%2Fwp%2Fv2%2Fcomments&post=47381"}],"version-history":[{"count":1,"href":"https:\/\/miradordeatarfe.es\/index.php?rest_route=\/wp\/v2\/posts\/47381\/revisions"}],"predecessor-version":[{"id":47383,"href":"https:\/\/miradordeatarfe.es\/index.php?rest_route=\/wp\/v2\/posts\/47381\/revisions\/47383"}],"wp:featuredmedia":[{"embeddable":true,"href":"https:\/\/miradordeatarfe.es\/index.php?rest_route=\/wp\/v2\/media\/47382"}],"wp:attachment":[{"href":"https:\/\/miradordeatarfe.es\/index.php?rest_route=%2Fwp%2Fv2%2Fmedia&parent=47381"}],"wp:term":[{"taxonomy":"category","embeddable":true,"href":"https:\/\/miradordeatarfe.es\/index.php?rest_route=%2Fwp%2Fv2%2Fcategories&post=47381"},{"taxonomy":"post_tag","embeddable":true,"href":"https:\/\/miradordeatarfe.es\/index.php?rest_route=%2Fwp%2Fv2%2Ftags&post=47381"}],"curies":[{"name":"wp","href":"https:\/\/api.w.org\/{rel}","templated":true}]}}