{"id":47387,"date":"2021-05-25T10:00:03","date_gmt":"2021-05-25T08:00:03","guid":{"rendered":"http:\/\/miradordeatarfe.es\/?p=47387"},"modified":"2021-05-24T20:43:01","modified_gmt":"2021-05-24T18:43:01","slug":"maestro-en-tiempos-de-pandemia-las-medidas-covid-del-curso-2021-2022","status":"publish","type":"post","link":"https:\/\/miradordeatarfe.es\/?p=47387","title":{"rendered":"Maestro en tiempos de pandemia: Las medidas Covid del curso 2021-2022"},"content":{"rendered":"<div class=\"entry-body\">\n<h3 style=\"text-align: justify;\">Acab\u00f3 el estado de alarma y en mi clase, empezaban a elucubrar c\u00f3mo ser\u00eda el curso que viene. Se las imaginaban muy felices sin mascarillas, con excursiones, volviendo a trabajar por grupos\u2026 pero el Ministerio de Educaci\u00f3n, ya ha avanzado c\u00f3mo ser\u00e1n las medidas antiCOVID para el pr\u00f3ximo curso y no hay mucho optimismo al respecto.<\/h3>\n<p style=\"text-align: justify;\">Observamos d\u00eda a d\u00eda los datos de contagios y rangos de edad de los vacunados, bailando al son de la canci\u00f3n del verano. No queda duda que una de nuestra mayor fuente de ingresos viene del turismo y, para la campa\u00f1a de verano, habr\u00e1 que disfrazar una Espa\u00f1a vencedora ante el COVID, augurando Pedro S\u00e1nchez que en \u201c100 d\u00edas, Espa\u00f1a lograr\u00e1 la inmunidad de grupo\u201d. Eso fue el 10 de mayo. Hoy, faltan 117 d\u00edas para el inicio en las aulas del pr\u00f3ximo curso, con lo cual, se supone que estar\u00edamos disfrutando en los centros educativos de la inmunidad de grupo, pero siento decirles que pintan bastos.<\/p>\n<p style=\"text-align: justify;\">Ya ha anunciado la ministra Cela\u00e1, que el pr\u00f3ximo curso, va a reducir la distancia social 30 cent\u00edmetros, para que se sit\u00fae en unos maravillosos 120 cent\u00edmetros entre el alumnado, as\u00ed que eso de trabajar en grupos, se ha esfumado m\u00e1s pronto que tarde. Quiz\u00e1s no sepa la ministra que, a pesar de la reducci\u00f3n, en el 90% de las aulas, esto sigue siendo incumplible, pero ella sigue a lo suyo\u2026 Adem\u00e1s, habr\u00e1 que seguir llevando mascarilla y nuestro contacto con las familias va a seguir siendo telem\u00e1tico. Si eso es consecuencia de tener inmunidad de grupo, no entiendo qu\u00e9 significa exactamente el t\u00e9rmino.<\/p>\n<p style=\"text-align: justify;\">Tambi\u00e9n se han llenado la boca diciendo que se prorrogar\u00e1 la contrataci\u00f3n de docentes de refuerzo COVID, ya que han ayudado de una manera incre\u00edble a recuperar a algunos alumnos, los aprendizajes que el curso pasado. Quiz\u00e1s la ministra, desde su despacho, no se haya enterado que estos refuerzos han servido, principalmente, para cubrir las bajas de los docentes que se han contagiado o han estado en cuarentena. Ojal\u00e1 hubiesen podido desempe\u00f1ar plenamente sus funciones, pero los hechos son los que son.<\/p>\n<p style=\"text-align: justify;\">Se nota que, tanto desde el Ministerio como desde las Comunidades Aut\u00f3nomas, no han pisado un aula en lo que va de curso. Tampoco saben cu\u00e1l es la situaci\u00f3n emocional y f\u00edsica del alumnado y de los docentes. No es la primera vez que lo digo y creo que tampoco ser\u00e1 la \u00faltima. Los docentes estamos totalmente agotados, con una carga de trabajo y de estr\u00e9s muy preocupante. Eso no es motivo de evaluaci\u00f3n ni de reflexi\u00f3n de cara al pr\u00f3ximo curso. \u201c\u00a1Sigan, sigan!\u201d, como dir\u00eda un \u00e1rbitro dando la ley de la ventaja\u2026<\/p>\n<p style=\"text-align: justify;\">El colectivo docente sigue dejado de \u201cla mano de Dios\u201d. Con respecto a nuestra salud, nos pusieron una dosis de AstraZeneca a toda prisa, se ha pasado el tiempo recomendado para la inoculaci\u00f3n de la segunda dosis y a\u00fan estamos a la espera de saber qu\u00e9 es lo que va a pasar con nosotros.. Con respecto nuestro \u00e1mbito de trabajo, en lugar de aprobar en la ley una bajada progresiva de la ratio, como alud\u00ed en mi anterior art\u00edculo, nos siguen hacinando en situaci\u00f3n de pandemia. Con respecto a nuestra salud emocional\u2026 \u00bfel colectivo docente tiene de eso? No, ellos siguen para adelante con cuatro migajas y buenas palabras. \u00bfHasta cu\u00e1ndo vamos a seguir tragando la incoherencia de las decisiones pol\u00edticas con respecto a la educaci\u00f3n?<\/p>\n<div class=\"entry-meta\"><a class=\"entry-author hcard fn\" href=\"https:\/\/www.lavozdegranada.info\/author\/emilio-morillas\/\" target=\"_blank\" rel=\"noopener\"> Emilio Morillas\u00a0\u00a0\u00a0<\/a><\/div>\n<div>https:\/\/www.lavozdegranada.info\/las-medidas-covid-del-curso-2021-2022-2\/#more<\/div>\n<div>FOTO: https:\/\/elderecho.com\/responsabilidad-los-padres-ante-la-vuelta-al-colegio-pleno-escenario-covid-19<\/div>\n<\/div>\n<div class=\"entry-body\">\n<div class=\"entry-body\">\n<p><img data-recalc-dims=\"1\" loading=\"lazy\" decoding=\"async\" class=\"alignleft wp-image-38704\" src=\"https:\/\/i0.wp.com\/www.lavozdegranada.info\/wp-content\/uploads\/2020\/09\/Emilio-Morillas-1.jpg?resize=200%2C245&#038;ssl=1\" sizes=\"auto, (max-width: 200px) 100vw, 200px\" srcset=\"https:\/\/www.lavozdegranada.info\/wp-content\/uploads\/2020\/09\/Emilio-Morillas-1.jpg 295w, https:\/\/www.lavozdegranada.info\/wp-content\/uploads\/2020\/09\/Emilio-Morillas-1-250x307.jpg 250w, https:\/\/www.lavozdegranada.info\/wp-content\/uploads\/2020\/09\/Emilio-Morillas-1-150x184.jpg 150w, https:\/\/www.lavozdegranada.info\/wp-content\/uploads\/2020\/09\/Emilio-Morillas-1-50x61.jpg 50w, https:\/\/www.lavozdegranada.info\/wp-content\/uploads\/2020\/09\/Emilio-Morillas-1-100x123.jpg 100w, https:\/\/www.lavozdegranada.info\/wp-content\/uploads\/2020\/09\/Emilio-Morillas-1-200x245.jpg 200w\" alt=\"\" width=\"200\" height=\"245\" \/><\/p>\n<\/div>\n<\/div>\n","protected":false},"excerpt":{"rendered":"<p>Acab\u00f3 el estado de alarma y en mi clase, empezaban a elucubrar c\u00f3mo ser\u00eda el&#8230;<\/p>\n","protected":false},"author":1,"featured_media":47388,"comment_status":"closed","ping_status":"closed","sticky":false,"template":"","format":"standard","meta":{"_coblocks_attr":"","_coblocks_dimensions":"","_coblocks_responsive_height":"","_coblocks_accordion_ie_support":"","jetpack_post_was_ever_published":false,"_jetpack_newsletter_access":"","_jetpack_dont_email_post_to_subs":false,"_jetpack_newsletter_tier_id":0,"_jetpack_memberships_contains_paywalled_content":false,"_jetpack_memberships_contains_paid_content":false,"footnotes":"","jetpack_publicize_message":"","jetpack_publicize_feature_enabled":true,"jetpack_social_post_already_shared":false,"jetpack_social_options":{"image_generator_settings":{"template":"highway","default_image_id":0,"enabled":false},"version":2}},"categories":[187,1161,7149,44,7671,15],"tags":[8328,850],"class_list":["post-47387","post","type-post","status-publish","format-standard","has-post-thumbnail","hentry","category-centros-educativos","category-ciudadania","category-coronavirus","category-noticias-de-hoy","category-politica","category-ultimas-noticias","tag-escuelas-covid","tag-normas"],"jetpack_publicize_connections":[],"jetpack_featured_media_url":"https:\/\/i0.wp.com\/miradordeatarfe.es\/wp-content\/uploads\/2021\/05\/ninos-colegio-covid-p286815-m888014-768x334_w100.jpg?fit=768%2C333&ssl=1","jetpack_likes_enabled":true,"jetpack_sharing_enabled":true,"_links":{"self":[{"href":"https:\/\/miradordeatarfe.es\/index.php?rest_route=\/wp\/v2\/posts\/47387","targetHints":{"allow":["GET"]}}],"collection":[{"href":"https:\/\/miradordeatarfe.es\/index.php?rest_route=\/wp\/v2\/posts"}],"about":[{"href":"https:\/\/miradordeatarfe.es\/index.php?rest_route=\/wp\/v2\/types\/post"}],"author":[{"embeddable":true,"href":"https:\/\/miradordeatarfe.es\/index.php?rest_route=\/wp\/v2\/users\/1"}],"replies":[{"embeddable":true,"href":"https:\/\/miradordeatarfe.es\/index.php?rest_route=%2Fwp%2Fv2%2Fcomments&post=47387"}],"version-history":[{"count":1,"href":"https:\/\/miradordeatarfe.es\/index.php?rest_route=\/wp\/v2\/posts\/47387\/revisions"}],"predecessor-version":[{"id":47389,"href":"https:\/\/miradordeatarfe.es\/index.php?rest_route=\/wp\/v2\/posts\/47387\/revisions\/47389"}],"wp:featuredmedia":[{"embeddable":true,"href":"https:\/\/miradordeatarfe.es\/index.php?rest_route=\/wp\/v2\/media\/47388"}],"wp:attachment":[{"href":"https:\/\/miradordeatarfe.es\/index.php?rest_route=%2Fwp%2Fv2%2Fmedia&parent=47387"}],"wp:term":[{"taxonomy":"category","embeddable":true,"href":"https:\/\/miradordeatarfe.es\/index.php?rest_route=%2Fwp%2Fv2%2Fcategories&post=47387"},{"taxonomy":"post_tag","embeddable":true,"href":"https:\/\/miradordeatarfe.es\/index.php?rest_route=%2Fwp%2Fv2%2Ftags&post=47387"}],"curies":[{"name":"wp","href":"https:\/\/api.w.org\/{rel}","templated":true}]}}