{"id":47390,"date":"2021-05-22T08:33:17","date_gmt":"2021-05-22T06:33:17","guid":{"rendered":"http:\/\/miradordeatarfe.es\/?p=47390"},"modified":"2021-05-22T08:59:56","modified_gmt":"2021-05-22T06:59:56","slug":"andalucia-quiere-eliminar-la-mascarilla-en-los-recreos-y-educacion-fisica-en-espacios-abiertos","status":"publish","type":"post","link":"https:\/\/miradordeatarfe.es\/?p=47390","title":{"rendered":"Andaluc\u00eda quiere eliminar la mascarilla en los recreos y educaci\u00f3n f\u00edsica en espacios abiertos"},"content":{"rendered":"<h2 style=\"text-align: justify;\">La viceconsejera de Educaci\u00f3n ha indicado que \u00abel problema es que no se sabe si van a estar vacunados los alumnos y, aunque al parecer no tienen s\u00edntomas y si pasan la enfermedad no son un foco de transmisi\u00f3n fuerte porque eso se ha demostrado este curso, son medidas de precauci\u00f3n\u00bb<\/h2>\n<p style=\"text-align: justify;\">24 horas despu\u00e9s de que Cela\u00e1 y las comunidades pactaran elevar los alumnos por aula el pr\u00f3ximo curso, la Consejer\u00eda de Educaci\u00f3n de la Junta de Andaluc\u00eda quiere que las autoridades sanitarias revisen la posibilidad de permitir durante el pr\u00f3ximo curso escolar 2021-2022 <strong>no llevar mascarilla durante el recreo y las horas de educaci\u00f3n f\u00edsica<\/strong> que se desarrollen en espacios abiertos de los centros.<\/p>\n<p style=\"text-align: justify;\">La viceconsejera andaluza de Educaci\u00f3n y Deporte, Mar\u00eda del Carmen Castillo se ha expresado as\u00ed despu\u00e9s de que las comunidades aut\u00f3nomas acordaran para el pr\u00f3ximo curso escolar la m\u00e1xima presencialidad, uso de mascarilla obligatorio a partir de los seis a\u00f1os y rebaja de la distancia entre alumnos a 1,2 metros en escenarios de baja incidencia de Covid-19.<\/p>\n<p style=\"text-align: justify;\">\u00abLa previsi\u00f3n que tenemos es que con pr\u00e1cticamente todo el profesorado y todo el personal que presta servicio en los centros vacunado y manteniendo la medida que establece la autoridad sanitaria, la mascarilla desde seis a\u00f1os y la distancia de 1,2 metros, <strong>el pr\u00f3ximo va a ser un curso mejor que este<\/strong>, que ya ha sido bueno, con presencialidad pr\u00e1cticamente para todos los alumnos\u00ab, ha asegurado Castillo.<\/p>\n<p style=\"text-align: justify;\">Preguntada por la medida de mantener el uso obligatorio de la mascarilla para mayores de seis a\u00f1os el pr\u00f3ximo curso a pesar del avance en la vacunaci\u00f3n y la consiguiente inmunidad de la poblaci\u00f3n, la viceconsejera ha admitido que \u00abes verdad que el profesorado va a estar vacunado, esperamos que les pongan pronto la segunda dosis lo antes posible\u00bb, pero ha indicado que \u00abel problema es que no se sabe si van a estar vacunados los alumnos y, aunque al parecer no tienen s\u00edntomas y si pasan la enfermedad no son un foco de transmisi\u00f3n fuerte porque eso se ha demostrado este curso, son medidas de precauci\u00f3n\u00bb.<\/p>\n<p style=\"text-align: justify;\">En cualquier caso, Castillo ha explicado que desde la Consejer\u00eda se ha propuesto que \u00abse revise la posibilidad de que en los patios de recreo, a la hora de educaci\u00f3n f\u00edsica y en espacios abiertos <strong>no tengamos que llevar mascarillas<\/strong>\u00ab, aunque ha dejado claro que \u00bbsiempre va a depender\u00ab de lo que decidan las autoridades sanitarias y los epidemi\u00f3logos.<\/p>\n<p>EUROPA PRESS<\/p>\n<p>https:\/\/www.ideal.es\/andalucia\/andalucia-quiere-eliminar-mascarilla-recreos-20210520105543-nt.html<\/p>\n<p>&nbsp;<\/p>\n","protected":false},"excerpt":{"rendered":"<p>La viceconsejera de Educaci\u00f3n ha indicado que \u00abel problema es que no se sabe si&#8230;<\/p>\n","protected":false},"author":1,"featured_media":47391,"comment_status":"closed","ping_status":"closed","sticky":false,"template":"","format":"standard","meta":{"_coblocks_attr":"","_coblocks_dimensions":"","_coblocks_responsive_height":"","_coblocks_accordion_ie_support":"","jetpack_post_was_ever_published":false,"_jetpack_newsletter_access":"","_jetpack_dont_email_post_to_subs":false,"_jetpack_newsletter_tier_id":0,"_jetpack_memberships_contains_paywalled_content":false,"_jetpack_memberships_contains_paid_content":false,"footnotes":"","jetpack_publicize_message":"","jetpack_publicize_feature_enabled":true,"jetpack_social_post_already_shared":false,"jetpack_social_options":{"image_generator_settings":{"template":"highway","default_image_id":0,"enabled":false},"version":2}},"categories":[187,1161,7149,44,7671,15],"tags":[8329,7155],"class_list":["post-47390","post","type-post","status-publish","format-standard","has-post-thumbnail","hentry","category-centros-educativos","category-ciudadania","category-coronavirus","category-noticias-de-hoy","category-politica","category-ultimas-noticias","tag-educacion-fisica","tag-mascarillas"],"jetpack_publicize_connections":[],"jetpack_featured_media_url":"https:\/\/i0.wp.com\/miradordeatarfe.es\/wp-content\/uploads\/2021\/05\/1427709771-koaH-U1202829716895fD-1248x770%40El-Correo-ElCorreo.jpg?fit=1248%2C770&ssl=1","jetpack_likes_enabled":true,"jetpack_sharing_enabled":true,"_links":{"self":[{"href":"https:\/\/miradordeatarfe.es\/index.php?rest_route=\/wp\/v2\/posts\/47390","targetHints":{"allow":["GET"]}}],"collection":[{"href":"https:\/\/miradordeatarfe.es\/index.php?rest_route=\/wp\/v2\/posts"}],"about":[{"href":"https:\/\/miradordeatarfe.es\/index.php?rest_route=\/wp\/v2\/types\/post"}],"author":[{"embeddable":true,"href":"https:\/\/miradordeatarfe.es\/index.php?rest_route=\/wp\/v2\/users\/1"}],"replies":[{"embeddable":true,"href":"https:\/\/miradordeatarfe.es\/index.php?rest_route=%2Fwp%2Fv2%2Fcomments&post=47390"}],"version-history":[{"count":1,"href":"https:\/\/miradordeatarfe.es\/index.php?rest_route=\/wp\/v2\/posts\/47390\/revisions"}],"predecessor-version":[{"id":47392,"href":"https:\/\/miradordeatarfe.es\/index.php?rest_route=\/wp\/v2\/posts\/47390\/revisions\/47392"}],"wp:featuredmedia":[{"embeddable":true,"href":"https:\/\/miradordeatarfe.es\/index.php?rest_route=\/wp\/v2\/media\/47391"}],"wp:attachment":[{"href":"https:\/\/miradordeatarfe.es\/index.php?rest_route=%2Fwp%2Fv2%2Fmedia&parent=47390"}],"wp:term":[{"taxonomy":"category","embeddable":true,"href":"https:\/\/miradordeatarfe.es\/index.php?rest_route=%2Fwp%2Fv2%2Fcategories&post=47390"},{"taxonomy":"post_tag","embeddable":true,"href":"https:\/\/miradordeatarfe.es\/index.php?rest_route=%2Fwp%2Fv2%2Ftags&post=47390"}],"curies":[{"name":"wp","href":"https:\/\/api.w.org\/{rel}","templated":true}]}}