{"id":47393,"date":"2021-05-21T19:10:33","date_gmt":"2021-05-21T17:10:33","guid":{"rendered":"http:\/\/miradordeatarfe.es\/?p=47393"},"modified":"2021-05-21T19:10:50","modified_gmt":"2021-05-21T17:10:50","slug":"el-emotivo-testimonio-de-la-voluntaria-a-la-que-abrazo-uno-de-los-migrantes-estaba-desesperado","status":"publish","type":"post","link":"https:\/\/miradordeatarfe.es\/?p=47393","title":{"rendered":"El emotivo testimonio de la voluntaria a la que abraz\u00f3 uno de los migrantes: \u00abEstaba desesperado\u00bb"},"content":{"rendered":"<div class=\"page \n\"><\/p>\n<div class=\"cscontent\">\n<div class=\"row row-content\" data-content=\"article\">\n<div class=\"col-xs-12 col-lg-8 col-md-8 col-sm-8\">\n<div class=\"csl-inner csl-hot\">\n<article>\n<div class=\"article-wrapper\">\n<div class=\"article-header\">\n<h2>\u201cMe miraba como si nunca hubiera visto una persona\u201d<\/h2>\n<\/div>\n<\/div>\n<\/article>\n<\/div>\n<\/div>\n<\/div>\n<\/div>\n<\/div>\n<div id=\"article-body\" class=\"article-body \">\n<div class=\"body-content\">\n<p>Luna, la voluntaria de <strong><a title=\"Cruz Roja\" href=\"https:\/\/www.elplural.com\/tag\/cruz-roja\" target=\"_self\" rel=\"follow noopener\" data-external=\"0\" data-intl-links-es=\"https:\/\/www.elplural.com\/tag\/cruz-roja\">Cruz Roja<\/a><\/strong> a la que <a title=\"&quot;El lado bueno de la historia&quot;: Twitter se vuelca con la trabajadora de Cruz Roja tras los insultos recibidos\" href=\"https:\/\/www.elplural.com\/sociedad\/historia-twitter-vuelca-trabajadora-cruz-roja-insultos-recibidos_266912102\" target=\"_self\" rel=\"follow noopener\" data-external=\"0\" data-intl-links-es=\"https:\/\/www.elplural.com\/sociedad\/historia-twitter-vuelca-trabajadora-cruz-roja-insultos-recibidos_266912102\">un migrante subsahariano se abraz\u00f3 al cruzar la frontera<\/a> y que ha copado las redes sociales, ha recibido todo tipo de insultos hasta el punto de que se vio obligada a cerrar su cuenta de Twitter. Pero tambi\u00e9n <strong>ha cosechado halagos varios<\/strong>. Tanto es as\u00ed, que los usuarios se movilizaron a trav\u00e9s de hashtag <strong>#GraciasLuna<\/strong> para mostrarle su gratitud.<\/p>\n<p>En declaraciones a TVE, concretamente al programa <em>La Hora de la 1<\/em>, Luna ha explicado entre l\u00e1grimas c\u00f3mo se sinti\u00f3 en aquel momento.<\/p>\n<p><strong>\u201cMe miraba como si nunca hubiera visto una persona\u201d,<\/strong> ha relatado. \u201cComo si fuera la primera vez que sal\u00eda a la calle\u00bb.<\/p>\n<p>La voluntaria de Cruz Roja vio al hombre \u201cdesesperado\u201d e interpreta que se lanz\u00f3 a sus brazos porque \u201cabrazarme era su salvavidas\u201d.<\/p>\n<div>\n<div class=\"page \n\"><\/p>\n<div class=\"cscontent\">\n<div class=\"row row-content\" data-content=\"article\">\n<div class=\"col-xs-12 col-lg-8 col-md-8 col-sm-8\">\n<div class=\"csl-inner csl-hot\">\n<article>\n<div class=\"article-wrapper\">\n<div class=\"article-info-wrapper\">\u00a0<\/div>\n<\/div>\n<\/article>\n<\/div>\n<\/div>\n<\/div>\n<\/div>\n<\/div>\n<div class=\"article-main-asset\">\n<div class=\"article-image-wrapper\">\n<p>https:\/\/twitter.com\/i\/status\/1395312654357602307<\/p>\n<\/div>\n<\/div>\n<\/div>\n<div>\n<div class=\"page \n\"><\/p>\n<div class=\"cscontent\">\n<div class=\"row row-content\" data-content=\"article\">\n<div class=\"col-xs-12 col-lg-8 col-md-8 col-sm-8\">\n<div class=\"csl-inner csl-hot\">\n<article>\n<div class=\"article-wrapper\">\n<div class=\"article-info-wrapper\">\n<div class=\"article-info\"><span class=\"author\"><a title=\"elplural.com\" href=\"https:\/\/www.elplural.com\/elplural-com_5871115\">elp<\/a><\/span><picture> <\/picture><\/div>\n<div>\u00a0<\/div>\n<\/div>\n<\/div>\n<\/article>\n<\/div>\n<\/div>\n<\/div>\n<\/div>\n<\/div>\n<div class=\"article-main-asset\">\n<div class=\"article-image-wrapper\">\n<p>FOTO:La voluntaria de Cruz Roja que abraz\u00f3 a uno de los migrantes rompe a llorar<\/p>\n<\/div>\n<\/div>\n<\/div>\n<\/div>\n<\/div>\n<div class=\"article-tags\">\n<p>&nbsp;<\/p>\n<\/div>\n","protected":false},"excerpt":{"rendered":"<p>\u201cMe miraba como si nunca hubiera visto una persona\u201d Luna, la voluntaria de Cruz Roja&#8230;<\/p>\n","protected":false},"author":1,"featured_media":47394,"comment_status":"closed","ping_status":"closed","sticky":false,"template":"","format":"standard","meta":{"_coblocks_attr":"","_coblocks_dimensions":"","_coblocks_responsive_height":"","_coblocks_accordion_ie_support":"","jetpack_post_was_ever_published":false,"_jetpack_newsletter_access":"","_jetpack_dont_email_post_to_subs":false,"_jetpack_newsletter_tier_id":0,"_jetpack_memberships_contains_paywalled_content":false,"_jetpack_memberships_contains_paid_content":false,"footnotes":"","jetpack_publicize_message":"","jetpack_publicize_feature_enabled":true,"jetpack_social_post_already_shared":false,"jetpack_social_options":{"image_generator_settings":{"template":"highway","default_image_id":0,"enabled":false},"version":2}},"categories":[1161,44,7671,6937,15],"tags":[3116,355,1751],"class_list":["post-47393","post","type-post","status-publish","format-standard","has-post-thumbnail","hentry","category-ciudadania","category-noticias-de-hoy","category-politica","category-sociedad","category-ultimas-noticias","tag-cruz-roja","tag-emigrantes","tag-voluntariado"],"jetpack_publicize_connections":[],"jetpack_featured_media_url":"https:\/\/i0.wp.com\/miradordeatarfe.es\/wp-content\/uploads\/2021\/05\/indice-4.jpg?fit=299%2C168&ssl=1","jetpack_likes_enabled":true,"jetpack_sharing_enabled":true,"_links":{"self":[{"href":"https:\/\/miradordeatarfe.es\/index.php?rest_route=\/wp\/v2\/posts\/47393","targetHints":{"allow":["GET"]}}],"collection":[{"href":"https:\/\/miradordeatarfe.es\/index.php?rest_route=\/wp\/v2\/posts"}],"about":[{"href":"https:\/\/miradordeatarfe.es\/index.php?rest_route=\/wp\/v2\/types\/post"}],"author":[{"embeddable":true,"href":"https:\/\/miradordeatarfe.es\/index.php?rest_route=\/wp\/v2\/users\/1"}],"replies":[{"embeddable":true,"href":"https:\/\/miradordeatarfe.es\/index.php?rest_route=%2Fwp%2Fv2%2Fcomments&post=47393"}],"version-history":[{"count":2,"href":"https:\/\/miradordeatarfe.es\/index.php?rest_route=\/wp\/v2\/posts\/47393\/revisions"}],"predecessor-version":[{"id":47396,"href":"https:\/\/miradordeatarfe.es\/index.php?rest_route=\/wp\/v2\/posts\/47393\/revisions\/47396"}],"wp:featuredmedia":[{"embeddable":true,"href":"https:\/\/miradordeatarfe.es\/index.php?rest_route=\/wp\/v2\/media\/47394"}],"wp:attachment":[{"href":"https:\/\/miradordeatarfe.es\/index.php?rest_route=%2Fwp%2Fv2%2Fmedia&parent=47393"}],"wp:term":[{"taxonomy":"category","embeddable":true,"href":"https:\/\/miradordeatarfe.es\/index.php?rest_route=%2Fwp%2Fv2%2Fcategories&post=47393"},{"taxonomy":"post_tag","embeddable":true,"href":"https:\/\/miradordeatarfe.es\/index.php?rest_route=%2Fwp%2Fv2%2Ftags&post=47393"}],"curies":[{"name":"wp","href":"https:\/\/api.w.org\/{rel}","templated":true}]}}