{"id":47397,"date":"2021-05-22T09:00:35","date_gmt":"2021-05-22T07:00:35","guid":{"rendered":"http:\/\/miradordeatarfe.es\/?p=47397"},"modified":"2021-05-22T09:01:03","modified_gmt":"2021-05-22T07:01:03","slug":"atarfe-la-ciencia-en-accion-2021-se-celebrara-en-atarfe","status":"publish","type":"post","link":"https:\/\/miradordeatarfe.es\/?p=47397","title":{"rendered":"LA CIENCIA EN ACCI\u00d3N 2021  SE CELEBRAR\u00c1 EN ATARFE"},"content":{"rendered":"<h2 dir=\"auto\">La sede para la edici\u00f3n del a\u00f1o 2021 de Ciencia en Acci\u00f3n ser\u00e1 en\u00a0 Atarfe. La convocatoria ser\u00e1 los d\u00edas 1, 2 y 3 de octubre. \u00a1\u00a1\u00a1PARTICIPA!!! Tienes hasta el 25 de mayo para presentar tus proyectos.<\/h2>\n<div dir=\"auto\">\u00a0<\/div>\n<div dir=\"auto\"><strong>Ciencia en Acci\u00f3n<\/strong> es un\u00a0<strong>concurso internacional dirigido a estudiantes, profesores, investigadores y divulgadores de la comunidad cient\u00edfica<\/strong>, en cualquiera de sus disciplinas.\u00a0<strong>Su principal objetivo es presentar la ciencia de una manera atractiva y motivadora<\/strong>, de modo que los j\u00f3venes y el gran p\u00fablico se interesen por ella y a lo largo del concurso disfruten atendiendo las conferencias, observando y participando en la feria, y los m\u00e1s animados subiendo a la gran experiencia<\/div>\n<div dir=\"auto\">\n<p>Los premios \u201cCIENCIA EN ACCI\u00d3N\u201d se distribuyen en diversas modalidades, seg\u00fan sea el tipo de trabajo presentado. En las 12 primeras modalidades (de la 1 a la 11) se abren dos opciones: Presencial \/ No presencial.<\/p>\n<p>Para las tres \u00faltimas modalidades (de la 12 a la 14) no hay opciones diferentes, todas ellas ser\u00e1n evaluadas por el jurado y se publicar\u00e1 la lista de ganadores sin participaci\u00f3n en posteriores cert\u00e1menes.<\/p>\n<ol>\n<li>Demostraciones de f\u00edsica (Premio RSEF)<\/li>\n<li>Laboratorio de matem\u00e1ticas (Premio ICMAT)<\/li>\n<li>Demostraciones de qu\u00edmica (Premio RSEQ)<\/li>\n<li>Laboratorio de biolog\u00eda (Premio SEBBM)<\/li>\n<li>Laboratorio de geolog\u00eda (Premio SGE)<\/li>\n<li>Ciencia y tecnolog\u00eda (Premio UPC)<\/li>\n<li>Sostenibilidad (Premio Diputaci\u00f3n de Granada)<\/li>\n<li>Ciencia, ingenier\u00eda y valores (Premio OPITEC)<\/li>\n<li>Biomedicina y salud (Premio F. Lilly)<\/li>\n<li>Puesta en escena (Premio Parque de las Ciencias de Granada)<\/li>\n<li>STEAM (Premio Ayuntamiento de Atarfe)<\/li>\n<li>Materiales did\u00e1cticos de Ciencia (Premio Ayuntamiento de Alcoi).<\/li>\n<li>Trabajos de Divulgaci\u00f3n Cient\u00edfica (Premio Fundaci\u00f3 Ciutat Viladecans).<\/li>\n<li>Cortos Cient\u00edficos (Premio SM).<\/li>\n<\/ol>\n<p>Las Modalidades de Adopta una Estrella continuan igual que en ediciones anteriores.<\/p>\n<\/div>\n<div dir=\"auto\">\u00a0<\/div>\n<div dir=\"auto\"><a href=\"https:\/\/i0.wp.com\/miradordeatarfe.es\/wp-content\/uploads\/2021\/05\/187681901_1847569562073348_5950404340086004181_n-2.jpg?ssl=1\"><img data-recalc-dims=\"1\" loading=\"lazy\" decoding=\"async\" class=\"wp-image-47401 size-full aligncenter\" src=\"https:\/\/i0.wp.com\/miradordeatarfe.es\/wp-content\/uploads\/2021\/05\/187681901_1847569562073348_5950404340086004181_n-2.jpg?resize=640%2C621&#038;ssl=1\" alt=\"\" width=\"640\" height=\"621\" srcset=\"https:\/\/i0.wp.com\/miradordeatarfe.es\/wp-content\/uploads\/2021\/05\/187681901_1847569562073348_5950404340086004181_n-2.jpg?w=1125&amp;ssl=1 1125w, https:\/\/i0.wp.com\/miradordeatarfe.es\/wp-content\/uploads\/2021\/05\/187681901_1847569562073348_5950404340086004181_n-2.jpg?resize=300%2C291&amp;ssl=1 300w, https:\/\/i0.wp.com\/miradordeatarfe.es\/wp-content\/uploads\/2021\/05\/187681901_1847569562073348_5950404340086004181_n-2.jpg?resize=1024%2C993&amp;ssl=1 1024w, https:\/\/i0.wp.com\/miradordeatarfe.es\/wp-content\/uploads\/2021\/05\/187681901_1847569562073348_5950404340086004181_n-2.jpg?resize=768%2C745&amp;ssl=1 768w\" sizes=\"auto, (max-width: 640px) 100vw, 640px\" \/><\/a><\/div>\n","protected":false},"excerpt":{"rendered":"<p>La sede para la edici\u00f3n del a\u00f1o 2021 de Ciencia en Acci\u00f3n ser\u00e1 en\u00a0 Atarfe&#8230;.<\/p>\n","protected":false},"author":1,"featured_media":47402,"comment_status":"closed","ping_status":"closed","sticky":false,"template":"","format":"standard","meta":{"_coblocks_attr":"","_coblocks_dimensions":"","_coblocks_responsive_height":"","_coblocks_accordion_ie_support":"","jetpack_post_was_ever_published":false,"_jetpack_newsletter_access":"","_jetpack_dont_email_post_to_subs":false,"_jetpack_newsletter_tier_id":0,"_jetpack_memberships_contains_paywalled_content":false,"_jetpack_memberships_contains_paid_content":false,"footnotes":"","jetpack_publicize_message":"","jetpack_publicize_feature_enabled":true,"jetpack_social_post_already_shared":false,"jetpack_social_options":{"image_generator_settings":{"template":"highway","default_image_id":0,"enabled":false},"version":2}},"categories":[2,187,44,15],"tags":[81,247],"class_list":["post-47397","post","type-post","status-publish","format-standard","has-post-thumbnail","hentry","category-atarfe","category-centros-educativos","category-noticias-de-hoy","category-ultimas-noticias","tag-atarfe","tag-feria-de-la-ciencia"],"jetpack_publicize_connections":[],"jetpack_featured_media_url":"https:\/\/i0.wp.com\/miradordeatarfe.es\/wp-content\/uploads\/2021\/05\/ciencia-en-accion.png?fit=181%2C104&ssl=1","jetpack_likes_enabled":true,"jetpack_sharing_enabled":true,"_links":{"self":[{"href":"https:\/\/miradordeatarfe.es\/index.php?rest_route=\/wp\/v2\/posts\/47397","targetHints":{"allow":["GET"]}}],"collection":[{"href":"https:\/\/miradordeatarfe.es\/index.php?rest_route=\/wp\/v2\/posts"}],"about":[{"href":"https:\/\/miradordeatarfe.es\/index.php?rest_route=\/wp\/v2\/types\/post"}],"author":[{"embeddable":true,"href":"https:\/\/miradordeatarfe.es\/index.php?rest_route=\/wp\/v2\/users\/1"}],"replies":[{"embeddable":true,"href":"https:\/\/miradordeatarfe.es\/index.php?rest_route=%2Fwp%2Fv2%2Fcomments&post=47397"}],"version-history":[{"count":5,"href":"https:\/\/miradordeatarfe.es\/index.php?rest_route=\/wp\/v2\/posts\/47397\/revisions"}],"predecessor-version":[{"id":47405,"href":"https:\/\/miradordeatarfe.es\/index.php?rest_route=\/wp\/v2\/posts\/47397\/revisions\/47405"}],"wp:featuredmedia":[{"embeddable":true,"href":"https:\/\/miradordeatarfe.es\/index.php?rest_route=\/wp\/v2\/media\/47402"}],"wp:attachment":[{"href":"https:\/\/miradordeatarfe.es\/index.php?rest_route=%2Fwp%2Fv2%2Fmedia&parent=47397"}],"wp:term":[{"taxonomy":"category","embeddable":true,"href":"https:\/\/miradordeatarfe.es\/index.php?rest_route=%2Fwp%2Fv2%2Fcategories&post=47397"},{"taxonomy":"post_tag","embeddable":true,"href":"https:\/\/miradordeatarfe.es\/index.php?rest_route=%2Fwp%2Fv2%2Ftags&post=47397"}],"curies":[{"name":"wp","href":"https:\/\/api.w.org\/{rel}","templated":true}]}}