{"id":47449,"date":"2021-05-25T08:38:28","date_gmt":"2021-05-25T06:38:28","guid":{"rendered":"http:\/\/miradordeatarfe.es\/?p=47449"},"modified":"2021-05-24T20:42:09","modified_gmt":"2021-05-24T18:42:09","slug":"el-gobierno-confirma-la-sexta-victima-mortal-de-la-violencia-machista-en-una-semana","status":"publish","type":"post","link":"https:\/\/miradordeatarfe.es\/?p=47449","title":{"rendered":"El Gobierno confirma la sexta v\u00edctima mortal de la violencia machista en una semana"},"content":{"rendered":"<h3 id=\"m69-68-70\" style=\"text-align: justify;\">Cinco mujeres y un menor de edad han sido asesinados en los \u00faltimos siete d\u00edas. El \u00faltimo caso ha tenido lugar este domingo en Zaragoza y el presunto autor del crimen de g\u00e9nero ten\u00eda una orden de alejamiento de su pareja.<\/h3>\n<p id=\"m318-317-319\" class=\"pb-article-item-iteration\" style=\"text-align: justify;\">La Delegaci\u00f3n del Gobierno contra la Violencia de G\u00e9nero ha confirmado este lunes la naturaleza machista del asesinato, este domingo, de una mujer nicarag\u00fcense de 35 a\u00f1os en la provincia de <b>Zaragoza<\/b>.\u00a0La pasada semana, cinco mujeres y un menor fueron asesinados en cr\u00edmenes de g\u00e9nero.<\/p>\n<p id=\"m323-1-324\" class=\"pb-article-item-iteration\" style=\"text-align: justify;\">En los \u00faltimos siete d\u00edas\u00a0se ha producido un <b>repunte de v\u00edctimas mortales del machismo<\/b>. En concreto, una mujer embarazada de tres meses y su hijo de siete a\u00f1os fueron asesinados <a title=\"Detenido el presunto autor de un doble asesinato machista de la localidad mallorquina de sa Pobla\" href=\"https:\/\/www.publico.es\/sociedad\/asesinados-mujer-y-hijo-siete-anos-localidad-mallorquina-sa-pobla.html\">en la localidad mallorquina de Sa Pobla el pasado lunes<\/a>;\u00a0<a title=\"Dos mujeres asesinadas en Catalu\u00f1a por sus parejas\" href=\"https:\/\/www.publico.es\/videos\/952740\/dos-mujeres-asesinadas-en-cataluna-por-sus-parejas\">otra mujer de 52 a\u00f1os<\/a> en Creixell (Tarragona); otra de 42 a\u00f1os en <a title=\"Investigan el asesinato de una mujer en Corbera de Llobregat como un nuevo caso de violencia machista\" href=\"https:\/\/www.publico.es\/sociedad\/investigan-asesinato-mujer-nuevo-caso.html\">Corbera <\/a>de Llobregat (Barcelona), un crimen que deja dos hijos hu\u00e9rfanos. A estos cuatro asesinatos se suma el de<a title=\"Las 48 horas de terror machista que han azotado Espa\u00f1a: cinco asesinatos en apenas dos d\u00edas\" href=\"https:\/\/www.publico.es\/sociedad\/48-horas-terror-machista-han-azotado-espana.html\"> una mujer de 48 a\u00f1os en Pola de Laviana (Asturias)<\/a> la madrugada del jueves y el acontecido este domingo en <b>Zaragoza<\/b>.<\/p>\n<p id=\"m328-2-329\" class=\"pb-article-item-iteration\" style=\"text-align: justify;\">En un mensaje en Twitter, la <b>Delegaci\u00f3n del Gobierno contra la Violencia de G\u00e9nero<\/b> ha recordado que la v\u00edctima ten\u00eda un hijo menor de edad y que exist\u00edan denuncias previas contra el presunto agresor. Son ya 14 el n\u00famero de mujeres muertas a manos de sus parejas o exparejas en lo que va de a\u00f1o y 1.092 desde 2003. El n\u00famero de menores hu\u00e9rfanos por violencia de g\u00e9nero en Espa\u00f1a asciende a seis en 2021 y a 310 desde 2013.<a id=\"m265-2-266\" class=\"page-item-link RelacionadaInline\" href=\"https:\/\/www.publico.es\/sociedad\/rosell-ultimos-asesinatos-machistas-momento-controlar-agresores.html\"><\/a><\/p>\n<div class=\"relacionadas\" style=\"text-align: justify;\">\n<div class=\"related-module related-news-between-text\">\n<div>\u00a0<\/div>\n<\/div>\n<\/div>\n<div id=\"m333-3-334\" class=\"social-container\" style=\"text-align: justify;\">\n<div id=\"m337-336-338\" class=\"module twitter-container col-12 col-md-12 col-lg-12\">\n<div class=\"twitter-tweet twitter-tweet-rendered\"><iframe id=\"twitter-widget-0\" class=\"\" title=\"Twitter Tweet\" src=\"https:\/\/platform.twitter.com\/embed\/Tweet.html?dnt=false&amp;embedId=twitter-widget-0&amp;features=eyJ0ZndfZXhwZXJpbWVudHNfY29va2llX2V4cGlyYXRpb24iOnsiYnVja2V0IjoxMjA5NjAwLCJ2ZXJzaW9uIjpudWxsfSwidGZ3X2hvcml6b25fdHdlZXRfZW1iZWRfOTU1NSI6eyJidWNrZXQiOiJodGUiLCJ2ZXJzaW9uIjpudWxsfSwidGZ3X3R3ZWV0X2VtYmVkX2NsaWNrYWJpbGl0eV8xMjEwMiI6eyJidWNrZXQiOiJjb250cm9sIiwidmVyc2lvbiI6bnVsbH19&amp;frame=false&amp;hideCard=false&amp;hideThread=false&amp;id=1396742305671954432&amp;lang=es&amp;origin=https%3A%2F%2Fwww.publico.es%2Fsociedad%2Fviolencia-machista-gobierno-confirma-sexta-victima-mortal-violencia-machista-semana.html&amp;sessionId=34f919598cc6b676e9015ccb326147c7fb328588&amp;siteScreenName=publico_es&amp;theme=light&amp;widgetsVersion=82e1070%3A1619632193066&amp;width=550px\" frameborder=\"0\" scrolling=\"no\" allowfullscreen=\"allowfullscreen\" data-tweet-id=\"1396742305671954432\" data-mce-fragment=\"1\"><\/iframe><\/div>\n<\/div>\n<\/div>\n<p id=\"m344-4-345\" class=\"pb-article-item-iteration\" style=\"text-align: justify;\">El crimen tuvo lugar <a title=\"Un hombre asesina a su mujer en Zaragoza\" href=\"https:\/\/www.publico.es\/sociedad\/violencia-machista-hombre-asesina-mujer-zaragoza.html\">la noche del s\u00e1bado al domingo en el barrio de Las Fuentes.<\/a> El presunto asesino mat\u00f3 a su pareja y posteriormente se arroj\u00f3 al vac\u00edo y fue detenido por la Polic\u00eda Nacional. Fuentes policiales informaron a Efe de que el hombre, que<b> ten\u00eda una orden de alejamiento de la v\u00edctima<\/b>, tiene numerosos antecedentes por diferentes delitos, entre ellos por malos tratos.<\/p>\n<div id=\"m477-5-478\" class=\"video-container\" style=\"text-align: justify;\">\n<div id=\"m481-480-482\" class=\"module video col-12 col-md-12 col-lg-12\">\n<div class=\"player-container\"><iframe loading=\"lazy\" id=\"f23424645651e88\" class=\"jsPlayerDM\" title=\"Dailymotion video player\" src=\"https:\/\/www.dailymotion.com\/embed\/video\/x81h9e3?ads_params=&amp;api=postMessage&amp;autoplay=false&amp;id=f23424645651e88&amp;logo=false&amp;origin=https%3A%2F%2Fwww.publico.es&amp;playlist=x72l9a&amp;syndication=277614\" width=\"100%\" height=\"270\" frameborder=\"0\" allowfullscreen=\"allowfullscreen\" data-mce-fragment=\"1\"><\/iframe><\/div>\n<\/div>\n<\/div>\n<p id=\"m349-5-350\" class=\"pb-article-item-iteration\" style=\"text-align: justify;\">El presidente del Gobierno, <b>Pedro S\u00e1nchez<\/b>, ha hecho un llamamiento al conjunto de la sociedad para no banalizar la violencia machista y ha pedido \u00abcombatir todos juntos sin ambages\u00bb este problema. \u00abEs una realidad dura e insoportable\u00bb, ha lamentado, y ha afirmado que el dolor y sufrimiento de las v\u00edctimas mueve a las instituciones a \u00abser m\u00e1s contundentes en la lucha\u00bb contra la violencia de g\u00e9nero.<\/p>\n<div id=\"m354-6-355\" class=\"social-container\" style=\"text-align: justify;\">\n<div id=\"m358-357-359\" class=\"module twitter-container col-12 col-md-12 col-lg-12\">\n<div class=\"twitter-tweet twitter-tweet-rendered\"><iframe id=\"twitter-widget-1\" class=\"\" title=\"Twitter Tweet\" src=\"https:\/\/platform.twitter.com\/embed\/Tweet.html?dnt=false&amp;embedId=twitter-widget-1&amp;features=eyJ0ZndfZXhwZXJpbWVudHNfY29va2llX2V4cGlyYXRpb24iOnsiYnVja2V0IjoxMjA5NjAwLCJ2ZXJzaW9uIjpudWxsfSwidGZ3X2hvcml6b25fdHdlZXRfZW1iZWRfOTU1NSI6eyJidWNrZXQiOiJodGUiLCJ2ZXJzaW9uIjpudWxsfSwidGZ3X3R3ZWV0X2VtYmVkX2NsaWNrYWJpbGl0eV8xMjEwMiI6eyJidWNrZXQiOiJjb250cm9sIiwidmVyc2lvbiI6bnVsbH19&amp;frame=false&amp;hideCard=false&amp;hideThread=false&amp;id=1396434759312678914&amp;lang=es&amp;origin=https%3A%2F%2Fwww.publico.es%2Fsociedad%2Fviolencia-machista-gobierno-confirma-sexta-victima-mortal-violencia-machista-semana.html&amp;sessionId=34f919598cc6b676e9015ccb326147c7fb328588&amp;siteScreenName=publico_es&amp;theme=light&amp;widgetsVersion=82e1070%3A1619632193066&amp;width=550px\" frameborder=\"0\" scrolling=\"no\" allowfullscreen=\"allowfullscreen\" data-tweet-id=\"1396434759312678914\" data-mce-fragment=\"1\"><\/iframe><\/div>\n<\/div>\n<\/div>\n<p id=\"m365-7-366\" class=\"pb-article-item-iteration\" style=\"text-align: justify;\">La ministra de Igualdad, <b>Irene Montero<\/b>, ha subrayado en Twitter que acabar con la violencia estructural contra las mujeres por el hecho de serlo debe ser una prioridad de las instituciones y de toda la sociedad. \u00abSeis asesinatos machistas. Cinco mujeres y un ni\u00f1o de 7 a\u00f1os. Pido toda la unidad e implicaci\u00f3n de todas y todos para que no haya ni una menos\u00bb, ha reclamado.<\/p>\n<p id=\"m370-8-371\" class=\"pb-article-item-iteration\" style=\"text-align: justify;\">Montero ha asegurado, en declaraciones a TVE, que las instituciones se est\u00e1n \u00abdejando la piel para <b>llegar siempre a tiempo\u00bb<\/b> y proteger a las mujeres, por eso es imprescindible revisar \u00abhasta el m\u00e1s m\u00ednimo detalle\u00bb para saber qu\u00e9 est\u00e1 fallando y modernizar herramientas y protocolos.<\/p>\n<div id=\"m375-9-376\" class=\"social-container\" style=\"text-align: justify;\">\n<div id=\"m379-378-380\" class=\"module twitter-container col-12 col-md-12 col-lg-12\">\n<div class=\"twitter-tweet twitter-tweet-rendered\"><iframe id=\"twitter-widget-2\" class=\"\" title=\"Twitter Tweet\" src=\"https:\/\/platform.twitter.com\/embed\/Tweet.html?dnt=false&amp;embedId=twitter-widget-2&amp;features=eyJ0ZndfZXhwZXJpbWVudHNfY29va2llX2V4cGlyYXRpb24iOnsiYnVja2V0IjoxMjA5NjAwLCJ2ZXJzaW9uIjpudWxsfSwidGZ3X2hvcml6b25fdHdlZXRfZW1iZWRfOTU1NSI6eyJidWNrZXQiOiJodGUiLCJ2ZXJzaW9uIjpudWxsfSwidGZ3X3R3ZWV0X2VtYmVkX2NsaWNrYWJpbGl0eV8xMjEwMiI6eyJidWNrZXQiOiJjb250cm9sIiwidmVyc2lvbiI6bnVsbH19&amp;frame=false&amp;hideCard=false&amp;hideThread=false&amp;id=1396756895709515781&amp;lang=es&amp;origin=https%3A%2F%2Fwww.publico.es%2Fsociedad%2Fviolencia-machista-gobierno-confirma-sexta-victima-mortal-violencia-machista-semana.html&amp;sessionId=34f919598cc6b676e9015ccb326147c7fb328588&amp;siteScreenName=publico_es&amp;theme=light&amp;widgetsVersion=82e1070%3A1619632193066&amp;width=550px\" frameborder=\"0\" scrolling=\"no\" allowfullscreen=\"allowfullscreen\" data-tweet-id=\"1396756895709515781\" data-mce-fragment=\"1\"><\/iframe><\/div>\n<\/div>\n<\/div>\n<p id=\"m386-10-387\" class=\"pb-article-item-iteration\" style=\"text-align: justify;\">La titular de Igualdad ha explicado que el repunte de asesinatos machistas se debe a <b>m\u00faltiples factores<\/b>, pero ha reconocido que el fin del estado de alarma y de las restricciones por la pandemia puede tener que ver, por lo que todas las instituciones deben estar \u00abespecialmente atentas\u00bb. \u00abTodas las miradas cuentan, tambi\u00e9n las de familiares, amigos y compa\u00f1eros de trabajo\u00bb, ha a\u00f1adido.<\/p>\n<p id=\"m391-11-392\" class=\"pb-article-item-iteration\" style=\"text-align: justify;\">Por su parte, la vicepresidenta primera del Gobierno,<b> Carmen Calvo<\/b>, ha recordado que con este asesinato ya son cinco mujeres y un ni\u00f1o las v\u00edctimas de la violencia de g\u00e9nero en una semana, y ha incidido en que acabar con la violencia machista es \u00abuna obligaci\u00f3n democr\u00e1tica que no admite tibiezas\u00bb.<\/p>\n<div class=\"relacionadas\">\n<div class=\"related-module related-news-between-text\">\n<div class=\"related\">\n<div id=\"m294-2-295\" class=\"item-related-news-between-text add-author no-icon\" data-collection=\"m246-245-247\">\u00a0<\/div>\n<\/div>\n<\/div>\n<\/div>\n<p>&nbsp;<\/p>\n<div id=\"lightbox\" class=\"lightbox\">\n<div class=\"lb-outerContainer\">\n<div class=\"lb-container\">\u00a0<\/div>\n<\/div>\n<div class=\"lb-dataContainer\">\n<div class=\"lb-data\">\n<div class=\"lb-details\"><span class=\"lb-caption\">FOTO: El tel\u00e9fono 016 contin\u00faa ofreciendo servicio a todas las mujeres que est\u00e9n siendo objeto de violencia machista. EFE<\/span><\/div>\n<div>https:\/\/www.publico.es\/sociedad\/violencia-machista-gobierno-confirma-sexta-victima-mortal-violencia-machista-semana.html?utm_medium=email&amp;utm_campaign=Newsletter%20diaria%20240521&amp;utm_content=Newsletter%20diaria%20240521+CID_ead5a55d6cf88573dbc5bb6300b34634&amp;utm_source=Campaign%20Monitor&amp;utm_term=El%20Gobierno%20confirma%20la%20sexta%20vctima%20mortal%20de%20la%20violencia%20machista%20en%20una%20semana<\/div>\n<div>\u00a0<\/div>\n<\/div>\n<\/div>\n<\/div>\n","protected":false},"excerpt":{"rendered":"<p>Cinco mujeres y un menor de edad han sido asesinados en los \u00faltimos siete d\u00edas&#8230;.<\/p>\n","protected":false},"author":1,"featured_media":47450,"comment_status":"closed","ping_status":"closed","sticky":false,"template":"","format":"standard","meta":{"_coblocks_attr":"","_coblocks_dimensions":"","_coblocks_responsive_height":"","_coblocks_accordion_ie_support":"","jetpack_post_was_ever_published":false,"_jetpack_newsletter_access":"","_jetpack_dont_email_post_to_subs":false,"_jetpack_newsletter_tier_id":0,"_jetpack_memberships_contains_paywalled_content":false,"_jetpack_memberships_contains_paid_content":false,"footnotes":"","jetpack_publicize_message":"","jetpack_publicize_feature_enabled":true,"jetpack_social_post_already_shared":false,"jetpack_social_options":{"image_generator_settings":{"template":"highway","default_image_id":0,"enabled":false},"version":2}},"categories":[1161,14,44,15],"tags":[41,1054],"class_list":["post-47449","post","type-post","status-publish","format-standard","has-post-thumbnail","hentry","category-ciudadania","category-feminismo","category-noticias-de-hoy","category-ultimas-noticias","tag-feminismo","tag-victimas"],"jetpack_publicize_connections":[],"jetpack_featured_media_url":"https:\/\/i0.wp.com\/miradordeatarfe.es\/wp-content\/uploads\/2021\/05\/5eef2b1c77586.r_1621878705729.0-0-900-600.jpeg?fit=990%2C660&ssl=1","jetpack_likes_enabled":true,"jetpack_sharing_enabled":true,"_links":{"self":[{"href":"https:\/\/miradordeatarfe.es\/index.php?rest_route=\/wp\/v2\/posts\/47449","targetHints":{"allow":["GET"]}}],"collection":[{"href":"https:\/\/miradordeatarfe.es\/index.php?rest_route=\/wp\/v2\/posts"}],"about":[{"href":"https:\/\/miradordeatarfe.es\/index.php?rest_route=\/wp\/v2\/types\/post"}],"author":[{"embeddable":true,"href":"https:\/\/miradordeatarfe.es\/index.php?rest_route=\/wp\/v2\/users\/1"}],"replies":[{"embeddable":true,"href":"https:\/\/miradordeatarfe.es\/index.php?rest_route=%2Fwp%2Fv2%2Fcomments&post=47449"}],"version-history":[{"count":1,"href":"https:\/\/miradordeatarfe.es\/index.php?rest_route=\/wp\/v2\/posts\/47449\/revisions"}],"predecessor-version":[{"id":47451,"href":"https:\/\/miradordeatarfe.es\/index.php?rest_route=\/wp\/v2\/posts\/47449\/revisions\/47451"}],"wp:featuredmedia":[{"embeddable":true,"href":"https:\/\/miradordeatarfe.es\/index.php?rest_route=\/wp\/v2\/media\/47450"}],"wp:attachment":[{"href":"https:\/\/miradordeatarfe.es\/index.php?rest_route=%2Fwp%2Fv2%2Fmedia&parent=47449"}],"wp:term":[{"taxonomy":"category","embeddable":true,"href":"https:\/\/miradordeatarfe.es\/index.php?rest_route=%2Fwp%2Fv2%2Fcategories&post=47449"},{"taxonomy":"post_tag","embeddable":true,"href":"https:\/\/miradordeatarfe.es\/index.php?rest_route=%2Fwp%2Fv2%2Ftags&post=47449"}],"curies":[{"name":"wp","href":"https:\/\/api.w.org\/{rel}","templated":true}]}}