{"id":47460,"date":"2021-05-29T08:01:35","date_gmt":"2021-05-29T06:01:35","guid":{"rendered":"http:\/\/miradordeatarfe.es\/?p=47460"},"modified":"2021-05-24T21:04:46","modified_gmt":"2021-05-24T19:04:46","slug":"el-gobierno-tramitara-en-junio-la-ley-organica-de-formacion-profesional","status":"publish","type":"post","link":"https:\/\/miradordeatarfe.es\/?p=47460","title":{"rendered":"El Gobierno tramitar\u00e1 en junio la Ley Org\u00e1nica de Formaci\u00f3n Profesional"},"content":{"rendered":"<div class=\"articulo-antetitulo \">\n<div class=\"articulo-subtitulos\">\n<h2 class=\"articulo-subtitulo\" style=\"text-align: justify;\">Sindicatos y patronal trabajan con el Gobierno en mejorar este aspecto<time class=\"articulo-actualizado\" datetime=\"2021-05-24T19:46:26+02:00\"><abbr title=\"Central European Summer Time\"><\/abbr> <\/time><\/h2>\n<\/div>\n<\/div>\n<div id=\"articulo__contenedor\" class=\"articulo__contenedor\">\n<div id=\"cuerpo_noticia\" class=\"articulo-cuerpo\">\n<p style=\"text-align: justify;\">La ministra de Educaci\u00f3n y Formaci\u00f3n Profesional, Isabel Cela\u00e1, ha anunciado hoy, durante la presentaci\u00f3n de la <em>Alianza por la Formaci\u00f3n Profesional: Una estrategia de pa\u00eds<\/em>, que llevar\u00e1 la Ley org\u00e1nica de Formaci\u00f3n Profesional al Consejo de Ministros el pr\u00f3ximo mes.<\/p>\n<p style=\"text-align: justify;\">El acto cont\u00f3 con la participaci\u00f3n de Ant\u00f3n Costas, presidente del Consejo Econ\u00f3mico y Social; Antonio Garamendi, presidente de CEOE; Gerardo Cueva, presidente de CEPYME; Pepe \u00c1lvarez, secretario general de UGT y Unai Sordo, secretario general de CCOO. La ministra les agradeci\u00f3 su \u201cexcelente disposici\u00f3n\u201d a formar parte de esta Alianza que tiene \u201cvocaci\u00f3n de permanencia\u201d<\/p>\n<p style=\"text-align: justify;\">Cela\u00e1 manifest\u00f3 que su equipo est\u00e1 trabajando \u201cintensamente\u201d en la Ley org\u00e1nica que va a consolidar un sistema de Formaci\u00f3n Profesional \u201cdual \u00fanico, integrado, en \u00edntima sinton\u00eda con los planteamientos europeos m\u00e1s ambiciosos\u201d, seg\u00fan recoge Europa Press.<\/p>\n<p style=\"text-align: justify;\">Durante su intervenci\u00f3n, la titular de Educaci\u00f3n hizo hincapi\u00e9 en que el objetivo es \u201ctransformar radicalmente la Formaci\u00f3n Profesional convirti\u00e9ndola en una formaci\u00f3n de \u00e9xito asociada a talento e innovaci\u00f3n y tambi\u00e9n a la mejora de la empleabilidad y competitividad\u201d.<\/p>\n<p style=\"text-align: justify;\">Para clausurar el acto, Cela\u00e1 afirm\u00f3 que \u201cno hay Formaci\u00f3n Profesional sin empresa pero tampoco hay empresa de calidad sin trabajadores bien formados\u201d. \u201cPara acercarnos a esa meta com\u00fan, esta \u2018Alianza por la Formaci\u00f3n Profesional\u2019 es un paso siginificativo. Es el salto de esa revoluci\u00f3n silenciosa a la visibilizaci\u00f3n\u201d, subray\u00f3 la ministra.<\/p>\n<p style=\"text-align: justify;\">Por su parte, el presidente del Consejo Econ\u00f3mico y Social, Ant\u00f3n Costas, defendi\u00f3 que la Formaci\u00f3n Profesional es \u201cun instrumento poderoso para abordar los problemas del sistema econ\u00f3mico y productivo\u201d.<\/p>\n<p style=\"text-align: justify;\">A su juicio, la Formaci\u00f3n Profesional es \u201cuna potente palanca tanto para transformar el modelo productivo como para que los j\u00f3venes reciban aquellas virtudes necesarias para lograr ser en la vida aquello que tienen motivos para desear ser\u201d.<\/p>\n<p style=\"text-align: justify;\">Mientras, el secretario general de CC OO, Unai Sordo, apunt\u00f3 que es necesario \u201cimpulsar a trav\u00e9s de la Formaci\u00f3n Profesional la capacidad de detectar los cambios en el sistema productivo y traducir de forma \u00e1gil esas nuevas necesidades en planes formativos modulares\u201d. Adem\u00e1s, a\u00f1adi\u00f3 que hay que definir o redefinir un modelo que, en su opini\u00f3n, tiene que partir de \u201cun avance sustancial en la integraci\u00f3n de los distintos subsistemas de formaci\u00f3n\u201d.<\/p>\n<p style=\"text-align: justify;\">Por su parte, Gerardo Cueva, presidente de CEPYME, argument\u00f3: \u201cDebemos trabajar sin complejos para acercar la Formaci\u00f3n Profesional a las realidades de las empresas espa\u00f1olas. Hay que adaptarse, buscar las particularidades de las PYMES para poder implementar la FP de forma exitosa\u201d.<\/p>\n<p style=\"text-align: justify;\">Finalmente, el presidente de la CEOE, Antonio Garamendi, se\u00f1al\u00f3 que est\u00e1n trabajando \u201cmuch\u00edsimo\u201d con la Formaci\u00f3n Profesional Dual y defendi\u00f3 que esa simbiosis entre empresa, alumnado y profesores es \u201cclave\u201d. \u201cTenemos que trabajarlo en la gran empresa, pero debe llegar a la pyme. Es donde realmente va a estar el futuro\u201d, concluy\u00f3.<\/p>\n<h3 style=\"text-align: justify;\">Plan de trabajo para la FP<\/h3>\n<p style=\"text-align: justify;\">La Alianza por la Formaci\u00f3n Profesional contar\u00e1 con un plan de trabajo anual en el que se perfilar\u00e1n actuaciones concretas para la consecuci\u00f3n de estos objetivos. Entre las l\u00edneas de actuaci\u00f3n, destacan la apertura de convocatorias de proyectos de innovaci\u00f3n para el intercambio y la difusi\u00f3n de buenas pr\u00e1cticas entre centros de formaci\u00f3n y empresas, y la creaci\u00f3n de la plataforma FPConecta, que servir\u00e1 para movilizar el ecosistema de la Formaci\u00f3n Profesional integrado por todas las entidades miembro de esta iniciativa, seg\u00fan inform\u00f3 Educaci\u00f3n<\/p>\n<div class=\"firma \" style=\"text-align: justify;\">\n<div class=\"autor\">\n<div class=\"autor-texto\"><span class=\"autor-nombre\"><a title=\"Ver todas las noticias de EP\" href=\"https:\/\/cincodias.elpais.com\/autor\/ep_europa_press\/a\/\">EP <\/a> <\/span><\/div>\n<\/div>\n<\/div>\n<figure class=\"foto derecha foto_w980\" style=\"text-align: justify;\"><figcaption class=\"foto-pie\"><span class=\"foto-texto\">FOTO: La ministra de Educaci\u00f3n y Formaci\u00f3n Profesional, Isabel Cela\u00e1 en la presentaci\u00f3n de la &#8216;Alianza por la Formaci\u00f3n Profesional: una estrategia de pa\u00eds&#8217;, a 24 de mayo de 2021, en la Casa de Am\u00e9rica, Madrid<\/span> <span class=\"foto-firma\"> <span class=\"foto-agencia\">Europa Press<\/span><\/span><\/figcaption><\/figure>\n<\/div>\n<\/div>\n","protected":false},"excerpt":{"rendered":"<p>Sindicatos y patronal trabajan con el Gobierno en mejorar este aspecto La ministra de Educaci\u00f3n&#8230;<\/p>\n","protected":false},"author":1,"featured_media":47462,"comment_status":"closed","ping_status":"closed","sticky":false,"template":"","format":"standard","meta":{"_coblocks_attr":"","_coblocks_dimensions":"","_coblocks_responsive_height":"","_coblocks_accordion_ie_support":"","jetpack_post_was_ever_published":false,"_jetpack_newsletter_access":"","_jetpack_dont_email_post_to_subs":false,"_jetpack_newsletter_tier_id":0,"_jetpack_memberships_contains_paywalled_content":false,"_jetpack_memberships_contains_paid_content":false,"footnotes":"","jetpack_publicize_message":"","jetpack_publicize_feature_enabled":true,"jetpack_social_post_already_shared":false,"jetpack_social_options":{"image_generator_settings":{"template":"highway","default_image_id":0,"enabled":false},"version":2}},"categories":[1161,44,6937,15],"tags":[1041,845,2961,78],"class_list":["post-47460","post","type-post","status-publish","format-standard","has-post-thumbnail","hentry","category-ciudadania","category-noticias-de-hoy","category-sociedad","category-ultimas-noticias","tag-fp","tag-gobierno","tag-patronal","tag-sindicatos"],"jetpack_publicize_connections":[],"jetpack_featured_media_url":"https:\/\/i0.wp.com\/miradordeatarfe.es\/wp-content\/uploads\/2021\/05\/FP.jpg?fit=1960%2C900&ssl=1","jetpack_likes_enabled":true,"jetpack_sharing_enabled":true,"_links":{"self":[{"href":"https:\/\/miradordeatarfe.es\/index.php?rest_route=\/wp\/v2\/posts\/47460","targetHints":{"allow":["GET"]}}],"collection":[{"href":"https:\/\/miradordeatarfe.es\/index.php?rest_route=\/wp\/v2\/posts"}],"about":[{"href":"https:\/\/miradordeatarfe.es\/index.php?rest_route=\/wp\/v2\/types\/post"}],"author":[{"embeddable":true,"href":"https:\/\/miradordeatarfe.es\/index.php?rest_route=\/wp\/v2\/users\/1"}],"replies":[{"embeddable":true,"href":"https:\/\/miradordeatarfe.es\/index.php?rest_route=%2Fwp%2Fv2%2Fcomments&post=47460"}],"version-history":[{"count":1,"href":"https:\/\/miradordeatarfe.es\/index.php?rest_route=\/wp\/v2\/posts\/47460\/revisions"}],"predecessor-version":[{"id":47461,"href":"https:\/\/miradordeatarfe.es\/index.php?rest_route=\/wp\/v2\/posts\/47460\/revisions\/47461"}],"wp:featuredmedia":[{"embeddable":true,"href":"https:\/\/miradordeatarfe.es\/index.php?rest_route=\/wp\/v2\/media\/47462"}],"wp:attachment":[{"href":"https:\/\/miradordeatarfe.es\/index.php?rest_route=%2Fwp%2Fv2%2Fmedia&parent=47460"}],"wp:term":[{"taxonomy":"category","embeddable":true,"href":"https:\/\/miradordeatarfe.es\/index.php?rest_route=%2Fwp%2Fv2%2Fcategories&post=47460"},{"taxonomy":"post_tag","embeddable":true,"href":"https:\/\/miradordeatarfe.es\/index.php?rest_route=%2Fwp%2Fv2%2Ftags&post=47460"}],"curies":[{"name":"wp","href":"https:\/\/api.w.org\/{rel}","templated":true}]}}