{"id":47463,"date":"2021-05-29T09:06:11","date_gmt":"2021-05-29T07:06:11","guid":{"rendered":"http:\/\/miradordeatarfe.es\/?p=47463"},"modified":"2021-05-24T21:17:34","modified_gmt":"2021-05-24T19:17:34","slug":"como-puede-ayudar-el-reciclado-quimico-a-conseguir-una-economia-circular","status":"publish","type":"post","link":"https:\/\/miradordeatarfe.es\/?p=47463","title":{"rendered":"\u00bfC\u00f3mo puede ayudar el reciclado qu\u00edmico a conseguir una econom\u00eda circular?"},"content":{"rendered":"<div id=\"articulo-titulares\" class=\"articulo-titulares\">\n<div class=\"articulo-subtitulos\">\n<h3 class=\"articulo-subtitulo\" style=\"text-align: justify;\">Esta alternativa a la incineraci\u00f3n descompone los residuos pl\u00e1sticos de dif\u00edcil reciclabilidad en sus componentes b\u00e1sicos y pueden utilizarse para producir nuevos productos qu\u00edmicos o pl\u00e1sticos<\/h3>\n<p style=\"text-align: justify;\">A pesar de una mayor apuesta por la econom\u00eda circular y el reciclaje, tenemos el inmenso reto a nivel global de gestionar adecuadamente los residuos. De aqu\u00ed al a\u00f1o 2050, el objetivo de alcanzar la neutralidad clim\u00e1tica pasa por aprovechar mejor los residuos como nuevos recursos y conseguir una econom\u00eda verdaderamente circular. Para ello, el reciclado qu\u00edmico tiene el potencial de ser una tecnolog\u00eda complementaria a las actualmente existentes y que nos ayudar\u00e1n a conseguir los ambiciosos objetivos que tenemos por delante.<\/p>\n<p style=\"text-align: justify;\">El \u00faltimo a\u00f1o, debido a la pandemia, nos ha servido para acelerar algunas tendencias que se vislumbraban en un futuro m\u00e1s lejano. La digitalizaci\u00f3n ha entrado en las vidas de todos y cada uno de nosotros y ha permitido a la sociedad (Administraci\u00f3n, sector privado, centros educativos, etc.) estar m\u00e1s conectada que nunca en momentos muy complicados. La sostenibilidad ha sido otra tendencia que ha estado muy presente en este periodo de tiempo. La pandemia nos ha concienciado de que apostar por la sostenibilidad no es opcional y aquellos que no innoven y no inviertan en reducir su impacto ambiental, simplemente, tendr\u00e1n dificultades para sobrevivir.<\/p>\n<section id=\"sumario_3|video\" class=\"sumario_video centro\">\n<div id=\"sumario__interior\">\n<div id=\"videonoticia\" class=\"media\">\n<figure class=\"foto  media\">\n<div id=\"multimediaPlayer_014177852\" class=\"MPEP_video_externo\"><iframe loading=\"lazy\" src=\"https:\/\/www.youtube.com\/embed\/PTR_XGFqydc?wmode=transparent\" width=\"100%\" height=\"100%\" frameborder=\"0\" scrolling=\"no\" allowfullscreen=\"allowfullscreen\" data-mce-fragment=\"1\"><\/iframe><\/div>\n<\/figure>\n<\/div>\n<div class=\"sumario-texto\">\u00a0<\/div>\n<\/div>\n<\/section>\n<p style=\"text-align: justify;\">En el \u00e1mbito de la sostenibilidad, la pandemia tambi\u00e9n ha puesto de manifiesto la importancia y la relevancia que tiene el pl\u00e1stico en multitud de usos cotidianos, como, por ejemplo y el m\u00e1s evidente, con el material sanitario (tiritas, equipos de protecci\u00f3n, respiradores, mascarillas, etc.). Pero debemos ser conscientes de que el pl\u00e1stico se utiliza en productos de otros muchos sectores (piezas para los autom\u00f3viles, materiales para el aislamiento t\u00e9rmico o envases para alimentaci\u00f3n, entre otros) y que nos acompa\u00f1an en nuestro d\u00eda a d\u00eda.<\/p>\n<p style=\"text-align: justify;\">La Uni\u00f3n Europea ha presentado en los \u00faltimos a\u00f1os distintas iniciativas y planes para liderar la transici\u00f3n hacia los pl\u00e1sticos del futuro. El objetivo de Europa es sentar las bases de una nueva econom\u00eda del pl\u00e1stico, donde las etapas de dise\u00f1o y la producci\u00f3n de productos pl\u00e1sticos est\u00e9n perfectamente alineadas con las de reutilizaci\u00f3n y reciclaje, a la vez que se desarrollan y promueven nuevos materiales m\u00e1s sostenibles.<\/p>\n<section id=\"sumario_4|html\" class=\"sumario_html centro\">\n<div class=\"sumario__interior\">\n<div class=\"sumario-texto\">\n<p><iframe loading=\"lazy\" id=\"audio_69984286\" src=\"https:\/\/www.ivoox.com\/player_ej_69984286_4_1.html?c1=ff6600\" width=\"320\" height=\"200\" frameborder=\"0\" scrolling=\"no\" allowfullscreen=\"allowfullscreen\" data-mce-fragment=\"1\"><\/iframe><\/p>\n<\/div>\n<\/div>\n<\/section>\n<p style=\"text-align: justify;\">Actualmente, en la Uni\u00f3n Europea se generan unos 30 millones de toneladas de residuos pl\u00e1sticos, de los que \u00fanicamente se reciclan un tercio a trav\u00e9s del reciclaje mec\u00e1nico. El resto se recupera energ\u00e9ticamente o se deposita en vertederos, desperdiciando una gran cantidad de recursos que se podr\u00edan volver a introducir en una econom\u00eda m\u00e1s circular.<\/p>\n<p style=\"text-align: justify;\">Durante los \u00faltimos a\u00f1os, gracias a la innovaci\u00f3n y al desarrollo de nuevas tecnolog\u00edas, el reciclado qu\u00edmico se ha configurado como una soluci\u00f3n adicional al complicado reto de los residuos pl\u00e1sticos, siendo complementaria al reciclado mec\u00e1nico y una alternativa fiable, eficiente y con un menor impacto ambiental que la incineraci\u00f3n. El reciclado qu\u00edmico consiste en descomponer los residuos pl\u00e1sticos de dif\u00edcil reciclabilidad u otros flujos de pol\u00edmeros en sus componentes b\u00e1sicos, que pueden utilizarse para producir nuevos productos qu\u00edmicos o nuevos pl\u00e1sticos.<\/p>\n<h3 style=\"text-align: justify;\"><strong>Bondades<\/strong><\/h3>\n<p style=\"text-align: justify;\">Esta tecnolog\u00eda presenta numerosas ventajas: es <strong>complementaria al reciclaje mec\u00e1nico<\/strong>, por lo que se incrementar\u00e1n las tasas de reciclado; <strong>sustituye la extracci\u00f3n de recursos f\u00f3siles por la materia prima reciclada generando ahorro de emisiones de CO<sub>2<\/sub><\/strong>; <strong>contribuye a una econom\u00eda circular<\/strong> donde el residuo pl\u00e1stico se convierte en materia prima para la industria; se obtienen <strong>productos de la misma calidad<\/strong> equivalente a los procedentes de materia prima f\u00f3sil; se <strong>proporciona una soluci\u00f3n para los residuos<\/strong> que a d\u00eda de hoy terminan en un vertedero o incinerados.<\/p>\n<p style=\"text-align: justify;\">Son numerosas las empresas, tanto a nivel europeo como nacional, que est\u00e1n invirtiendo y apostando por esta tecnolog\u00eda con el objetivo de aportar soluciones al reto de la gesti\u00f3n de los residuos pl\u00e1sticos.<\/p>\n<p style=\"text-align: justify;\">Nos encontramos en un momento crucial. A nivel europeo, el Pacto Verde Europeo se configura como la hoja de ruta para que Europa alcance la neutralidad clim\u00e1tica en 2050. La econom\u00eda circular debe ser un aliado en este objetivo y debe apoyar iniciativas e innovaciones industriales que ayuden a mantener los recursos en la econom\u00eda productiva el mayor tiempo posible, a la vez que se reducen las emisiones.<\/p>\n<p style=\"text-align: justify;\">A nivel nacional, el Gobierno tambi\u00e9n ha establecido la necesidad de alcanzar la neutralidad clim\u00e1tica en 2050 (o antes si es posible). Adem\u00e1s, la reci\u00e9n aprobada Estrategia Espa\u00f1ola de Econom\u00eda Circular y la futura Ley de residuos y suelos contaminados marcar\u00e1n el camino y las futuras actuaciones para conseguir una econom\u00eda circular sin fisuras ni escapes. Objetivos m\u00e1s ambiciosos de reciclaje de residuos y productos con material reciclado, son algunas de las medidas que las empresas tendr\u00e1n que cumplir en los pr\u00f3ximos a\u00f1os.<\/p>\n<p style=\"text-align: justify;\">Sin duda alguna, el reciclado qu\u00edmico re\u00fane las condiciones para ser, junto con otras tecnolog\u00edas de reciclado, parte de la soluci\u00f3n a la gesti\u00f3n de residuos pl\u00e1sticos. Jugar\u00e1 un papel relevante en el futuro y, tanto Administraciones, reguladores, industrias y consumidores deber\u00e1n colaborar conjuntamente para que las innovaciones del sector privado puedan beneficiar al medio ambiente y a la sociedad en su conjunto.<\/p>\n<p style=\"text-align: justify;\">Para ello, es imprescindible que la legislaci\u00f3n, tanto a nivel nacional como a nivel europeo, establezca un marco regulatorio para el reciclaje qu\u00edmico y, por lo tanto, que esta tecnolog\u00eda contribuya a alcanzar una econom\u00eda m\u00e1s circular. Sin duda alguna, un paso necesario e imprescindible es reconocer que los productos basados en materias primas recicladas qu\u00edmicamente contabilicen para lograr los objetivos de contenido reciclado.<\/p>\n<p>https:\/\/cincodias.elpais.com\/cincodias\/2021\/05\/12\/extras\/1620820731_893635.html<\/p>\n<\/div>\n<\/div>\n<figure class=\"foto derecha foto_w980\">FOTO: <span class=\"foto-firma\"><span class=\"foto-autor\">Getty Images<\/span><\/span><\/figure>\n","protected":false},"excerpt":{"rendered":"<p>Esta alternativa a la incineraci\u00f3n descompone los residuos pl\u00e1sticos de dif\u00edcil reciclabilidad en sus componentes&#8230;<\/p>\n","protected":false},"author":1,"featured_media":47464,"comment_status":"closed","ping_status":"closed","sticky":false,"template":"","format":"standard","meta":{"_coblocks_attr":"","_coblocks_dimensions":"","_coblocks_responsive_height":"","_coblocks_accordion_ie_support":"","jetpack_post_was_ever_published":false,"_jetpack_newsletter_access":"","_jetpack_dont_email_post_to_subs":false,"_jetpack_newsletter_tier_id":0,"_jetpack_memberships_contains_paywalled_content":false,"_jetpack_memberships_contains_paid_content":false,"footnotes":"","jetpack_publicize_message":"","jetpack_publicize_feature_enabled":true,"jetpack_social_post_already_shared":false,"jetpack_social_options":{"image_generator_settings":{"template":"highway","default_image_id":0,"enabled":false},"version":2}},"categories":[7725,1161,44,6937,15],"tags":[6656,1027],"class_list":["post-47463","post","type-post","status-publish","format-standard","has-post-thumbnail","hentry","category-atarfe-sostenible","category-ciudadania","category-noticias-de-hoy","category-sociedad","category-ultimas-noticias","tag-economia-circular","tag-plasticos"],"jetpack_publicize_connections":[],"jetpack_featured_media_url":"https:\/\/i0.wp.com\/miradordeatarfe.es\/wp-content\/uploads\/2021\/05\/1620820731_893635_1620830955_noticia_normal_recorte1.jpg?fit=1960%2C1000&ssl=1","jetpack_likes_enabled":true,"jetpack_sharing_enabled":true,"_links":{"self":[{"href":"https:\/\/miradordeatarfe.es\/index.php?rest_route=\/wp\/v2\/posts\/47463","targetHints":{"allow":["GET"]}}],"collection":[{"href":"https:\/\/miradordeatarfe.es\/index.php?rest_route=\/wp\/v2\/posts"}],"about":[{"href":"https:\/\/miradordeatarfe.es\/index.php?rest_route=\/wp\/v2\/types\/post"}],"author":[{"embeddable":true,"href":"https:\/\/miradordeatarfe.es\/index.php?rest_route=\/wp\/v2\/users\/1"}],"replies":[{"embeddable":true,"href":"https:\/\/miradordeatarfe.es\/index.php?rest_route=%2Fwp%2Fv2%2Fcomments&post=47463"}],"version-history":[{"count":1,"href":"https:\/\/miradordeatarfe.es\/index.php?rest_route=\/wp\/v2\/posts\/47463\/revisions"}],"predecessor-version":[{"id":47465,"href":"https:\/\/miradordeatarfe.es\/index.php?rest_route=\/wp\/v2\/posts\/47463\/revisions\/47465"}],"wp:featuredmedia":[{"embeddable":true,"href":"https:\/\/miradordeatarfe.es\/index.php?rest_route=\/wp\/v2\/media\/47464"}],"wp:attachment":[{"href":"https:\/\/miradordeatarfe.es\/index.php?rest_route=%2Fwp%2Fv2%2Fmedia&parent=47463"}],"wp:term":[{"taxonomy":"category","embeddable":true,"href":"https:\/\/miradordeatarfe.es\/index.php?rest_route=%2Fwp%2Fv2%2Fcategories&post=47463"},{"taxonomy":"post_tag","embeddable":true,"href":"https:\/\/miradordeatarfe.es\/index.php?rest_route=%2Fwp%2Fv2%2Ftags&post=47463"}],"curies":[{"name":"wp","href":"https:\/\/api.w.org\/{rel}","templated":true}]}}