{"id":47475,"date":"2021-05-29T10:38:10","date_gmt":"2021-05-29T08:38:10","guid":{"rendered":"http:\/\/miradordeatarfe.es\/?p=47475"},"modified":"2021-05-24T21:40:41","modified_gmt":"2021-05-24T19:40:41","slug":"la-cara-menos-deseada-de-los-paneles-solares","status":"publish","type":"post","link":"https:\/\/miradordeatarfe.es\/?p=47475","title":{"rendered":"La cara menos deseada de los paneles solares"},"content":{"rendered":"<div class=\"voc-detail voc-detail-grid\" data-voc-share-selection=\"\">\n<div class=\"voc-detail-header\">\n<h2>Las instalaciones fotovoltaicas han registrado un incremento importante los \u00faltimos a\u00f1os, pero los planes para dar una salida a sus millones de toneladas de residuos anuales a\u00fan siguen estancados<\/h2>\n<figure class=\"voc-main-figure \"><\/figure>\n<\/div>\n<p style=\"text-align: justify;\">En el a\u00f1o de la gran crisis econ\u00f3mica derivada de la pandemia de la covid-19, las energ\u00edas renovables sacaron pecho. As\u00ed se demuestra en las cifras registradas en 2020, seg\u00fan el informe publicado este abril por la Agencia Internacional de Energ\u00edas Renovables (Irena).<\/p>\n<p style=\"text-align: justify;\">El crecimiento anual de las fuentes verdes el pasado ejercicio fue un 50% superior al registrado el a\u00f1o anterior, se\u00f1al inequ\u00edvoca de la clara tendencia al alza en este tipo de instalaciones de producci\u00f3n de electricidad en las que no se generan gases de efecto invernadero. La energ\u00eda e\u00f3lica duplic\u00f3 su expansi\u00f3n en 2020 en comparaci\u00f3n con 2019, pero el mayor crecimiento se produjo en la energ\u00eda solar.<\/p>\n<p style=\"text-align: justify;\">Esta se ha puesto ya casi al mismo nivel que la capacidad e\u00f3lica, gracias sobre todo a China: 49 GW a\u00f1adidos el a\u00f1o pasado, m\u00e1s de un tercio (36%) de su nueva aportaci\u00f3n renovable al sistema. Asia en total sum\u00f3 78 GW y la mitad de la nueva producci\u00f3n verde en EE UU tuvo origen solar (15 GW de un total de 29 GW). Seg\u00fan la Agencia Internacional de la Energ\u00eda (IEA), la capacidad de generaci\u00f3n energ\u00e9tica a partir de fuentes renovables crecer\u00e1 un 50% en los pr\u00f3ximos cinco a\u00f1os impulsada, especialmente, por las fuentes de origen solar.<\/p>\n<p style=\"text-align: justify;\">El principal organismo mundial del sector apunta a que la instalaci\u00f3n de paneles fotovoltaicos solares ser\u00e1 la culpable de esta expansi\u00f3n, muy por encima de la construcci\u00f3n de parques e\u00f3licos. Una gran noticia para el impulso de esta energ\u00eda limpia, pero que deja una &#8216;cara B&#8217; a\u00fan sin resolver: el rastro contaminante de los paneles ya inservibles.<\/p>\n<p style=\"text-align: justify;\">Solo los equipos que llegar\u00e1n al final de su vida \u00fatil en nueve a\u00f1os supondr\u00e1n ocho millones de toneladas de residuos. Esta cifra se multiplicar\u00e1 por 10 a mediados de siglo y supondr\u00e1 m\u00e1s del 10% del total de basura electr\u00f3nica mundial, seg\u00fan un estudio publicado en &#8216;Nature Energy&#8217;.<\/p>\n<p style=\"text-align: justify;\">Entre los componentes que conforman los paneles solares, la industria fotovoltaica hace uso de importantes materiales y muy valiosos como, por ejemplo, la plata y otros mucho m\u00e1s costosos de producir y conseguir como el silicio. A ellos, adem\u00e1s, se le suma el cadmio y el plomo, dos componentes muy t\u00f3xicos.<\/p>\n<div class=\"voc-detail-summary\" style=\"text-align: justify;\">\n<p>A mediados de siglo, los equipos inservibles supondr\u00e1n m\u00e1s del 10% de la basura electr\u00f3nica mundial<\/p>\n<\/div>\n<p style=\"text-align: justify;\">La fiebre de la fotovoltaica desatada en 2020 y que contin\u00faa durante este ejercicio ha provocado que se busquen alternativas m\u00e1s econ\u00f3micas para evitar que el coste final del despliegue de estas instalaciones se dispare. Adem\u00e1s, est\u00e1n surgiendo nuevos materiales, como las perovskitas de haluro de plomo, pero son inestables y contienen plomo, uno de los elementos m\u00e1s contaminantes. Y aunque el fin de la vida \u00fatil de todas estas instalaciones supone una clara preocupaci\u00f3n, tambi\u00e9n lo es el proceso de extracci\u00f3n, fabricaci\u00f3n y transporte de los elementos implicados en los paneles fotovoltaicos.<\/p>\n<h3 style=\"text-align: justify;\">Recuperar vidrio y silicio<\/h3>\n<p style=\"text-align: justify;\">M\u00e1s del 88% de los materiales contenidos en un panel fotovoltaico son recuperables gracias a la tecnolog\u00eda de reciclaje desarrollada hasta la fecha, seg\u00fan un estudio de Recyclia, la entidad administradora de las principales fundaciones medioambientales nacionales, en colaboraci\u00f3n con la empresa Recyberica Ambiental. En Espa\u00f1a, desde febrero de 2015, los fabricantes e importadores de paneles fotovoltaicos est\u00e1n obligados a organizar y financiar la recogida y reciclaje al finalizar su vida \u00fatil.<\/p>\n<p style=\"text-align: justify;\">Por cada tonelada de paneles fotovoltaicos, con un peso medio aproximado de 35 kilos por unidad, la tecnolog\u00eda actual presente en el mercado permite recuperar en torno a 750 kilos de vidrio y materiales afines al silicio. En este sentido, el Programa de Sistemas Fotovoltaicos (IEA-PVPS), que pertenece a la Agencia Internacional de Energ\u00eda Renovable (IRENA), estima que en el horizonte de 2050 estas instalaciones solares podr\u00edan constituir casi 80 millones de toneladas de residuos en el mundo.<\/p>\n<p style=\"text-align: justify;\">Un panel solar incluye asimismo otras piezas, como la caja de terminales, diodos y elementos de circuiter\u00eda. Pero, en definitiva, si se habla de los materiales destacan el vidrio y el aluminio. Podr\u00eda afirmarse entonces que es posible reciclar los paneles solares casi por completo, aunque no totalmente: elementos como la plata, la silicona o la hojalata no se pueden reutilizar.<\/p>\n<div class=\"voc-author-timesocial\">\n<div class=\"voc-author-timesocial__voc-container-info-signature\">\n<div>\n<div class=\"voc-author-info\" style=\"text-align: justify;\"><strong><a class=\"voc-author\" title=\"J. A. GONZ\u00c1LEZ\">J. A. GONZ\u00c1LEZ\u00a0<\/a><\/strong><\/div>\n<div style=\"text-align: justify;\">https:\/\/www.ideal.es\/tecnologia\/innova-en-verde\/cara-deseada-paneles-20210429073159-ntrc.html<\/div>\n<div style=\"text-align: justify;\">\u00a0<\/div>\n<\/div>\n<\/div>\n<\/div>\n<\/div>\n","protected":false},"excerpt":{"rendered":"<p>Las instalaciones fotovoltaicas han registrado un incremento importante los \u00faltimos a\u00f1os, pero los planes para&#8230;<\/p>\n","protected":false},"author":1,"featured_media":47476,"comment_status":"closed","ping_status":"closed","sticky":false,"template":"","format":"standard","meta":{"_coblocks_attr":"","_coblocks_dimensions":"","_coblocks_responsive_height":"","_coblocks_accordion_ie_support":"","jetpack_post_was_ever_published":false,"_jetpack_newsletter_access":"","_jetpack_dont_email_post_to_subs":false,"_jetpack_newsletter_tier_id":0,"_jetpack_memberships_contains_paywalled_content":false,"_jetpack_memberships_contains_paid_content":false,"footnotes":"","jetpack_publicize_message":"","jetpack_publicize_feature_enabled":true,"jetpack_social_post_already_shared":false,"jetpack_social_options":{"image_generator_settings":{"template":"highway","default_image_id":0,"enabled":false},"version":2}},"categories":[1161,9,44,6920,15],"tags":[8338,8339],"class_list":["post-47475","post","type-post","status-publish","format-standard","has-post-thumbnail","hentry","category-ciudadania","category-medio-ambiente","category-noticias-de-hoy","category-tecnologia","category-ultimas-noticias","tag-placas-solares","tag-residuos-anuales"],"jetpack_publicize_connections":[],"jetpack_featured_media_url":"https:\/\/i0.wp.com\/miradordeatarfe.es\/wp-content\/uploads\/2021\/05\/planeles-kIDC-U140185282201GgF-624x385%40RC.jpg?fit=624%2C385&ssl=1","jetpack_likes_enabled":true,"jetpack_sharing_enabled":true,"_links":{"self":[{"href":"https:\/\/miradordeatarfe.es\/index.php?rest_route=\/wp\/v2\/posts\/47475","targetHints":{"allow":["GET"]}}],"collection":[{"href":"https:\/\/miradordeatarfe.es\/index.php?rest_route=\/wp\/v2\/posts"}],"about":[{"href":"https:\/\/miradordeatarfe.es\/index.php?rest_route=\/wp\/v2\/types\/post"}],"author":[{"embeddable":true,"href":"https:\/\/miradordeatarfe.es\/index.php?rest_route=\/wp\/v2\/users\/1"}],"replies":[{"embeddable":true,"href":"https:\/\/miradordeatarfe.es\/index.php?rest_route=%2Fwp%2Fv2%2Fcomments&post=47475"}],"version-history":[{"count":2,"href":"https:\/\/miradordeatarfe.es\/index.php?rest_route=\/wp\/v2\/posts\/47475\/revisions"}],"predecessor-version":[{"id":47478,"href":"https:\/\/miradordeatarfe.es\/index.php?rest_route=\/wp\/v2\/posts\/47475\/revisions\/47478"}],"wp:featuredmedia":[{"embeddable":true,"href":"https:\/\/miradordeatarfe.es\/index.php?rest_route=\/wp\/v2\/media\/47476"}],"wp:attachment":[{"href":"https:\/\/miradordeatarfe.es\/index.php?rest_route=%2Fwp%2Fv2%2Fmedia&parent=47475"}],"wp:term":[{"taxonomy":"category","embeddable":true,"href":"https:\/\/miradordeatarfe.es\/index.php?rest_route=%2Fwp%2Fv2%2Fcategories&post=47475"},{"taxonomy":"post_tag","embeddable":true,"href":"https:\/\/miradordeatarfe.es\/index.php?rest_route=%2Fwp%2Fv2%2Ftags&post=47475"}],"curies":[{"name":"wp","href":"https:\/\/api.w.org\/{rel}","templated":true}]}}