{"id":47503,"date":"2021-05-30T08:41:53","date_gmt":"2021-05-30T06:41:53","guid":{"rendered":"http:\/\/miradordeatarfe.es\/?p=47503"},"modified":"2021-05-27T16:49:09","modified_gmt":"2021-05-27T14:49:09","slug":"la-deteccion-de-varias-enfermedades-graves-cayo-un-40-por-la-covid","status":"publish","type":"post","link":"https:\/\/miradordeatarfe.es\/?p=47503","title":{"rendered":"La detecci\u00f3n de varias enfermedades graves cay\u00f3 un 40% por la covid"},"content":{"rendered":"<h3 class=\"epigraph\" style=\"text-align: justify;\">El coronavirus releg\u00f3 en los CAP la detecci\u00f3n de patolog\u00edas y adem\u00e1s ha crecido la mental<\/h3>\n<div class=\"article-content col-12 col-md-8\">\n<div class=\"article-info\" style=\"text-align: justify;\">\n<div class=\"social-buttons social-share\" data-gtm-element=\"leaf-social-share-top\">\n<div class=\"social-right\">Debido al alud de pacientes que supuso la covid, de los que el 80% de los casos se detect\u00f3 en la primaria, los CAP infradiagnosticaron el a\u00f1o pasado en unas 30 patolog\u00edas que suelen atender. Hubo en torno a un 40% menos de diagn\u00f3sticos de diabetes tipo 2, de hipertensi\u00f3n, enfermedad renal cr\u00f3nica y osteoporosis; un 45% menos de colesterol alto, melanomas y de abuso de alcohol; un 22% menos de c\u00e1ncer de mama y un 27% menos de c\u00e1ncer de pr\u00f3stata y hasta un 50% de infradiagn\u00f3stico en la enfermedad pulmonar obstructiva.<\/div>\n<\/div>\n<\/div>\n<div class=\"article-modules\" style=\"text-align: justify;\">\n<p class=\"paragraph\" data-gtm-element-container=\"modulo-texto-link\">As\u00ed lo indica un estudio (a\u00fan en<i>\u00a0preprint\u00a0<\/i>) del equipo de investigaci\u00f3n que dirige Antoni Sis\u00f3 en el Capsbe, el consorcio del Institut Catal\u00e0 de la Salut (ICS) y el hospital Cl\u00ednic, que gestiona tres CAP en Barcelona: Les Corts, Casanova y Comte Borrell. En estos centros, que cubren a 87.500 habitantes, se analiz\u00f3 el descenso de casos en dolencias que son factor de riesgo cardiovascular, c\u00e1ncer u otras cr\u00f3nicas.<\/p>\n<div id=\"_wmass_13876000000163913\">\n<div id=\"jw-6391363913\" class=\"jwplayer jw-reset jw-state-paused jw-stretch-uniform jw-flag-aspect-mode jw-flag-controls-hidden jw-flag-outstream jw-breakpoint-3 jw-flag-ads\" tabindex=\"0\" role=\"application\" aria-label=\"Reproductor de Video\">\n<div class=\"jw-wrapper jw-reset\">\n<div class=\"jw-captions jw-reset jw-captions-enabled\">Se compararon los casos vistos en el 2020 con una media de los tres a\u00f1os anteriores. La menor incidencia en muchas enfermedades el a\u00f1o pasado se atribuye a que dejaron de diagnosticarse, al estar los centros volcados en la covid y al no acudir muchos pacientes al m\u00e9dico por miedo al contagio, indica Sis\u00f3, quien tambi\u00e9n preside la Societat Catalana de Medicina Familiar i Comunit\u00e0ria (CAMFiC).<\/div>\n<\/div>\n<\/div>\n<\/div>\n<p class=\"paragraph\" data-gtm-element-container=\"modulo-texto-link\">En c\u00e1ncer hay mayor disparidad y hubo tipos de tumor en que no se vio infradiagn\u00f3stico, pero entre las patolog\u00edas m\u00e1s comunes que atienden los CAP, en pocas se vieron m\u00e1s casos el a\u00f1o pasado. Una excepci\u00f3n es la ansiedad, con un 18% m\u00e1s de casos, lo que da una idea del aumento del malestar mental, se\u00f1ala Sis\u00f3.<\/p>\n<h2 class=\"subtitle\">C\u00c1NCER<\/h2>\n<h3 class=\"subtitle\">En dos tipos muy comunes, como el de mama y el de pr\u00f3stata, los CAP detectaron un 22% y 27% menos de casos<\/h3>\n<p class=\"paragraph\" data-gtm-element-container=\"modulo-texto-link\">El m\u00e9dico llama \u201cefecto desplazamiento\u201d por la covid al infradiagn\u00f3stico de patolog\u00edas comunes. Es de esperar que muchos de esos pacientes lleguen ahora a las consultas, quiz\u00e1s con la enfermedad m\u00e1s avanzada, aunque Jaume Sellar\u00e8s,\u00a0director del CAP Sardenya de Barcelona (autogestionado por los profesionales), subraya que el retraso de la detecci\u00f3n no necesariamente debe implicar m\u00e1s mortalidad.<\/p>\n<p class=\"paragraph\" data-gtm-element-container=\"modulo-texto-link\">\u201cPero hay que acelerar su atenci\u00f3n, sobre todo, de los de m\u00e1s edad, as\u00ed como de nuestros pacientes que estaban estables, los que \u00edbamos controlando, para ver que no se hayan descompensado\u201d, dice Alba Brugu\u00e9s, enfermera en el CAP Can Bou de Castelldefels y presidenta de la Associaci\u00f3 d\u2019Infermeria Familiar i Comunit\u00e0ria (AIFiCC). Sis\u00f3 se\u00f1ala que es igualmente necesario recuperar y potenciar la atenci\u00f3n domiciliaria.<\/p>\n<h2 class=\"subtitle\">DIAB\u00c9TICOS<\/h2>\n<h3 class=\"subtitle\">Llegan con 4,5 kilos m\u00e1s de media y m\u00e1s hipertensos, observ\u00f3 un estudio<\/h3>\n<p class=\"paragraph\" data-gtm-element-container=\"modulo-texto-link\">Al ir aumentando el n\u00famero de visitas no covid, los CAP se han encontrado, por ejemplo, con que los diab\u00e9ticos han engordado unos 4,5 kilos de media, les ha aumentado la tensi\u00f3n arterial o no se les hicieron los controles de pies (en los que pueden padecer problemas de los nervios, tienen mayor riesgo de \u00falceras y hasta de gangrena). As\u00ed se vio en un estudio con 250 de estos pacientes cr\u00f3nicos, explica Sis\u00f3.<\/p>\n<p class=\"paragraph\" data-gtm-element-container=\"modulo-texto-link\">Pero la avalancha que temen los CAP es la de personas con problemas de salud mental, que ya van llegando. \u201cVemos mucha angustia, personas que han perdido a familiares por la covid, que no se pudieron despedir, abuelos que han estado muchos meses lejos de hijos y nietos\u201d, explica Sellar\u00e8s. Brugu\u00e9s se\u00f1ala que \u201chay muchas ganar de hablar, pero en algunos casos, tambi\u00e9n observamos una mayor agresividad\u201d.<\/p>\n<h2 class=\"subtitle\">M\u00c1S ANSIEDAD Y ANGUSTIA<\/h2>\n<h3 class=\"subtitle\">Sis\u00f3 reclama que haya psic\u00f3logos en los CAP para hacer m\u00e1s accesible la terapia<\/h3>\n<p class=\"paragraph\" data-gtm-element-container=\"modulo-texto-link\">Sis\u00f3 reclama psic\u00f3logos en los CAP, no solo en los centros de salud mental. Defiende que as\u00ed las terapias ser\u00edan m\u00e1s accesibles para los pacientes y los profesionales tendr\u00edan una relaci\u00f3n m\u00e1s directa con ellos y conocer\u00edan mejor su entorno.<\/p>\n<p class=\"paragraph\" data-gtm-element-container=\"modulo-texto-link\">El presidente de la CAMFiC tambi\u00e9n cree que son necesarios fisioterapeutas para \u201cdesmedicalizar\u201d muchos casos de dolor cr\u00f3nico. E igualmente reclama otros profesionales, como nutricionistas.<\/p>\n<p>Del mayor malestar mental no escapan los mismos profesionales de la salud, advierte Lourdes Franco. El agotamiento mental hace que muchos deban tratarse y cogerse bajas.<\/p><\/div>\n<div>\n<header class=\"article-top-header col-12\">\n<div class=\"article-top\">\n<div class=\"article-media-main\">\n<figure class=\"composite-image image-container \" style=\"text-align: justify;\" data-gtm-element-container=\"button-gallery\"><strong>MARTA RICART<\/strong><\/figure>\n<p>FOTO:Protesta de m\u00e9dicos para pedir m\u00e1s profesionales en la primaria el pasado mi\u00e9rcoles en Barcelona\u00a0<\/p>\n<p>\u00a0<span class=\"caption-author \">Imanol Olite \/ ACN<\/span><\/p>\n<\/div>\n<\/div>\n<\/header>\n<div class=\"article-content col-12 col-md-8\">\n<div class=\"article-info\">\n<div class=\"author-date-content\">\n<div class=\"author-date-time\">\n<div class=\"author-name\">\u00a0<\/div>\n<\/div>\n<\/div>\n<\/div>\n<\/div>\n<\/div>\n<\/div>\n","protected":false},"excerpt":{"rendered":"<p>El coronavirus releg\u00f3 en los CAP la detecci\u00f3n de patolog\u00edas y adem\u00e1s ha crecido la&#8230;<\/p>\n","protected":false},"author":1,"featured_media":47504,"comment_status":"closed","ping_status":"closed","sticky":false,"template":"","format":"standard","meta":{"_coblocks_attr":"","_coblocks_dimensions":"","_coblocks_responsive_height":"","_coblocks_accordion_ie_support":"","jetpack_post_was_ever_published":false,"_jetpack_newsletter_access":"","_jetpack_dont_email_post_to_subs":false,"_jetpack_newsletter_tier_id":0,"_jetpack_memberships_contains_paywalled_content":false,"_jetpack_memberships_contains_paid_content":false,"footnotes":"","jetpack_publicize_message":"","jetpack_publicize_feature_enabled":true,"jetpack_social_post_already_shared":false,"jetpack_social_options":{"image_generator_settings":{"template":"highway","default_image_id":0,"enabled":false},"version":2}},"categories":[1161,7149,44,6937,15,10],"tags":[7021,8343,5378],"class_list":["post-47503","post","type-post","status-publish","format-standard","has-post-thumbnail","hentry","category-ciudadania","category-coronavirus","category-noticias-de-hoy","category-sociedad","category-ultimas-noticias","category-salud","tag-coronavirus","tag-enfermedsades","tag-salud-mental"],"jetpack_publicize_connections":[],"jetpack_featured_media_url":"https:\/\/i0.wp.com\/miradordeatarfe.es\/wp-content\/uploads\/2021\/05\/60aab855e946c.r_d.877-537-8014-1.jpeg?fit=948%2C465&ssl=1","jetpack_likes_enabled":true,"jetpack_sharing_enabled":true,"_links":{"self":[{"href":"https:\/\/miradordeatarfe.es\/index.php?rest_route=\/wp\/v2\/posts\/47503","targetHints":{"allow":["GET"]}}],"collection":[{"href":"https:\/\/miradordeatarfe.es\/index.php?rest_route=\/wp\/v2\/posts"}],"about":[{"href":"https:\/\/miradordeatarfe.es\/index.php?rest_route=\/wp\/v2\/types\/post"}],"author":[{"embeddable":true,"href":"https:\/\/miradordeatarfe.es\/index.php?rest_route=\/wp\/v2\/users\/1"}],"replies":[{"embeddable":true,"href":"https:\/\/miradordeatarfe.es\/index.php?rest_route=%2Fwp%2Fv2%2Fcomments&post=47503"}],"version-history":[{"count":1,"href":"https:\/\/miradordeatarfe.es\/index.php?rest_route=\/wp\/v2\/posts\/47503\/revisions"}],"predecessor-version":[{"id":47505,"href":"https:\/\/miradordeatarfe.es\/index.php?rest_route=\/wp\/v2\/posts\/47503\/revisions\/47505"}],"wp:featuredmedia":[{"embeddable":true,"href":"https:\/\/miradordeatarfe.es\/index.php?rest_route=\/wp\/v2\/media\/47504"}],"wp:attachment":[{"href":"https:\/\/miradordeatarfe.es\/index.php?rest_route=%2Fwp%2Fv2%2Fmedia&parent=47503"}],"wp:term":[{"taxonomy":"category","embeddable":true,"href":"https:\/\/miradordeatarfe.es\/index.php?rest_route=%2Fwp%2Fv2%2Fcategories&post=47503"},{"taxonomy":"post_tag","embeddable":true,"href":"https:\/\/miradordeatarfe.es\/index.php?rest_route=%2Fwp%2Fv2%2Ftags&post=47503"}],"curies":[{"name":"wp","href":"https:\/\/api.w.org\/{rel}","templated":true}]}}