{"id":47506,"date":"2021-05-28T10:56:24","date_gmt":"2021-05-28T08:56:24","guid":{"rendered":"http:\/\/miradordeatarfe.es\/?p=47506"},"modified":"2021-05-27T17:01:07","modified_gmt":"2021-05-27T15:01:07","slug":"la-violinista-granadina-maria-duenas-ganadora-del-prestigioso-concurso-yehudi-menuhin","status":"publish","type":"post","link":"https:\/\/miradordeatarfe.es\/?p=47506","title":{"rendered":"La violinista granadina Mar\u00eda Due\u00f1as, ganadora del prestigioso Concurso Yehudi Menuhin"},"content":{"rendered":"<h3 style=\"text-align: justify;\">La violinista granadina\u00a0<strong>Mar\u00eda Due\u00f1as<\/strong> (quien hace unas semanas protagoniz\u00f3 nuestra secci\u00f3n <a href=\"https:\/\/www.plateamagazine.com\/artista-semana\/11057-artista-de-la-semana-maria-duenas\">#ArtistaDeLaSemana<\/a>) fue proclamada <strong>ganadora<\/strong>\u00a0de la \u00faltima edici\u00f3n del prestigioso Concurso\u00a0<strong>Yehudi Menuhin<\/strong>, una de las competiciones m\u00e1s importantes del mundo.<\/h3>\n<p style=\"text-align: justify;\">Due\u00f1as, de 18 a\u00f1os de edad, se alz\u00f3 con el primer puesto, que conlleva una dotaci\u00f3n econ\u00f3mica de 20.000 d\u00f3lares y el pr\u00e9stamo de un viol\u00edn Stradivarius por un periodo de dos a\u00f1os. La granadina ha interpretado en la ronda final las obras\u00a0<em>Subito<\/em>, de Lutoslawski, el\u00a0<em>Andante cantabile<\/em>\u00a0del\u00a0<em>Concierto para viol\u00edn n\u00ba4<\/em>\u00a0de Mozart, y el\u00a0<em>Allegro non troppo<\/em>\u00a0de la\u00a0<em>Symphonie Espagnole<\/em>\u00a0de Lalo.<\/p>\n<p style=\"text-align: justify;\">Mar\u00eda Due\u00f1as se di\u00f3 a conocer tras ganar el Primer Premio en el Concurso Internacional Mozart en Zhuhai, China. Asimismo, su \u00e9xito en el Concurso de Viol\u00edn Internacional de Vladimir Spivakov en Rusia le proporcion\u00f3 un respaldo definitivo, junto a su participaci\u00f3n en otras competiciones como el Concurso Internacional Yankelevitch, el G. P. Telemann en Polonia, el Premio Luigi Zanuccoli en Italia, o el Concurso Internacional de Leonid Kogan en B\u00e9lgica.<\/p>\n<p style=\"text-align: justify;\">Tras estudiar en Alemania, donde se traslad\u00f3 con 11 a\u00f1os de edad, actualmente completa sus estudios en Viena, con Boris Kuschnir, as\u00ed como en la Universidad de M\u00fasica y Arte de la capital austriaca. Desde entonces, ha actuado ya en m\u00edticas salas como el Musikverein de Viena, la Elbphilharmonie de Hamburgo, la sala Tchaikovsky de Mosc\u00fa, la Filarm\u00f3nica de Berl\u00edn, o el Auditorio Nacional de Madrid. A su lado, formaciones\u00a0 como la Sinf\u00f3nica de Barcelona, la Orquesta Nacional de Espa\u00f1a, la Sinf\u00f3nica de San Francisco, o la Filarm\u00f3nica de Luxemburgo.<\/p>\n<p style=\"text-align: justify;\">Al mismo tiempo, Due\u00f1as se ha adentrado en la composici\u00f3n y se ha adentrado en la m\u00fasica de c\u00e1mara, formando\u00a0el Hamamelis Quartett, premiado en el Concurso Fidelio de M\u00fasica de C\u00e1mara. Su obra para piano\u00a0<em>Farewell<\/em>\u00a0fue galardonada en el Concurso de Composici\u00f3n Robert Schumann. Por otro lado, el compositor Jordi Cervell\u00f3 ha compuesto recientemente varios caprichos para viol\u00edn dedicados a la violinista, estrenados en el Auditori de Girona con Evgeny Sinaisky,<\/p>\n<p style=\"text-align: justify;\">Foto: David Ausserhoffer<\/p>\n<p><a href=\"https:\/\/i0.wp.com\/miradordeatarfe.es\/wp-content\/uploads\/2021\/05\/FB_IMG_1622018257666.jpg?ssl=1\"><img data-recalc-dims=\"1\" loading=\"lazy\" decoding=\"async\" class=\"alignnone wp-image-47508 size-full\" src=\"https:\/\/i0.wp.com\/miradordeatarfe.es\/wp-content\/uploads\/2021\/05\/FB_IMG_1622018257666.jpg?resize=640%2C632&#038;ssl=1\" alt=\"\" width=\"640\" height=\"632\" srcset=\"https:\/\/i0.wp.com\/miradordeatarfe.es\/wp-content\/uploads\/2021\/05\/FB_IMG_1622018257666.jpg?w=1080&amp;ssl=1 1080w, https:\/\/i0.wp.com\/miradordeatarfe.es\/wp-content\/uploads\/2021\/05\/FB_IMG_1622018257666.jpg?resize=300%2C296&amp;ssl=1 300w, https:\/\/i0.wp.com\/miradordeatarfe.es\/wp-content\/uploads\/2021\/05\/FB_IMG_1622018257666.jpg?resize=1024%2C1011&amp;ssl=1 1024w, https:\/\/i0.wp.com\/miradordeatarfe.es\/wp-content\/uploads\/2021\/05\/FB_IMG_1622018257666.jpg?resize=768%2C758&amp;ssl=1 768w\" sizes=\"auto, (max-width: 640px) 100vw, 640px\" \/><\/a><\/p>\n<div class=\"bt-social-share bt-social-share-below\">\n<div class=\"bt-social-share-button bt-facebook-share-button\" style=\"text-align: justify;\">\u00a0<\/div>\n<\/div>\n","protected":false},"excerpt":{"rendered":"<p>La violinista granadina\u00a0Mar\u00eda Due\u00f1as (quien hace unas semanas protagoniz\u00f3 nuestra secci\u00f3n #ArtistaDeLaSemana) fue proclamada ganadora\u00a0de&#8230;<\/p>\n","protected":false},"author":1,"featured_media":47507,"comment_status":"closed","ping_status":"closed","sticky":false,"template":"","format":"standard","meta":{"_coblocks_attr":"","_coblocks_dimensions":"","_coblocks_responsive_height":"","_coblocks_accordion_ie_support":"","jetpack_post_was_ever_published":false,"_jetpack_newsletter_access":"","_jetpack_dont_email_post_to_subs":false,"_jetpack_newsletter_tier_id":0,"_jetpack_memberships_contains_paywalled_content":false,"_jetpack_memberships_contains_paid_content":false,"footnotes":"","jetpack_publicize_message":"","jetpack_publicize_feature_enabled":true,"jetpack_social_post_already_shared":false,"jetpack_social_options":{"image_generator_settings":{"template":"highway","default_image_id":0,"enabled":false},"version":2}},"categories":[1],"tags":[2173,158,8344],"class_list":["post-47506","post","type-post","status-publish","format-standard","has-post-thumbnail","hentry","category-uncategorized","tag-concurso","tag-musica","tag-violinista"],"jetpack_publicize_connections":[],"jetpack_featured_media_url":"https:\/\/i0.wp.com\/miradordeatarfe.es\/wp-content\/uploads\/2021\/05\/maria_duen%CC%83as_david_ausserhoffer.jpg?fit=850%2C566&ssl=1","jetpack_likes_enabled":true,"jetpack_sharing_enabled":true,"_links":{"self":[{"href":"https:\/\/miradordeatarfe.es\/index.php?rest_route=\/wp\/v2\/posts\/47506","targetHints":{"allow":["GET"]}}],"collection":[{"href":"https:\/\/miradordeatarfe.es\/index.php?rest_route=\/wp\/v2\/posts"}],"about":[{"href":"https:\/\/miradordeatarfe.es\/index.php?rest_route=\/wp\/v2\/types\/post"}],"author":[{"embeddable":true,"href":"https:\/\/miradordeatarfe.es\/index.php?rest_route=\/wp\/v2\/users\/1"}],"replies":[{"embeddable":true,"href":"https:\/\/miradordeatarfe.es\/index.php?rest_route=%2Fwp%2Fv2%2Fcomments&post=47506"}],"version-history":[{"count":1,"href":"https:\/\/miradordeatarfe.es\/index.php?rest_route=\/wp\/v2\/posts\/47506\/revisions"}],"predecessor-version":[{"id":47509,"href":"https:\/\/miradordeatarfe.es\/index.php?rest_route=\/wp\/v2\/posts\/47506\/revisions\/47509"}],"wp:featuredmedia":[{"embeddable":true,"href":"https:\/\/miradordeatarfe.es\/index.php?rest_route=\/wp\/v2\/media\/47507"}],"wp:attachment":[{"href":"https:\/\/miradordeatarfe.es\/index.php?rest_route=%2Fwp%2Fv2%2Fmedia&parent=47506"}],"wp:term":[{"taxonomy":"category","embeddable":true,"href":"https:\/\/miradordeatarfe.es\/index.php?rest_route=%2Fwp%2Fv2%2Fcategories&post=47506"},{"taxonomy":"post_tag","embeddable":true,"href":"https:\/\/miradordeatarfe.es\/index.php?rest_route=%2Fwp%2Fv2%2Ftags&post=47506"}],"curies":[{"name":"wp","href":"https:\/\/api.w.org\/{rel}","templated":true}]}}