{"id":47514,"date":"2021-05-28T11:18:47","date_gmt":"2021-05-28T09:18:47","guid":{"rendered":"http:\/\/miradordeatarfe.es\/?p=47514"},"modified":"2021-05-27T17:28:59","modified_gmt":"2021-05-27T15:28:59","slug":"jesus-sierra-al-equipo-no-se-le-puede-reprochar-nada-al-que-ha-ideado-el-formato-de-ascenso-si","status":"publish","type":"post","link":"https:\/\/miradordeatarfe.es\/?p=47514","title":{"rendered":"ATARFE: Jes\u00fas Sierra \u201cAl equipo no se le puede reprochar nada. Al que ha ideado el formato de ascenso, s\u00ed\u201d"},"content":{"rendered":"<h3 style=\"text-align: justify;\">El Atarfe, tras completar una muy buena segunda fase, ha acusado la falta de puntos en la campa\u00f1a regular<\/h3>\n<div class=\"bloque_big_izda\">\n<div class=\"foto\" style=\"text-align: justify;\">\n<div class=\"piefotobig\">El Atarfe Industrial despidi\u00f3 la temporada sin poder celebrar el objetivo, el cual no era otro que el retorno a Tercera Divisi\u00f3n. Su t\u00e9cnico, Jes\u00fas Sierra, atendi\u00f3 a nuestro medio para valorar el curso de los suyos. Con respecto al frustrado ascenso, afirm\u00f3 que ha sido \u201cuna l\u00e1stima, porque el equipo hizo una temporada espectacular. Competimos hasta el final y el trabajo ha sido indiscutible, no puedo pedirles m\u00e1s a mis jugadores\u201d.<\/div>\n<\/div>\n<p style=\"text-align: justify;\">Sobre el rendimiento de su equipo en el Play Off, argument\u00f3 que \u201ces dif\u00edcil de lograr cuatro victorias en una fase de ascenso, incluso a San Pedro y Torre del Mar, los dos que han ascendido. En la liga regular no pudimos obtener los puntos suficientes y el hecho de que el Torre del Mar nos sacara diez puntos en el Play Off era un h\u00e1ndicap muy complicado de afrontar\u201d.<\/p>\n<p style=\"text-align: justify;\">Sierra fue contundente en cuanto al nuevo sistema de ascenso: \u201cEl formato, para m\u00ed, ha sido nefasto. Si compites, tiene que ser con la misma igualdad para todos. Los equipos del otro grupo contaban con seis puntos m\u00e1s porque al Guadix le han conseguido ganar todos\u201d.<\/p>\n<p style=\"text-align: justify;\">\u201cAl equipo no se le puede reprochar nada, pero s\u00ed a los que han ideado este formato de ascenso. No puedes afrontar una fase de ascenso con diez puntos de desventaja\u201d destac\u00f3 el ex jugador de Linares o Granada.<\/p>\n<p style=\"text-align: justify;\">Adem\u00e1s, record\u00f3 que \u201cen M\u00e1laga ha habido p\u00fablico en todos los partidos, la afici\u00f3n es el jugador n\u00famero doce de cada equipo. Cuando fuimos a Torre del Mar no existieron medidas de seguridad, incluso a nuestro portero lo estuvieron increpando, y en San Pedro de Alc\u00e1ntara m\u00e1s de lo mismo\u201d.<\/p>\n<p style=\"text-align: justify;\">El entrenador de Pinos Puente corri\u00f3 las riendas del Atarfe tras un irregular comienzo de campa\u00f1a con Manolo Rojas en el banquillo: \u201cEl bagaje de puntos al comienzo de la temporada era de cinco puntos en cinco partidos. Hemos podido sacar un rendimiento muy \u00f3ptimo a la plantilla. Hab\u00eda margen de mejora y, a partir de ah\u00ed, todo ha ido hacia arriba. Desde que llegamos al senior, no hemos sufrido ninguna derrota en casa\u201d.<\/p>\n<p style=\"text-align: justify;\">En referencia a su continuidad en el cuadro atarfe\u00f1o, \u201cha habido unas elecciones y ahora tendremos que hablar. El presidente me dijo que contaba conmigo, estoy dispuesto a continuar en el Atarfe y estamos completamente abiertos a conversar\u201d, a\u00f1adiendo que la intenci\u00f3n es \u201chacer un buen proyecto, coger las riendas desde el inicio y conformar una buena plantilla. Atarfe merece estar en una categor\u00eda superior\u201d.<\/p>\n<p style=\"text-align: justify;\">Por \u00faltimo, expres\u00f3 que \u201cen Granada hay pocos jugadores a los que les gusta el f\u00fatbol. A los j\u00f3venes ya no les apasiona trabajar y competir, les cuesta mucho, sobre todo si un d\u00eda se quedan en el banquillo. Queremos tener a un grupo de gente competitiva\u201d.<\/p>\n<p><strong><em>@Francalvo1996<\/em><\/strong><\/p>\n<p><strong><em>francalvo@granadaenjuego.com<\/em><\/strong><\/p>\n<p>FOTO: Jes\u00fas Sierra, durante la entrevista con Granada En Juego (JAVIER PALMA)<\/p>\n<\/div>\n","protected":false},"excerpt":{"rendered":"<p>El Atarfe, tras completar una muy buena segunda fase, ha acusado la falta de puntos&#8230;<\/p>\n","protected":false},"author":1,"featured_media":47515,"comment_status":"closed","ping_status":"closed","sticky":false,"template":"","format":"standard","meta":{"_coblocks_attr":"","_coblocks_dimensions":"","_coblocks_responsive_height":"","_coblocks_accordion_ie_support":"","jetpack_post_was_ever_published":false,"_jetpack_newsletter_access":"","_jetpack_dont_email_post_to_subs":false,"_jetpack_newsletter_tier_id":0,"_jetpack_memberships_contains_paywalled_content":false,"_jetpack_memberships_contains_paid_content":false,"footnotes":"","jetpack_publicize_message":"","jetpack_publicize_feature_enabled":true,"jetpack_social_post_already_shared":false,"jetpack_social_options":{"image_generator_settings":{"template":"highway","default_image_id":0,"enabled":false},"version":2}},"categories":[2,182,44,15],"tags":[81,123,666],"class_list":["post-47514","post","type-post","status-publish","format-standard","has-post-thumbnail","hentry","category-atarfe","category-deportes","category-noticias-de-hoy","category-ultimas-noticias","tag-atarfe","tag-deportes","tag-futbol"],"jetpack_publicize_connections":[],"jetpack_featured_media_url":"https:\/\/i0.wp.com\/miradordeatarfe.es\/wp-content\/uploads\/2021\/05\/imagen43889_0_ppal.jpg?fit=450%2C287&ssl=1","jetpack_likes_enabled":true,"jetpack_sharing_enabled":true,"_links":{"self":[{"href":"https:\/\/miradordeatarfe.es\/index.php?rest_route=\/wp\/v2\/posts\/47514","targetHints":{"allow":["GET"]}}],"collection":[{"href":"https:\/\/miradordeatarfe.es\/index.php?rest_route=\/wp\/v2\/posts"}],"about":[{"href":"https:\/\/miradordeatarfe.es\/index.php?rest_route=\/wp\/v2\/types\/post"}],"author":[{"embeddable":true,"href":"https:\/\/miradordeatarfe.es\/index.php?rest_route=\/wp\/v2\/users\/1"}],"replies":[{"embeddable":true,"href":"https:\/\/miradordeatarfe.es\/index.php?rest_route=%2Fwp%2Fv2%2Fcomments&post=47514"}],"version-history":[{"count":2,"href":"https:\/\/miradordeatarfe.es\/index.php?rest_route=\/wp\/v2\/posts\/47514\/revisions"}],"predecessor-version":[{"id":47517,"href":"https:\/\/miradordeatarfe.es\/index.php?rest_route=\/wp\/v2\/posts\/47514\/revisions\/47517"}],"wp:featuredmedia":[{"embeddable":true,"href":"https:\/\/miradordeatarfe.es\/index.php?rest_route=\/wp\/v2\/media\/47515"}],"wp:attachment":[{"href":"https:\/\/miradordeatarfe.es\/index.php?rest_route=%2Fwp%2Fv2%2Fmedia&parent=47514"}],"wp:term":[{"taxonomy":"category","embeddable":true,"href":"https:\/\/miradordeatarfe.es\/index.php?rest_route=%2Fwp%2Fv2%2Fcategories&post=47514"},{"taxonomy":"post_tag","embeddable":true,"href":"https:\/\/miradordeatarfe.es\/index.php?rest_route=%2Fwp%2Fv2%2Ftags&post=47514"}],"curies":[{"name":"wp","href":"https:\/\/api.w.org\/{rel}","templated":true}]}}