{"id":47528,"date":"2021-05-29T10:02:59","date_gmt":"2021-05-29T08:02:59","guid":{"rendered":"http:\/\/miradordeatarfe.es\/?p=47528"},"modified":"2021-05-28T11:05:04","modified_gmt":"2021-05-28T09:05:04","slug":"detectados-los-primeros-casos-de-ictus-isquemicos-provocados-por-astrazeneca","status":"publish","type":"post","link":"https:\/\/miradordeatarfe.es\/?p=47528","title":{"rendered":"Detectados los primeros casos de ictus isqu\u00e9micos provocados por AstraZeneca"},"content":{"rendered":"<div class=\"voc-detail-header\">\n<h2 style=\"text-align: justify;\">Especialistas del Reino Unido han notificado tres trombos en arterias, no en venas como hasta ahora, en adultos j\u00f3venes que acaban de ser inoculados<\/h2>\n<figure class=\"voc-main-figure \" style=\"text-align: justify;\"><\/figure>\n<\/div>\n<p style=\"text-align: justify;\">La <strong>vacuna de AstraZeneca <\/strong>contra el coronavirus no solo provoca trombos en las venas (los conductos que llevan la sangre hacia el coraz\u00f3n), tal y como se hab\u00eda documentado hasta ahora en tres centenares de casos de pacientes de mediana edad en Europa, que hab\u00edan recibido la profilaxis y que hab\u00edan sufrido sobre todo trombosis de senos venosos cerebrales (TSVC). Tambi\u00e9n hay evidencias ya de que la f\u00f3rmula del laboratorio sueco-brit\u00e1nico causa <strong>tapones en las arterias que suministran la sangre al cerebro directamente desde el coraz\u00f3n<\/strong>.<\/p>\n<p style=\"text-align: justify;\">Un equipo de una decena de investigadores y m\u00e9dicos del Reino Unido \u2013donde la vacuna de AstraZeneca ha sido profusamente utilizada sin l\u00edmite de edad ninguno- ha publicado en las \u00faltimas horas un estudio en la revista Journal of Neurology Neurosurgery &amp; Psychiatry en el que<strong> notifican los tres primeros casos entre vacunados de ictus isqu\u00e9micos<\/strong>, obstrucciones parciales o total de una o varias de las arterias que llevan la sangre desde el coraz\u00f3n hasta el cerebro, provocando un riego insuficiente en los centros neuronales que dirigen todas las funciones del organismo.<\/p>\n<p style=\"text-align: justify;\">Aunque estos ictus isqu\u00e9micos son comunes (el 85% de estos accidentes cerebrovasculares ocurren por el taponamiento de arterias y no por la rotura) <strong>hasta ahora no se hab\u00edan documentado relacionados con la controvertida vacuna, <\/strong>ya que todos se hab\u00edan dado en los senos venosos, al tiempo que se produc\u00edan severos cap\u00edtulos de trombocitopenia, una severa bajada de plaquetas.<\/p>\n<p style=\"text-align: justify;\"><strong>Estos tres primeros casos se han detectados en adultos j\u00f3venes <\/strong>(dos mujeres y un hombre), como en el caso de los trombos venosos. Tambi\u00e9n como en los anteriores episodios, los tres pacientes sufrieron niveles de plaquetas extremadamente bajos y altos niveles de anticuerpos contra el factor plaquetario 4 (PF4), una prote\u00edna que favorece la formaci\u00f3n de co\u00e1gulos. Sin embargo, sufrieron el taponamiento de grandes arterias (car\u00f3tida y cerebral media), al margen de que dos de ellos sufrieron adem\u00e1s trombos venosos hep\u00e1ticos y cerebrales.<\/p>\n<p style=\"text-align: justify;\">El primero de los casos recogidos en el estudio es el de<strong> una mujer asi\u00e1tica de 35 a\u00f1os que acab\u00f3 falleciendo<\/strong>. Los s\u00edntomas \u2013relata el art\u00edculo cient\u00edfico- comenzaron a los seis d\u00edas de la inoculaci\u00f3n, al sentir un dolor intermitente en lado derecho de la cabeza y en los ojos. Tras varios d\u00edas de debilidad en la cara, brazo y izquierdo finalmente se le diagnostic\u00f3 un infarto cerebral. Muri\u00f3 tras ser sometida a una cirug\u00eda cerebral.<\/p>\n<p style=\"text-align: justify;\">El segundo paciente, una mujer cauc\u00e1sica de 37 a\u00f1os, comenz\u00f3 con los problemas doce d\u00edas despu\u00e9s de la vacuna.<strong> Fueron dolores de cabeza, confusi\u00f3n, debilidad en las extremidades y p\u00e9rdidas de visi\u00f3n<\/strong>. Los ex\u00e1menes confirmaron tapones en varios vasos y ambas car\u00f3tidas (las arterias que suministran sangre a los hemisferios del cerebro), las que irrigan el coraz\u00f3n y los pulmones (embolia pulmonar) y el seno transverso izquierdo (uno de los senos venosos cerebrales).<\/p>\n<p style=\"text-align: justify;\">El \u00faltimo de los casos es el de un hombre asi\u00e1tico de 43 a\u00f1os, quien tres semanas despu\u00e9s de la vacuna comenz\u00f3 a tener problemas para hablar y comprender (disfasia). Hab\u00eda sufrido un co\u00e1gulo en la arteria cerebral media izquierda.<\/p>\n<p style=\"text-align: justify;\">\u00abAunque la trombosis venosa cerebral, un tipo de accidente cerebrovascular poco com\u00fan en la pr\u00e1ctica cl\u00ednica, ahora se reconoce como la presentaci\u00f3n m\u00e1s frecuente (tras la vacunaci\u00f3n con AstraZeneca), <strong>nuestro estudio muestra que el accidente cerebrovascular isqu\u00e9mico m\u00e1s com\u00fan, debido a la trombosis arterial que bloquea el flujo sangu\u00edneo a una parte del cerebro, <\/strong>tambi\u00e9n puede ser una caracter\u00edstica de presentaci\u00f3n de la trombosis inducida por la vacuna\u00bb, explic\u00f3 el autor principal del informe, David Werring, profesor de neurolog\u00eda cl\u00ednica en la University College of London<\/p>\n<p style=\"text-align: justify;\">\u00abPor supuesto, ambos tipos de trombosis siguen siendo extremadamente raros, pero los m\u00e9dicos deben estar atentos si los pacientes (tras ser vacunados con AstraZeneca) presentan <strong>s\u00edntomas t\u00edpicos de un accidente cerebrovascular<\/strong> (tales como debilidad en la cara, brazos o piernas, o alteraci\u00f3n del habla) debido a una arteria bloqueada en cualquier momento entre los d\u00edas cuatro y 28 posvacunaci\u00f3n\u00bb, explic\u00f3 Werring<\/p>\n<div class=\"voc-author-timesocial\">\n<div class=\"voc-author-timesocial__voc-container-info-signature\">\n<div>\n<div class=\"voc-author-info\"><a class=\"voc-author\" title=\"MELCHOR S\u00c1IZ-PARDO\" href=\"https:\/\/www.diariosur.es\/autor\/melchor-saiz-pardo-136.html\">MELCHOR S\u00c1IZ-PARDO <\/a> y <a class=\"voc-author\" title=\"\u00c1LVARO SOTO\" href=\"https:\/\/www.diariosur.es\/autor\/alvaro-soto-119.html\">\u00c1LVARO SOTO<\/a><\/div>\n<div>https:\/\/www.diariosur.es\/sociedad\/salud\/detectados-primeros-casos-20210526092620-ntrc.html#vca=modulos&amp;vso=diariosur&amp;vmc=lo-mas-leido&amp;vli=sociedad\/salud<\/div>\n<\/div>\n<\/div>\n<\/div>\n","protected":false},"excerpt":{"rendered":"<p>Especialistas del Reino Unido han notificado tres trombos en arterias, no en venas como hasta&#8230;<\/p>\n","protected":false},"author":1,"featured_media":47529,"comment_status":"closed","ping_status":"closed","sticky":false,"template":"","format":"standard","meta":{"_coblocks_attr":"","_coblocks_dimensions":"","_coblocks_responsive_height":"","_coblocks_accordion_ie_support":"","jetpack_post_was_ever_published":false,"_jetpack_newsletter_access":"","_jetpack_dont_email_post_to_subs":false,"_jetpack_newsletter_tier_id":0,"_jetpack_memberships_contains_paywalled_content":false,"_jetpack_memberships_contains_paid_content":false,"footnotes":"","jetpack_publicize_message":"","jetpack_publicize_feature_enabled":true,"jetpack_social_post_already_shared":false,"jetpack_social_options":{"image_generator_settings":{"template":"highway","default_image_id":0,"enabled":false},"version":2}},"categories":[1161,7149,44,15,10],"tags":[8334,804],"class_list":["post-47528","post","type-post","status-publish","format-standard","has-post-thumbnail","hentry","category-ciudadania","category-coronavirus","category-noticias-de-hoy","category-ultimas-noticias","category-salud","tag-astrazeneca","tag-vacunas"],"jetpack_publicize_connections":[],"jetpack_featured_media_url":"https:\/\/i0.wp.com\/miradordeatarfe.es\/wp-content\/uploads\/2021\/05\/astrazeneca-kDPG-U1404934312133M-624x385%40RC.jpg?fit=624%2C385&ssl=1","jetpack_likes_enabled":true,"jetpack_sharing_enabled":true,"_links":{"self":[{"href":"https:\/\/miradordeatarfe.es\/index.php?rest_route=\/wp\/v2\/posts\/47528","targetHints":{"allow":["GET"]}}],"collection":[{"href":"https:\/\/miradordeatarfe.es\/index.php?rest_route=\/wp\/v2\/posts"}],"about":[{"href":"https:\/\/miradordeatarfe.es\/index.php?rest_route=\/wp\/v2\/types\/post"}],"author":[{"embeddable":true,"href":"https:\/\/miradordeatarfe.es\/index.php?rest_route=\/wp\/v2\/users\/1"}],"replies":[{"embeddable":true,"href":"https:\/\/miradordeatarfe.es\/index.php?rest_route=%2Fwp%2Fv2%2Fcomments&post=47528"}],"version-history":[{"count":1,"href":"https:\/\/miradordeatarfe.es\/index.php?rest_route=\/wp\/v2\/posts\/47528\/revisions"}],"predecessor-version":[{"id":47530,"href":"https:\/\/miradordeatarfe.es\/index.php?rest_route=\/wp\/v2\/posts\/47528\/revisions\/47530"}],"wp:featuredmedia":[{"embeddable":true,"href":"https:\/\/miradordeatarfe.es\/index.php?rest_route=\/wp\/v2\/media\/47529"}],"wp:attachment":[{"href":"https:\/\/miradordeatarfe.es\/index.php?rest_route=%2Fwp%2Fv2%2Fmedia&parent=47528"}],"wp:term":[{"taxonomy":"category","embeddable":true,"href":"https:\/\/miradordeatarfe.es\/index.php?rest_route=%2Fwp%2Fv2%2Fcategories&post=47528"},{"taxonomy":"post_tag","embeddable":true,"href":"https:\/\/miradordeatarfe.es\/index.php?rest_route=%2Fwp%2Fv2%2Ftags&post=47528"}],"curies":[{"name":"wp","href":"https:\/\/api.w.org\/{rel}","templated":true}]}}