{"id":47531,"date":"2021-06-05T11:17:03","date_gmt":"2021-06-05T09:17:03","guid":{"rendered":"http:\/\/miradordeatarfe.es\/?p=47531"},"modified":"2021-05-28T11:22:42","modified_gmt":"2021-05-28T09:22:42","slug":"los-dias-que-paro-el-mundo-por-alberto-granados","status":"publish","type":"post","link":"https:\/\/miradordeatarfe.es\/?p=47531","title":{"rendered":"\u00abLOS DIAS QUE PAR\u00d3 EL MUNDO\u00bb por Alberto Granados"},"content":{"rendered":"<div class=\"entry-content\">\n<h3 class=\"has-text-align-justify has-black-color has-text-color has-medium-font-size\" style=\"text-align: justify;\" data-adtags-visited=\"true\">Este es el t\u00edtulo del tercer (y por ahora \u00faltimo) volumen de la <em>Memorias<\/em> de Antonio Enrique, cuyos dos vol\u00famenes anteriores ya he analizado en mi blog.<\/h3>\n<p class=\"has-text-align-justify has-black-color has-text-color has-medium-font-size\" style=\"text-align: justify;\" data-adtags-visited=\"true\">Si en <em>Los mam\u00edferos extra\u00f1os<\/em> nos expon\u00eda su cosmovisi\u00f3n y en <em>Lectura de nubes en el cielo<\/em> nos hablaba de sus amigos poetas, en <em>Los d\u00edas que par\u00f3 el mundo<\/em> el protagonista es la pandemia del Covid 19, con su carga de sufrimiento, muerte y desolaci\u00f3n, junto con los temas habituales (ya dije que cosas como su relaci\u00f3n con Trinidad Sevillano, con la otra mujer que conoci\u00f3 siendo ambos adolescentes, la amistad, la poes\u00eda de la diferencia, etc. aparec\u00edan entrelazados continuamente, como adheridos al n\u00facleo central de cada volumen, como temas musicales de una sinfon\u00eda llena de variaciones).<\/p>\n<figure class=\"wp-block-image size-large is-resized\" style=\"text-align: justify;\"><a href=\"https:\/\/albertogranados.files.wordpress.com\/2021\/05\/los-dias-que-paro-el-mundo.jpg\"><img data-recalc-dims=\"1\" loading=\"lazy\" decoding=\"async\" class=\"wp-image-8656\" src=\"https:\/\/albertogranados.files.wordpress.com\/2021\/05\/los-dias-que-paro-el-mundo.jpg?w=357&#038;resize=640%2C895\" sizes=\"auto, (max-width: 842px) 100vw, 842px\" srcset=\"https:\/\/albertogranados.files.wordpress.com\/2021\/05\/los-dias-que-paro-el-mundo.jpg 357w, https:\/\/albertogranados.files.wordpress.com\/2021\/05\/los-dias-que-paro-el-mundo.jpg?w=107 107w, https:\/\/albertogranados.files.wordpress.com\/2021\/05\/los-dias-que-paro-el-mundo.jpg?w=215 215w\" alt=\"\" width=\"640\" height=\"895\" data-attachment-id=\"8656\" data-permalink=\"https:\/\/albertogranados.wordpress.com\/los-dias-que-paro-el-mundo\/\" data-orig-file=\"https:\/\/albertogranados.files.wordpress.com\/2021\/05\/los-dias-que-paro-el-mundo.jpg\" data-orig-size=\"357,499\" data-comments-opened=\"1\" data-image-meta=\"{&quot;aperture&quot;:&quot;0&quot;,&quot;credit&quot;:&quot;&quot;,&quot;camera&quot;:&quot;&quot;,&quot;caption&quot;:&quot;&quot;,&quot;created_timestamp&quot;:&quot;0&quot;,&quot;copyright&quot;:&quot;&quot;,&quot;focal_length&quot;:&quot;0&quot;,&quot;iso&quot;:&quot;0&quot;,&quot;shutter_speed&quot;:&quot;0&quot;,&quot;title&quot;:&quot;&quot;,&quot;orientation&quot;:&quot;0&quot;}\" data-image-title=\"los-dias-que-paro-el-mundo\" data-image-description=\"\" data-medium-file=\"https:\/\/albertogranados.files.wordpress.com\/2021\/05\/los-dias-que-paro-el-mundo.jpg?w=215\" data-large-file=\"https:\/\/albertogranados.files.wordpress.com\/2021\/05\/los-dias-que-paro-el-mundo.jpg?w=357\" \/><\/a><\/figure>\n<p class=\"has-text-align-justify has-black-color has-text-color has-medium-font-size\" style=\"text-align: justify;\" data-adtags-visited=\"true\">La pandemia y su consecuente confinamiento aparecen analizados por el autor desde un punto de vista pr\u00f3ximo, \u00edntimo y doliente: el vecino del que se conoce el contagio y su muerte, la soledad de las calles accitanas, la sensaci\u00f3n de p\u00e1nico, la pregunta universal de qu\u00e9 pasar\u00eda si muero o si muere mi compa\u00f1era de destino\u2026 sobrevuelan con una notable carga de humanidad.<\/p>\n<p class=\"has-text-align-justify has-black-color has-text-color has-medium-font-size\" style=\"text-align: justify;\" data-adtags-visited=\"true\">Una buena parte de la energ\u00eda empleada en este libro se ocupa de desautorizar a Pedro S\u00e1nchez y las medidas adoptadas por su Gobierno. Para \u00e9l, el presidente no est\u00e1 autorizado para gobernar porque prometi\u00f3 no pactar con Unidas Podemos y no cumpli\u00f3 su compromiso. Obviamente, este es un punto en que nuestras valoraciones son antag\u00f3nicas, pero aqu\u00ed no hablo de m\u00ed, sino de sus <em>Memorias<\/em>.<\/p>\n<p class=\"has-text-align-justify has-black-color has-text-color has-medium-font-size\" style=\"text-align: justify;\" data-adtags-visited=\"true\">Cuando llega el desconfinamiento, Trinidad y \u00e9l emprenden un viaje hacia el norte y recorren la provincia de Soria, hasta llegar al pueblo donde Trinidad Sevillano naci\u00f3, destinada a una vida miserable hasta que la rescat\u00f3 Mar\u00eda de \u00c1vila para convertirla en la estrella de la danza cl\u00e1sica que lleg\u00f3 a ser antes de su retirada. El viaje a los or\u00edgenes le resulta doloroso, pero sabe que tiene que afrontar la vida. Siguen por Castilla-Le\u00f3n y llegan a Finisterre antes de retornar a Guadix en medio de las noticias sobre la alarma de la Covid y sus contagios.<\/p>\n<p class=\"has-text-align-justify has-black-color has-text-color has-medium-font-size\" style=\"text-align: justify;\" data-adtags-visited=\"true\"><img data-recalc-dims=\"1\" decoding=\"async\" class=\"wp-image-8658\" src=\"https:\/\/albertogranados.files.wordpress.com\/2021\/05\/trinidad-sevillano.jpg?w=640\" alt=\"\" data-attachment-id=\"8658\" data-permalink=\"https:\/\/albertogranados.wordpress.com\/2021\/05\/27\/los-dias-que-paro-el-mundo\/trinidad-sevillano\/\" data-orig-file=\"https:\/\/albertogranados.files.wordpress.com\/2021\/05\/trinidad-sevillano.jpg\" data-orig-size=\"600,331\" data-comments-opened=\"1\" data-image-meta=\"{&quot;aperture&quot;:&quot;0&quot;,&quot;credit&quot;:&quot;&quot;,&quot;camera&quot;:&quot;&quot;,&quot;caption&quot;:&quot;&quot;,&quot;created_timestamp&quot;:&quot;0&quot;,&quot;copyright&quot;:&quot;&quot;,&quot;focal_length&quot;:&quot;0&quot;,&quot;iso&quot;:&quot;0&quot;,&quot;shutter_speed&quot;:&quot;0&quot;,&quot;title&quot;:&quot;&quot;,&quot;orientation&quot;:&quot;0&quot;}\" data-image-title=\"Trinidad Sevillano\" data-image-description=\"\" data-medium-file=\"https:\/\/albertogranados.files.wordpress.com\/2021\/05\/trinidad-sevillano.jpg?w=300\" data-large-file=\"https:\/\/albertogranados.files.wordpress.com\/2021\/05\/trinidad-sevillano.jpg?w=560\" \/><\/p>\n<p style=\"text-align: justify;\" data-adtags-visited=\"true\">Trinidad Sevillano, bella y elegante, en uno de sus ballets<\/p>\n<p class=\"has-text-align-justify has-black-color has-text-color has-medium-font-size\" style=\"text-align: justify;\" data-adtags-visited=\"true\">El libro, como sus dos vol\u00famenes precedentes, tiene una enorme calidad y engarza lo biogr\u00e1fico con la experiencia vital de los personajes con un soltura literaria llena de belleza y, por momentos, de verdadero lirismo. Prefiero, pero eso es cosa personal, los fragmentos narrativos a los especulativos, no porque el discurso est\u00e9 mal elaborado, sino porque \u00e9l parte de premisas que yo, agn\u00f3stico y racionalista, rechazo como puntos de partida. Pero me parece que la subjetividad es un elemento respetable, al menos tanto como mis divergentes planteamientos, y en este caso esa subjetividad es la fuente de todo un entramado literario muy notable.<\/p>\n<p class=\"has-text-align-justify has-black-color has-text-color has-medium-font-size\" style=\"text-align: justify;\" data-adtags-visited=\"true\">Un total de casi 800 p\u00e1ginas en que el autor se enfrenta a su biograf\u00eda, se abre en canal y nos ofrece sus confesiones m\u00e1s \u00edntimas. Dejo una pregunta sobre el tapete: \u00bfhabr\u00e1 nuevos a\u00f1adidos que completen esta autopsia en vivo que el propio autor se hace ante sus lectores? El tiempo lo dir\u00e1.<\/p>\n<p class=\"has-black-color has-text-color has-medium-font-size\" data-adtags-visited=\"true\">Alberto Granados<\/p>\n<p data-adtags-visited=\"true\"><span class=\"sep\">Publicado por <span class=\"author vcard\"><a class=\"url fn n\" title=\"Ver todas las entradas de Alberto Granados\" href=\"https:\/\/albertogranados.wordpress.com\/author\/albertogranados\/\">Alberto Granados<\/a><\/span><\/span> en <span class=\"entry-categories\"><a href=\"https:\/\/albertogranados.wordpress.com\/category\/complicidades\/\" rel=\"category tag\">Complicidades<\/a><\/span><\/p>\n<\/div>\n<p data-adtags-visited=\"true\">VOLUNMEN 2\u00ba: <a href=\"https:\/\/miradordeatarfe.es\/?p=47536%20\">https:\/\/miradordeatarfe.es\/?p=47536<\/a><\/p>\n","protected":false},"excerpt":{"rendered":"<p>Este es el t\u00edtulo del tercer (y por ahora \u00faltimo) volumen de la Memorias de&#8230;<\/p>\n","protected":false},"author":1,"featured_media":47534,"comment_status":"closed","ping_status":"closed","sticky":false,"template":"","format":"standard","meta":{"_coblocks_attr":"","_coblocks_dimensions":"","_coblocks_responsive_height":"","_coblocks_accordion_ie_support":"","jetpack_post_was_ever_published":false,"_jetpack_newsletter_access":"","_jetpack_dont_email_post_to_subs":false,"_jetpack_newsletter_tier_id":0,"_jetpack_memberships_contains_paywalled_content":false,"_jetpack_memberships_contains_paid_content":false,"footnotes":"","jetpack_publicize_message":"","jetpack_publicize_feature_enabled":true,"jetpack_social_post_already_shared":false,"jetpack_social_options":{"image_generator_settings":{"template":"highway","default_image_id":0,"enabled":false},"version":2}},"categories":[39,1161,44,6937,15],"tags":[8345,8142],"class_list":["post-47531","post","type-post","status-publish","format-standard","has-post-thumbnail","hentry","category-opinion-de-alberto-granados","category-ciudadania","category-noticias-de-hoy","category-sociedad","category-ultimas-noticias","tag-antonio-enrique","tag-memorias"],"jetpack_publicize_connections":[],"jetpack_featured_media_url":"https:\/\/i0.wp.com\/miradordeatarfe.es\/wp-content\/uploads\/2021\/05\/0000317492.jpg?fit=335%2C224&ssl=1","jetpack_likes_enabled":true,"jetpack_sharing_enabled":true,"_links":{"self":[{"href":"https:\/\/miradordeatarfe.es\/index.php?rest_route=\/wp\/v2\/posts\/47531","targetHints":{"allow":["GET"]}}],"collection":[{"href":"https:\/\/miradordeatarfe.es\/index.php?rest_route=\/wp\/v2\/posts"}],"about":[{"href":"https:\/\/miradordeatarfe.es\/index.php?rest_route=\/wp\/v2\/types\/post"}],"author":[{"embeddable":true,"href":"https:\/\/miradordeatarfe.es\/index.php?rest_route=\/wp\/v2\/users\/1"}],"replies":[{"embeddable":true,"href":"https:\/\/miradordeatarfe.es\/index.php?rest_route=%2Fwp%2Fv2%2Fcomments&post=47531"}],"version-history":[{"count":3,"href":"https:\/\/miradordeatarfe.es\/index.php?rest_route=\/wp\/v2\/posts\/47531\/revisions"}],"predecessor-version":[{"id":47538,"href":"https:\/\/miradordeatarfe.es\/index.php?rest_route=\/wp\/v2\/posts\/47531\/revisions\/47538"}],"wp:featuredmedia":[{"embeddable":true,"href":"https:\/\/miradordeatarfe.es\/index.php?rest_route=\/wp\/v2\/media\/47534"}],"wp:attachment":[{"href":"https:\/\/miradordeatarfe.es\/index.php?rest_route=%2Fwp%2Fv2%2Fmedia&parent=47531"}],"wp:term":[{"taxonomy":"category","embeddable":true,"href":"https:\/\/miradordeatarfe.es\/index.php?rest_route=%2Fwp%2Fv2%2Fcategories&post=47531"},{"taxonomy":"post_tag","embeddable":true,"href":"https:\/\/miradordeatarfe.es\/index.php?rest_route=%2Fwp%2Fv2%2Ftags&post=47531"}],"curies":[{"name":"wp","href":"https:\/\/api.w.org\/{rel}","templated":true}]}}