{"id":47536,"date":"2021-05-29T11:15:32","date_gmt":"2021-05-29T09:15:32","guid":{"rendered":"http:\/\/miradordeatarfe.es\/?p=47536"},"modified":"2021-05-28T11:20:45","modified_gmt":"2021-05-28T09:20:45","slug":"lectura-de-nubes-en-el-cielo-por-alberto-granados","status":"publish","type":"post","link":"https:\/\/miradordeatarfe.es\/?p=47536","title":{"rendered":"\u00abLECTURA DE NUBES EN EL CIELO\u00bb por Alberto Granados"},"content":{"rendered":"<h3 class=\"entry-content\">El lector puede encontrar la rese\u00f1a del primer volumen de estas <em>Memorias<\/em> en este <a href=\"https:\/\/albertogranados.wordpress.com\/2021\/02\/05\/los-mamiferos-extranos\/\">enlace<\/a>:<\/h3>\n<div class=\"entry-content\">\n<p style=\"text-align: justify;\" data-adtags-visited=\"true\">Este es el expresivo t\u00edtulo del segundo volumen de las <em>Memorias<\/em> de Antonio Enrique (<em>Memorias II, Lectura de nubes en el cielo<\/em>, Granada, Editorial Dauro, 2020, 275 p\u00e1ginas). \u00c9l, creyente de mil concepciones esot\u00e9ricas, mira el paso de las nubes y reconoce en ellas la voz de los muchos amigos poetas que ha tratado a lo largo de sus viajes, destinos docentes, encuentros de escritores, jurados de cert\u00e1menes literarios, presentaciones de libros y dem\u00e1s usos y costumbres de esos extra\u00f1os seres que conocemos como <em>poetas<\/em>, que son, seg\u00fan el autor, los seres m\u00e1s despreciables del mundo, cada uno con su ego a cuestas, sus man\u00edas y sus recovecos an\u00edmicos.<\/p>\n<p class=\"has-text-align-justify has-black-color has-text-color has-medium-font-size\" style=\"text-align: justify;\" data-adtags-visited=\"true\">\u00a0\u00a0\u00a0\u00a0\u00a0\u00a0\u00a0\u00a0\u00a0 Si el primer volumen se destinaba a exponer la cosmovisi\u00f3n de Antonio Enrique, este segundo es un canto a la amistad y los afectos que genera el \u00e1mbito de la creaci\u00f3n po\u00e9tica. Y tambi\u00e9n, por contraste, de las fobias, desafecciones e inquinas irreversibles.<\/p>\n<p class=\"has-text-align-justify has-black-color has-text-color has-medium-font-size\" style=\"text-align: justify;\" data-adtags-visited=\"true\">\u00a0\u00a0\u00a0\u00a0\u00a0\u00a0\u00a0\u00a0\u00a0 Pero no debo crear una imagen enga\u00f1osa del conjunto de estas <em>Memorias<\/em>. No se trata de tres vol\u00famenes estancos, cada uno destinado a exponer un aspecto ajeno a los otros. Por el contrario, estas <em>Memorias<\/em> tienen una consistencia de sinfon\u00eda, una composici\u00f3n en la que van surgiendo temas que se repiten una y otra vez con leves variaciones orquestales. Dicho de otro modo: hay una serie de aspectos que aparecen en los tres vol\u00famenes, ensamblados en la concepci\u00f3n global, pero aut\u00f3nomos y progresivos en su acumulaci\u00f3n, un efecto que llega a crear un cl\u00edmax musical. Su cosmovisi\u00f3n, su compa\u00f1era (la bailarina Trinidad Sevillano, su cisne esdr\u00fajulo: yo la asocio a un diminuto colibr\u00ed, toda armon\u00eda y sensibilidad) y su nuevo-viejo amor (la ni\u00f1a de la que se enamor\u00f3 en la adolescencia y a la que ha reencontrado ahora), su visi\u00f3n de la literatura, su insaciable necesidad de amistad, de amor, de vida. As\u00ed es como debe entenderse el conjunto, porque lo contrario ser\u00eda quedarse en la piel del libro.<\/p>\n<p class=\"has-text-align-center has-black-color has-text-color has-medium-font-size\" style=\"text-align: justify;\" data-adtags-visited=\"true\"><img data-recalc-dims=\"1\" decoding=\"async\" class=\"wp-image-8645\" src=\"https:\/\/albertogranados.files.wordpress.com\/2021\/05\/portada.jpg?w=640\" alt=\"\" data-attachment-id=\"8645\" data-permalink=\"https:\/\/albertogranados.wordpress.com\/2021\/05\/05\/lectura-de-nubes-en-el-cielo\/portada-6\/\" data-orig-file=\"https:\/\/albertogranados.files.wordpress.com\/2021\/05\/portada.jpg\" data-orig-size=\"1200,1200\" data-comments-opened=\"1\" data-image-meta=\"{&quot;aperture&quot;:&quot;0&quot;,&quot;credit&quot;:&quot;&quot;,&quot;camera&quot;:&quot;&quot;,&quot;caption&quot;:&quot;&quot;,&quot;created_timestamp&quot;:&quot;0&quot;,&quot;copyright&quot;:&quot;&quot;,&quot;focal_length&quot;:&quot;0&quot;,&quot;iso&quot;:&quot;0&quot;,&quot;shutter_speed&quot;:&quot;0&quot;,&quot;title&quot;:&quot;&quot;,&quot;orientation&quot;:&quot;0&quot;}\" data-image-title=\"Portada\" data-image-description=\"\" data-medium-file=\"https:\/\/albertogranados.files.wordpress.com\/2021\/05\/portada.jpg?w=300\" data-large-file=\"https:\/\/albertogranados.files.wordpress.com\/2021\/05\/portada.jpg?w=560\" \/><\/p>\n<p style=\"text-align: justify;\" data-adtags-visited=\"true\">\u00a0<\/p>\n<p class=\"has-text-align-justify has-black-color has-text-color has-medium-font-size\" style=\"text-align: justify;\" data-adtags-visited=\"true\">\u00a0\u00a0\u00a0\u00a0\u00a0\u00a0\u00a0\u00a0\u00a0 Con esta artificiosa salvedad vuelvo a afirmar que este segundo volumen habla de sus amigos poetas. Por sus p\u00e1ginas desfilan una enorme n\u00f3mina de autores con los que ha mantenido larga correspondencia literaria. Muchos son conocidos, otros no consiguieron salir de un casi anonimato p\u00fablico, quedando su obra solo para los amigos. Algunos han muerto, otros muchos sobreviven cada uno en su circunstancia.<\/p>\n<p id=\"inline-ad-0\" class=\"inline-ad-slot\" style=\"text-align: justify;\" data-adtags-width=\"560\" data-adtags-visited=\"true\">\u00a0<\/p>\n<p class=\"has-text-align-justify has-black-color has-text-color has-medium-font-size\" style=\"text-align: justify;\" data-adtags-visited=\"true\">Hay un aspecto que ten\u00eda que aparecer inexcusablemente: la vieja pol\u00e9mica entre las dos tendencias po\u00e9ticas surgidas en Granada hace casi cuarenta a\u00f1os, la <em>poes\u00eda de la experiencia o de la otra sentimentalidad, <\/em>por un lado, que se convirti\u00f3 en tendencia dominante de la mano de Javier Egea, <a>\u00c1lvaro Salvador <\/a>y, especialmente, Luis Garc\u00eda Montero. El auge de esta modalidad y la presencia de los grandes gur\u00fas medi\u00e1ticos borr\u00f3 la existencia de otra tendencia, <em>la poes\u00eda de la diferencia<\/em>: estos poetas se quejaron con raz\u00f3n, de haber sido excluidos de las grandes colecciones nacionales de poes\u00eda, de las antolog\u00edas, de los suplementos y revistas literarios, de los jurados y del reconocimiento que, sin la menor duda, se merecen. Casi muerte civil para estos poetas, que siempre culparon a Garc\u00eda Montero y su entorno de boicotearlos. Antonio Enrique dedica un cap\u00edtulo al tema y habla de una conversaci\u00f3n en coche desde Ja\u00e9n entre Garc\u00eda Montero y \u00e9l, en que le pidi\u00f3 cabida a los de la diferencia. El resultado de la petici\u00f3n sigue siendo desolador, muchos a\u00f1os despu\u00e9s.<\/p>\n<p style=\"text-align: justify;\" data-adtags-visited=\"true\">\u00a0<\/p>\n<p class=\"has-text-align-center has-black-color has-text-color has-medium-font-size\" style=\"text-align: justify;\" data-adtags-visited=\"true\"><img data-recalc-dims=\"1\" decoding=\"async\" class=\"wp-image-8646\" src=\"https:\/\/albertogranados.files.wordpress.com\/2021\/05\/antonio-enrique-en-un-acto-de-la-academia-de-buenas-letras-de-granada.jpg?w=640\" alt=\"\" data-attachment-id=\"8646\" data-permalink=\"https:\/\/albertogranados.wordpress.com\/2021\/05\/05\/lectura-de-nubes-en-el-cielo\/antonio-enrique-en-un-acto-de-la-academia-de-buenas-letras-de-granada\/\" data-orig-file=\"https:\/\/albertogranados.files.wordpress.com\/2021\/05\/antonio-enrique-en-un-acto-de-la-academia-de-buenas-letras-de-granada.jpg\" data-orig-size=\"1600,1200\" data-comments-opened=\"1\" data-image-meta=\"{&quot;aperture&quot;:&quot;5.8&quot;,&quot;credit&quot;:&quot;&quot;,&quot;camera&quot;:&quot;Canon PowerShot SX500 IS&quot;,&quot;caption&quot;:&quot;&quot;,&quot;created_timestamp&quot;:&quot;1476735049&quot;,&quot;copyright&quot;:&quot;&quot;,&quot;focal_length&quot;:&quot;129&quot;,&quot;iso&quot;:&quot;800&quot;,&quot;shutter_speed&quot;:&quot;0.125&quot;,&quot;title&quot;:&quot;&quot;,&quot;orientation&quot;:&quot;1&quot;}\" data-image-title=\"Antonio Enrique en un acto de la Academia de Buenas Letras de Granada\" data-image-description=\"\" data-medium-file=\"https:\/\/albertogranados.files.wordpress.com\/2021\/05\/antonio-enrique-en-un-acto-de-la-academia-de-buenas-letras-de-granada.jpg?w=300\" data-large-file=\"https:\/\/albertogranados.files.wordpress.com\/2021\/05\/antonio-enrique-en-un-acto-de-la-academia-de-buenas-letras-de-granada.jpg?w=560\" \/><\/p>\n<p class=\"has-text-align-center\" style=\"text-align: justify;\" data-adtags-visited=\"true\">Antonio Enrique en un acto de la Academia de Buenas Letras de Granada<\/p>\n<p style=\"text-align: justify;\" data-adtags-visited=\"true\">\u00a0<\/p>\n<p class=\"has-text-align-justify has-black-color has-text-color has-medium-font-size\" style=\"text-align: justify;\" data-adtags-visited=\"true\">Otro aspecto que me ha sorprendido: cierta admiraci\u00f3n hacia la figura del desaparecido Manuel Garc\u00eda Vi\u00f1\u00f3, sedicente cr\u00edtico literario que m\u00e1s que otra cosa, a trav\u00e9s de su panfleto <em>La fiera literaria<\/em>, ha ejercido el libelo, la parodia, el insulto y la descalificaci\u00f3n global de autores muy celebrados. Pero Antonio Enrique es amigo de sus amigos, me temo que incondicionalmente.<\/p>\n<p class=\"has-text-align-justify has-black-color has-text-color has-medium-font-size\" style=\"text-align: justify;\" data-adtags-visited=\"true\">Confes\u00e1ndose no lorquiano, la figura de Federico sobrevuela este segundo volumen al hablar de su asesinato, de su verdugo (uno de ellos) y al lanzar la hip\u00f3tesis sobre d\u00f3nde se encuentra su cad\u00e1ver, tan est\u00e9rilmente buscado junto a la Fuente de las L\u00e1grimas.<\/p>\n<p class=\"has-text-align-justify has-black-color has-text-color has-medium-font-size\" style=\"text-align: justify;\" data-adtags-visited=\"true\">Y no pod\u00edan faltar los poetas de su grupo \u00c1nade: <a>Enrique Mor\u00f3n<\/a>, el desaparecido Juan Le\u00f3n, Jos\u00e9 Lupi\u00e1\u00f1ez y su <em>Fernandillo<\/em> (Fernando de Villena), amigos de aventuras po\u00e9ticas, cuchipandas, debates y creaciones colectivas. Todos ellos revestidos de un aura de afecto y vida compartida, un \u00e1mbito po\u00e9tico-vital que se ha ido diluyendo, pero que revive en la evocaci\u00f3n emocionada de Antonio Enrique, siempre necesitado del sentimiento de amistad.<\/p>\n<p id=\"inline-ad-1\" class=\"inline-ad-slot\" style=\"text-align: justify;\" data-adtags-width=\"560\" data-adtags-visited=\"true\">\u00a0<\/p>\n<p class=\"has-text-align-justify has-black-color has-text-color has-medium-font-size\" style=\"text-align: justify;\" data-adtags-visited=\"true\">Todo este <em>nomencl\u00e1tor<\/em> po\u00e9tico destila el afecto, la admiraci\u00f3n y la celebraci\u00f3n de la poes\u00eda y de la amistad. Y de fondo, la prosa magistral del autor, que no puede dejar indiferente a nadie. Muy pronto, la tercera (y por ahora \u00faltima) entrega en este blog.<\/p>\n<p class=\"has-black-color has-text-color has-medium-font-size\" style=\"text-align: justify;\" data-adtags-visited=\"true\"><strong>Alberto Granados<\/strong><\/p>\n<\/div>\n<div class=\"byline\" style=\"text-align: justify;\"><span class=\"sep\">Publicado por <span class=\"author vcard\"><a class=\"url fn n\" title=\"Ver todas las entradas de Alberto Granados\" href=\"https:\/\/albertogranados.wordpress.com\/author\/albertogranados\/\">Alberto Granados<\/a><\/span> <\/span>en <span class=\"entry-categories\"><a href=\"https:\/\/albertogranados.wordpress.com\/category\/complicidades\/\" rel=\"category tag\">Complicidades<\/a><\/span><\/div>\n<div class=\"entry-content\" style=\"text-align: justify;\">\n<div id=\"pd_rating_holder_4006262_post_8640\" class=\"cs-rating pd-rating\">\n<div id=\"pd_rate_4006262_post_8640\" class=\"rating-icons\">\n<div id=\"PDRTJS_4006262_post_8640_stars_1\" class=\"rating-star-icon\">\u00a0<\/div>\n<\/div>\n<div id=\"PDRTJS_4006262_post_8640_msg\" class=\"rating-msg\">\u00a0<\/div>\n<\/div>\n<\/div>\n<blockquote class=\"wp-embedded-content\" data-secret=\"cqkhIxAntX\"><p><a href=\"https:\/\/miradordeatarfe.es\/?p=45213\">\u00abLOS MAMIFEROS EXTRA\u00d1OS\u00bb por Alberto Granados<\/a><\/p><\/blockquote>\n<p><iframe loading=\"lazy\" class=\"wp-embedded-content\" sandbox=\"allow-scripts\" security=\"restricted\" style=\"position: absolute; visibility: hidden;\" title=\"\u00ab\u00abLOS MAMIFEROS EXTRA\u00d1OS\u00bb por Alberto Granados\u00bb \u2014 Mirador de Atarfe\" src=\"https:\/\/miradordeatarfe.es\/?p=45213&#038;embed=true#?secret=qjhAVWd5Xg#?secret=cqkhIxAntX\" data-secret=\"cqkhIxAntX\" width=\"600\" height=\"338\" frameborder=\"0\" marginwidth=\"0\" marginheight=\"0\" scrolling=\"no\"><\/iframe><\/p>\n","protected":false},"excerpt":{"rendered":"<p>El lector puede encontrar la rese\u00f1a del primer volumen de estas Memorias en este enlace:&#8230;<\/p>\n","protected":false},"author":1,"featured_media":47534,"comment_status":"closed","ping_status":"closed","sticky":false,"template":"","format":"standard","meta":{"_coblocks_attr":"","_coblocks_dimensions":"","_coblocks_responsive_height":"","_coblocks_accordion_ie_support":"","jetpack_post_was_ever_published":false,"_jetpack_newsletter_access":"","_jetpack_dont_email_post_to_subs":false,"_jetpack_newsletter_tier_id":0,"_jetpack_memberships_contains_paywalled_content":false,"_jetpack_memberships_contains_paid_content":false,"footnotes":"","jetpack_publicize_message":"","jetpack_publicize_feature_enabled":true,"jetpack_social_post_already_shared":false,"jetpack_social_options":{"image_generator_settings":{"template":"highway","default_image_id":0,"enabled":false},"version":2}},"categories":[39,1161,44,6937,15],"tags":[8345,8142],"class_list":["post-47536","post","type-post","status-publish","format-standard","has-post-thumbnail","hentry","category-opinion-de-alberto-granados","category-ciudadania","category-noticias-de-hoy","category-sociedad","category-ultimas-noticias","tag-antonio-enrique","tag-memorias"],"jetpack_publicize_connections":[],"jetpack_featured_media_url":"https:\/\/i0.wp.com\/miradordeatarfe.es\/wp-content\/uploads\/2021\/05\/0000317492.jpg?fit=335%2C224&ssl=1","jetpack_likes_enabled":true,"jetpack_sharing_enabled":true,"_links":{"self":[{"href":"https:\/\/miradordeatarfe.es\/index.php?rest_route=\/wp\/v2\/posts\/47536","targetHints":{"allow":["GET"]}}],"collection":[{"href":"https:\/\/miradordeatarfe.es\/index.php?rest_route=\/wp\/v2\/posts"}],"about":[{"href":"https:\/\/miradordeatarfe.es\/index.php?rest_route=\/wp\/v2\/types\/post"}],"author":[{"embeddable":true,"href":"https:\/\/miradordeatarfe.es\/index.php?rest_route=\/wp\/v2\/users\/1"}],"replies":[{"embeddable":true,"href":"https:\/\/miradordeatarfe.es\/index.php?rest_route=%2Fwp%2Fv2%2Fcomments&post=47536"}],"version-history":[{"count":1,"href":"https:\/\/miradordeatarfe.es\/index.php?rest_route=\/wp\/v2\/posts\/47536\/revisions"}],"predecessor-version":[{"id":47537,"href":"https:\/\/miradordeatarfe.es\/index.php?rest_route=\/wp\/v2\/posts\/47536\/revisions\/47537"}],"wp:featuredmedia":[{"embeddable":true,"href":"https:\/\/miradordeatarfe.es\/index.php?rest_route=\/wp\/v2\/media\/47534"}],"wp:attachment":[{"href":"https:\/\/miradordeatarfe.es\/index.php?rest_route=%2Fwp%2Fv2%2Fmedia&parent=47536"}],"wp:term":[{"taxonomy":"category","embeddable":true,"href":"https:\/\/miradordeatarfe.es\/index.php?rest_route=%2Fwp%2Fv2%2Fcategories&post=47536"},{"taxonomy":"post_tag","embeddable":true,"href":"https:\/\/miradordeatarfe.es\/index.php?rest_route=%2Fwp%2Fv2%2Ftags&post=47536"}],"curies":[{"name":"wp","href":"https:\/\/api.w.org\/{rel}","templated":true}]}}