{"id":47550,"date":"2021-05-30T10:41:31","date_gmt":"2021-05-30T08:41:31","guid":{"rendered":"http:\/\/miradordeatarfe.es\/?p=47550"},"modified":"2021-05-29T13:05:13","modified_gmt":"2021-05-29T11:05:13","slug":"cdu-atarfe-simbolo-de-esfuerzo-grupal-para-una-temporada-excepcional","status":"publish","type":"post","link":"https:\/\/miradordeatarfe.es\/?p=47550","title":{"rendered":"CDU Atarfe, s\u00edmbolo de esfuerzo grupal para una temporada excepcional"},"content":{"rendered":"<p><strong>FASE DE ASCENSO A SUPERLIGA 1 FEMENINA <\/strong><\/p>\n<p>Tras una temporada memorable, las chicas del <strong>CDU Atarfe<\/strong> obtuvieron una merecida clasificaci\u00f3n para la Fase Final de Superliga 2 que dar\u00eda acceso al Ascenso a la Liga Iberdrola (Superliga 1). Una vez conocidos los equipos clasificados de los otros grupos asistimos al evento con mucha ilusi\u00f3n, a\u00fan sabiendo de la dificultad del torneo. La notoria diferencia en las plantillas de nuestros adversarios, plagadas de fichajes y con serias aspiraciones a conseguir el ascenso, unido a las bajas que arrastr\u00e1bamos durante pr\u00e1cticamente toda la temporada y nuestra falta de experiencia en la categor\u00eda, hizo de esta Fase de Ascenso una experiencia enriquecedora que, a buen seguro, nos ayudar\u00e1 a afrontar los retos ilusionantes del futuro inmediato.\u00a0La clasificaci\u00f3n final nos otorgaba una Sexta posici\u00f3n en la Superliga Femenina 2.<\/p>\n<p><strong>RESUMEN DE LA TEMPORADA<\/strong><\/p>\n<p>Una vez conseguido el ascenso en la temporada 2019-2020 debutamos en la categor\u00eda de plata del voleibol nacional con muchas ganas. A pesar de la gran competitividad existente entre los equipos, conseguimos alcanzar el primer puesto en la tabla clasificatoria al finalizar la primera vuelta. Este hito deportivo nos dio el pasaporte para la disputa de nuestra primera <strong>Copa de la Princesa<\/strong>. Incre\u00edble experiencia la vivida por nuestras jugadoras con una organizaci\u00f3n espectacular. Con mucho esfuerzo, conseguimos terminar la liga regular entre los dos primeros clasificados obteniendo la clasificaci\u00f3n para disputar la <strong>Fase Final de Superliga 2<\/strong>. Sin duda, un a\u00f1o para recordar en nuestro debut en la categor\u00eda. Llenos de ilusi\u00f3n nos disponemos a planificar nuestra segunda temporada en la categor\u00eda subm\u00e1xima del voleibol espa\u00f1ola. Agradecer el trabajo diario, esfuerzo, sacrificio y compromiso de todas nuestras jugadoras.<\/p>\n<p>Las art\u00edfices de este periplo de \u00e9xito, la plantilla con <strong>Celia Morales, Mar\u00eda C\u00f3rdoba, Mar\u00eda Illeras, Encarni Garc\u00eda, Valentina Stenta, Carla P\u00e9rez, Luc\u00eda Ceballos, Bel\u00e9n Cabrera, Laura Moya, Carmen Morales, Tania Ferreira, Mar\u00eda Rodr\u00edguez y Salma El Amrani<\/strong>.<\/p>\n<p>Acompa\u00f1adas y dirigidas por <strong>Fran Santos y Cipri P\u00e9rez<\/strong>, sin olvidar al resto de componentes del club CDU Atarfe.<\/p>\n<p><a href=\"https:\/\/i0.wp.com\/miradordeatarfe.es\/wp-content\/uploads\/2021\/05\/TEMPORADA-2020-21_CDU-ATARFE-1.jpeg?ssl=1\"><img data-recalc-dims=\"1\" loading=\"lazy\" decoding=\"async\" class=\"alignnone wp-image-47551 size-full\" src=\"https:\/\/i0.wp.com\/miradordeatarfe.es\/wp-content\/uploads\/2021\/05\/TEMPORADA-2020-21_CDU-ATARFE-1.jpeg?resize=640%2C589&#038;ssl=1\" alt=\"\" width=\"640\" height=\"589\" srcset=\"https:\/\/i0.wp.com\/miradordeatarfe.es\/wp-content\/uploads\/2021\/05\/TEMPORADA-2020-21_CDU-ATARFE-1.jpeg?w=1200&amp;ssl=1 1200w, https:\/\/i0.wp.com\/miradordeatarfe.es\/wp-content\/uploads\/2021\/05\/TEMPORADA-2020-21_CDU-ATARFE-1.jpeg?resize=300%2C276&amp;ssl=1 300w, https:\/\/i0.wp.com\/miradordeatarfe.es\/wp-content\/uploads\/2021\/05\/TEMPORADA-2020-21_CDU-ATARFE-1.jpeg?resize=1024%2C942&amp;ssl=1 1024w, https:\/\/i0.wp.com\/miradordeatarfe.es\/wp-content\/uploads\/2021\/05\/TEMPORADA-2020-21_CDU-ATARFE-1.jpeg?resize=768%2C707&amp;ssl=1 768w\" sizes=\"auto, (max-width: 640px) 100vw, 640px\" \/><\/a><\/p>\n<div class=\"wp-block-jetpack-slideshow aligncenter\" data-effect=\"slide\" data-jetpack-block-initialized=\"true\">\n<div class=\"wp-block-jetpack-slideshow_container swiper-container swiper-container-initialized swiper-container-horizontal swiper-container-pointer-events wp-swiper-initialized\">\n<ul id=\"swiper-wrapper-6cab9e79adef4c45\" class=\"wp-block-jetpack-slideshow_swiper-wrapper swiper-wrapper\" aria-live=\"polite\">\n<li class=\"wp-block-jetpack-slideshow_slide swiper-slide swiper-slide-duplicate swiper-slide-prev\" role=\"group\" data-swiper-slide-index=\"5\" aria-hidden=\"true\" aria-label=\"1 \/ 8\">\n<figure><img data-recalc-dims=\"1\" loading=\"lazy\" decoding=\"async\" class=\"wp-block-jetpack-slideshow_image wp-image-18400 jetpack-lazy-image\" src=\"https:\/\/i0.wp.com\/www.granadapolideportiva.es\/wp-content\/uploads\/2021\/02\/1-atarfe-mintonette-1024x576.jpeg?resize=640%2C360&#038;ssl=1\" srcset=\"data:image\/gif;base64,R0lGODlhAQABAIAAAAAAAP\/\/\/yH5BAEAAAAALAAAAAABAAEAAAIBRAA7\" alt=\"\" width=\"640\" height=\"360\" data-id=\"18400\" data-lazy-srcset=\"https:\/\/www.granadapolideportiva.es\/wp-content\/uploads\/2021\/02\/1-atarfe-mintonette-1024x576.jpeg 1024w, https:\/\/www.granadapolideportiva.es\/wp-content\/uploads\/2021\/02\/1-atarfe-mintonette-300x169.jpeg 300w, https:\/\/www.granadapolideportiva.es\/wp-content\/uploads\/2021\/02\/1-atarfe-mintonette-768x432.jpeg 768w, https:\/\/www.granadapolideportiva.es\/wp-content\/uploads\/2021\/02\/1-atarfe-mintonette.jpeg 1200w\" data-lazy-sizes=\"(max-width: 1024px) 100vw, 1024px\" data-lazy-src=\"https:\/\/i0.wp.com\/www.granadapolideportiva.es\/wp-content\/uploads\/2021\/02\/1-atarfe-mintonette-1024x576.jpeg?ssl=1\" \/><figcaption class=\"wp-block-jetpack-slideshow_caption gallery-caption\">CDU Atarfe, conjunto de Superliga 2 Femenina | Foto: Gabinete<\/figcaption><\/figure>\n<\/li>\n<li class=\"wp-block-jetpack-slideshow_slide swiper-slide swiper-slide-active\" tabindex=\"-1\" role=\"group\" data-swiper-slide-index=\"0\" aria-hidden=\"false\" aria-label=\"2 \/ 8\">\n<figure><img data-recalc-dims=\"1\" loading=\"lazy\" decoding=\"async\" class=\"wp-block-jetpack-slideshow_image wp-image-17555 jetpack-lazy-image jetpack-lazy-image--handled\" src=\"https:\/\/i0.wp.com\/www.granadapolideportiva.es\/wp-content\/uploads\/2020\/11\/10-1024x576.jpg?resize=640%2C360&#038;ssl=1\" sizes=\"auto, (max-width: 1024px) 100vw, 1024px\" srcset=\"https:\/\/www.granadapolideportiva.es\/wp-content\/uploads\/2020\/11\/10-1024x576.jpg 1024w, https:\/\/www.granadapolideportiva.es\/wp-content\/uploads\/2020\/11\/10-300x169.jpg 300w, https:\/\/www.granadapolideportiva.es\/wp-content\/uploads\/2020\/11\/10-768x432.jpg 768w, https:\/\/www.granadapolideportiva.es\/wp-content\/uploads\/2020\/11\/10.jpg 1200w\" alt=\"\" width=\"640\" height=\"360\" data-id=\"17555\" data-lazy-loaded=\"1\" \/><figcaption class=\"wp-block-jetpack-slideshow_caption gallery-caption\">Opportunity CDU Atarfe | Foto: Gabinete<\/figcaption><\/figure>\n<\/li>\n<li class=\"wp-block-jetpack-slideshow_slide swiper-slide swiper-slide-next\" role=\"group\" data-swiper-slide-index=\"1\" aria-hidden=\"true\" aria-label=\"3 \/ 8\">\n<figure><img data-recalc-dims=\"1\" loading=\"lazy\" decoding=\"async\" class=\"wp-block-jetpack-slideshow_image wp-image-17623 jetpack-lazy-image\" src=\"https:\/\/i0.wp.com\/www.granadapolideportiva.es\/wp-content\/uploads\/2020\/11\/14-NOV_2-1024x577.jpg?resize=640%2C361&#038;ssl=1\" srcset=\"data:image\/gif;base64,R0lGODlhAQABAIAAAAAAAP\/\/\/yH5BAEAAAAALAAAAAABAAEAAAIBRAA7\" alt=\"\" width=\"640\" height=\"361\" data-id=\"17623\" data-lazy-srcset=\"https:\/\/www.granadapolideportiva.es\/wp-content\/uploads\/2020\/11\/14-NOV_2-1024x577.jpg 1024w, https:\/\/www.granadapolideportiva.es\/wp-content\/uploads\/2020\/11\/14-NOV_2-300x169.jpg 300w, https:\/\/www.granadapolideportiva.es\/wp-content\/uploads\/2020\/11\/14-NOV_2-768x433.jpg 768w, https:\/\/www.granadapolideportiva.es\/wp-content\/uploads\/2020\/11\/14-NOV_2.jpg 1200w\" data-lazy-sizes=\"(max-width: 1024px) 100vw, 1024px\" data-lazy-src=\"https:\/\/i0.wp.com\/www.granadapolideportiva.es\/wp-content\/uploads\/2020\/11\/14-NOV_2-1024x577.jpg?ssl=1\" \/><figcaption class=\"wp-block-jetpack-slideshow_caption gallery-caption\">CDU Atarfe en su partido de Superliga 2 Femenina | Foto: Gabinete<\/figcaption><\/figure>\n<\/li>\n<li class=\"wp-block-jetpack-slideshow_slide swiper-slide\" role=\"group\" data-swiper-slide-index=\"2\" aria-hidden=\"true\" aria-label=\"4 \/ 8\">\n<figure><img data-recalc-dims=\"1\" loading=\"lazy\" decoding=\"async\" class=\"wp-block-jetpack-slideshow_image wp-image-17768 jetpack-lazy-image\" src=\"https:\/\/i0.wp.com\/www.granadapolideportiva.es\/wp-content\/uploads\/2020\/11\/1-1024x576.jpg?resize=640%2C360&#038;ssl=1\" srcset=\"data:image\/gif;base64,R0lGODlhAQABAIAAAAAAAP\/\/\/yH5BAEAAAAALAAAAAABAAEAAAIBRAA7\" alt=\"\" width=\"640\" height=\"360\" data-id=\"17768\" data-lazy-srcset=\"https:\/\/www.granadapolideportiva.es\/wp-content\/uploads\/2020\/11\/1-1024x576.jpg 1024w, https:\/\/www.granadapolideportiva.es\/wp-content\/uploads\/2020\/11\/1-300x169.jpg 300w, https:\/\/www.granadapolideportiva.es\/wp-content\/uploads\/2020\/11\/1-768x432.jpg 768w, https:\/\/www.granadapolideportiva.es\/wp-content\/uploads\/2020\/11\/1.jpg 1200w\" data-lazy-sizes=\"(max-width: 1024px) 100vw, 1024px\" data-lazy-src=\"https:\/\/i0.wp.com\/www.granadapolideportiva.es\/wp-content\/uploads\/2020\/11\/1-1024x576.jpg?ssl=1\" \/><figcaption class=\"wp-block-jetpack-slideshow_caption gallery-caption\">CDU Atarfe de Superliga 2 de voleibol femenino | Foto: Gabinete<\/figcaption><\/figure>\n<\/li>\n<li class=\"wp-block-jetpack-slideshow_slide swiper-slide\" role=\"group\" data-swiper-slide-index=\"3\" aria-hidden=\"true\" aria-label=\"5 \/ 8\">\n<figure><img data-recalc-dims=\"1\" loading=\"lazy\" decoding=\"async\" class=\"wp-block-jetpack-slideshow_image wp-image-18002 jetpack-lazy-image\" src=\"https:\/\/i0.wp.com\/www.granadapolideportiva.es\/wp-content\/uploads\/2020\/12\/CDU-Atarfe-3-1024x576.jpg?resize=640%2C360&#038;ssl=1\" srcset=\"data:image\/gif;base64,R0lGODlhAQABAIAAAAAAAP\/\/\/yH5BAEAAAAALAAAAAABAAEAAAIBRAA7\" alt=\"\" width=\"640\" height=\"360\" data-id=\"18002\" data-lazy-srcset=\"https:\/\/www.granadapolideportiva.es\/wp-content\/uploads\/2020\/12\/CDU-Atarfe-3-1024x576.jpg 1024w, https:\/\/www.granadapolideportiva.es\/wp-content\/uploads\/2020\/12\/CDU-Atarfe-3-300x169.jpg 300w, https:\/\/www.granadapolideportiva.es\/wp-content\/uploads\/2020\/12\/CDU-Atarfe-3-768x432.jpg 768w, https:\/\/www.granadapolideportiva.es\/wp-content\/uploads\/2020\/12\/CDU-Atarfe-3.jpg 1200w\" data-lazy-sizes=\"(max-width: 1024px) 100vw, 1024px\" data-lazy-src=\"https:\/\/i0.wp.com\/www.granadapolideportiva.es\/wp-content\/uploads\/2020\/12\/CDU-Atarfe-3-1024x576.jpg?ssl=1\" \/><figcaption class=\"wp-block-jetpack-slideshow_caption gallery-caption\">CDU Atarfe, equipo de Superliga 2 en voleibol | Foto: Mar\u00eda Moya<\/figcaption><\/figure>\n<\/li>\n<li class=\"wp-block-jetpack-slideshow_slide swiper-slide\" role=\"group\" data-swiper-slide-index=\"4\" aria-hidden=\"true\" aria-label=\"6 \/ 8\">\n<figure><img data-recalc-dims=\"1\" loading=\"lazy\" decoding=\"async\" class=\"wp-block-jetpack-slideshow_image wp-image-18006 jetpack-lazy-image\" src=\"https:\/\/i0.wp.com\/www.granadapolideportiva.es\/wp-content\/uploads\/2020\/12\/CDU-Atarfe-1024x576.jpg?resize=640%2C360&#038;ssl=1\" srcset=\"data:image\/gif;base64,R0lGODlhAQABAIAAAAAAAP\/\/\/yH5BAEAAAAALAAAAAABAAEAAAIBRAA7\" alt=\"\" width=\"640\" height=\"360\" data-id=\"18006\" data-lazy-srcset=\"https:\/\/www.granadapolideportiva.es\/wp-content\/uploads\/2020\/12\/CDU-Atarfe-1024x576.jpg 1024w, https:\/\/www.granadapolideportiva.es\/wp-content\/uploads\/2020\/12\/CDU-Atarfe-300x169.jpg 300w, https:\/\/www.granadapolideportiva.es\/wp-content\/uploads\/2020\/12\/CDU-Atarfe-768x432.jpg 768w, https:\/\/www.granadapolideportiva.es\/wp-content\/uploads\/2020\/12\/CDU-Atarfe.jpg 1200w\" data-lazy-sizes=\"(max-width: 1024px) 100vw, 1024px\" data-lazy-src=\"https:\/\/i0.wp.com\/www.granadapolideportiva.es\/wp-content\/uploads\/2020\/12\/CDU-Atarfe-1024x576.jpg?ssl=1\" \/><figcaption class=\"wp-block-jetpack-slideshow_caption gallery-caption\">CDU Atarfe, equipo de Superliga 2 en voleibol | Foto: Mar\u00eda Moya<\/figcaption><\/figure>\n<\/li>\n<li class=\"wp-block-jetpack-slideshow_slide swiper-slide swiper-slide-duplicate-prev\" role=\"group\" data-swiper-slide-index=\"5\" aria-hidden=\"true\" aria-label=\"7 \/ 8\">\n<figure><img data-recalc-dims=\"1\" loading=\"lazy\" decoding=\"async\" class=\"wp-block-jetpack-slideshow_image wp-image-18400 jetpack-lazy-image\" src=\"https:\/\/i0.wp.com\/www.granadapolideportiva.es\/wp-content\/uploads\/2021\/02\/1-atarfe-mintonette-1024x576.jpeg?resize=640%2C360&#038;ssl=1\" srcset=\"data:image\/gif;base64,R0lGODlhAQABAIAAAAAAAP\/\/\/yH5BAEAAAAALAAAAAABAAEAAAIBRAA7\" alt=\"\" width=\"640\" height=\"360\" data-id=\"18400\" data-lazy-srcset=\"https:\/\/www.granadapolideportiva.es\/wp-content\/uploads\/2021\/02\/1-atarfe-mintonette-1024x576.jpeg 1024w, https:\/\/www.granadapolideportiva.es\/wp-content\/uploads\/2021\/02\/1-atarfe-mintonette-300x169.jpeg 300w, https:\/\/www.granadapolideportiva.es\/wp-content\/uploads\/2021\/02\/1-atarfe-mintonette-768x432.jpeg 768w, https:\/\/www.granadapolideportiva.es\/wp-content\/uploads\/2021\/02\/1-atarfe-mintonette.jpeg 1200w\" data-lazy-sizes=\"(max-width: 1024px) 100vw, 1024px\" data-lazy-src=\"https:\/\/i0.wp.com\/www.granadapolideportiva.es\/wp-content\/uploads\/2021\/02\/1-atarfe-mintonette-1024x576.jpeg?ssl=1\" \/><figcaption class=\"wp-block-jetpack-slideshow_caption gallery-caption\">CDU Atarfe, conjunto de Superliga 2 Femenina | Foto: Gabinete<\/figcaption><\/figure>\n<\/li>\n<li class=\"wp-block-jetpack-slideshow_slide swiper-slide swiper-slide-duplicate swiper-slide-duplicate-active\" role=\"group\" data-swiper-slide-index=\"0\" aria-hidden=\"true\" aria-label=\"8 \/ 8\">\n<figure><img data-recalc-dims=\"1\" loading=\"lazy\" decoding=\"async\" class=\"wp-block-jetpack-slideshow_image wp-image-17555 jetpack-lazy-image\" src=\"https:\/\/i0.wp.com\/www.granadapolideportiva.es\/wp-content\/uploads\/2020\/11\/10-1024x576.jpg?resize=640%2C360&#038;ssl=1\" srcset=\"data:image\/gif;base64,R0lGODlhAQABAIAAAAAAAP\/\/\/yH5BAEAAAAALAAAAAABAAEAAAIBRAA7\" alt=\"\" width=\"640\" height=\"360\" data-id=\"17555\" data-lazy-srcset=\"https:\/\/www.granadapolideportiva.es\/wp-content\/uploads\/2020\/11\/10-1024x576.jpg 1024w, https:\/\/www.granadapolideportiva.es\/wp-content\/uploads\/2020\/11\/10-300x169.jpg 300w, https:\/\/www.granadapolideportiva.es\/wp-content\/uploads\/2020\/11\/10-768x432.jpg 768w, https:\/\/www.granadapolideportiva.es\/wp-content\/uploads\/2020\/11\/10.jpg 1200w\" data-lazy-sizes=\"(max-width: 1024px) 100vw, 1024px\" data-lazy-src=\"https:\/\/i0.wp.com\/www.granadapolideportiva.es\/wp-content\/uploads\/2020\/11\/10-1024x576.jpg?ssl=1\" \/><figcaption class=\"wp-block-jetpack-slideshow_caption gallery-caption\">Opportunity CDU Atarfe | Foto: Gabinete<\/figcaption><\/figure>\n<\/li>\n<\/ul>\n<div class=\"wp-block-jetpack-slideshow_pagination swiper-pagination swiper-pagination-white swiper-pagination-clickable swiper-pagination-bullets\">\u00a0<\/div>\n<\/div>\n<\/div>\n","protected":false},"excerpt":{"rendered":"<p>FASE DE ASCENSO A SUPERLIGA 1 FEMENINA Tras una temporada memorable, las chicas del CDU&#8230;<\/p>\n","protected":false},"author":1,"featured_media":47552,"comment_status":"closed","ping_status":"closed","sticky":false,"template":"","format":"standard","meta":{"_coblocks_attr":"","_coblocks_dimensions":"","_coblocks_responsive_height":"","_coblocks_accordion_ie_support":"","jetpack_post_was_ever_published":false,"_jetpack_newsletter_access":"","_jetpack_dont_email_post_to_subs":false,"_jetpack_newsletter_tier_id":0,"_jetpack_memberships_contains_paywalled_content":false,"_jetpack_memberships_contains_paid_content":false,"footnotes":"","jetpack_publicize_message":"","jetpack_publicize_feature_enabled":true,"jetpack_social_post_already_shared":false,"jetpack_social_options":{"image_generator_settings":{"template":"highway","default_image_id":0,"enabled":false},"version":2}},"categories":[2,182,44,15],"tags":[4751,8349],"class_list":["post-47550","post","type-post","status-publish","format-standard","has-post-thumbnail","hentry","category-atarfe","category-deportes","category-noticias-de-hoy","category-ultimas-noticias","tag-cdu-atarfe","tag-temporadea"],"jetpack_publicize_connections":[],"jetpack_featured_media_url":"https:\/\/i0.wp.com\/miradordeatarfe.es\/wp-content\/uploads\/2021\/05\/10-1024x576-1.jpg?fit=1024%2C576&ssl=1","jetpack_likes_enabled":true,"jetpack_sharing_enabled":true,"_links":{"self":[{"href":"https:\/\/miradordeatarfe.es\/index.php?rest_route=\/wp\/v2\/posts\/47550","targetHints":{"allow":["GET"]}}],"collection":[{"href":"https:\/\/miradordeatarfe.es\/index.php?rest_route=\/wp\/v2\/posts"}],"about":[{"href":"https:\/\/miradordeatarfe.es\/index.php?rest_route=\/wp\/v2\/types\/post"}],"author":[{"embeddable":true,"href":"https:\/\/miradordeatarfe.es\/index.php?rest_route=\/wp\/v2\/users\/1"}],"replies":[{"embeddable":true,"href":"https:\/\/miradordeatarfe.es\/index.php?rest_route=%2Fwp%2Fv2%2Fcomments&post=47550"}],"version-history":[{"count":1,"href":"https:\/\/miradordeatarfe.es\/index.php?rest_route=\/wp\/v2\/posts\/47550\/revisions"}],"predecessor-version":[{"id":47553,"href":"https:\/\/miradordeatarfe.es\/index.php?rest_route=\/wp\/v2\/posts\/47550\/revisions\/47553"}],"wp:featuredmedia":[{"embeddable":true,"href":"https:\/\/miradordeatarfe.es\/index.php?rest_route=\/wp\/v2\/media\/47552"}],"wp:attachment":[{"href":"https:\/\/miradordeatarfe.es\/index.php?rest_route=%2Fwp%2Fv2%2Fmedia&parent=47550"}],"wp:term":[{"taxonomy":"category","embeddable":true,"href":"https:\/\/miradordeatarfe.es\/index.php?rest_route=%2Fwp%2Fv2%2Fcategories&post=47550"},{"taxonomy":"post_tag","embeddable":true,"href":"https:\/\/miradordeatarfe.es\/index.php?rest_route=%2Fwp%2Fv2%2Ftags&post=47550"}],"curies":[{"name":"wp","href":"https:\/\/api.w.org\/{rel}","templated":true}]}}