{"id":47554,"date":"2021-06-03T11:21:22","date_gmt":"2021-06-03T09:21:22","guid":{"rendered":"http:\/\/miradordeatarfe.es\/?p=47554"},"modified":"2021-06-13T17:45:56","modified_gmt":"2021-06-13T15:45:56","slug":"un-maestro-excepcional-d-benigno-vaquero-cid","status":"publish","type":"post","link":"https:\/\/miradordeatarfe.es\/?p=47554","title":{"rendered":"\u00abUN MAESTRO EXCEPCIONAL : D. Benigno Vaquero Cid\u00bb por Jos\u00e9 Vaquero"},"content":{"rendered":"<h3 style=\"text-align: justify;\"><span style=\"font-size: 12pt;\">En homenaje a todos aquellos maestros que tras la guerra civil lucharon contra el analfabetismo en Espa\u00f1a.<\/span><\/h3>\n<p style=\"text-align: justify;\">El jueves 3 de junio, d\u00eda del Corpus, se cumplen 24 a\u00f1os del fallecimiento de D. Benigno Vaquero Cid, el maestro de Pinos Puente. Existen personas que son faros que alumbran la vida de todas las personas que tienen la suerte de cruzarse con ellas en su camino. Una de ellas fue mi t\u00edo. Yo, adem\u00e1s de su sobrino fui su alumno y, por tanto, tuve esa fortuna. \u00c9l fue quien me ense\u00f1\u00f3 a leer, escribir, pensar y amar. Y a \u00e9l le debo todo lo que soy.<\/p>\n<p style=\"text-align: justify;\"><a href=\"https:\/\/i0.wp.com\/miradordeatarfe.es\/wp-content\/uploads\/2021\/05\/Benigno1.jpg?ssl=1\"><img data-recalc-dims=\"1\" loading=\"lazy\" decoding=\"async\" class=\" wp-image-47557 alignleft\" src=\"https:\/\/i0.wp.com\/miradordeatarfe.es\/wp-content\/uploads\/2021\/05\/Benigno1.jpg?resize=224%2C336&#038;ssl=1\" alt=\"\" width=\"224\" height=\"336\" \/>D<\/a>. Benigno fue uno de los docentes depurados por el R\u00e9gimen Franquista cuando acab\u00f3 la guerra civil, pero su vocaci\u00f3n pudo m\u00e1s que la persecuci\u00f3n a que lo sometieron. Y no s\u00f3lo la soport\u00f3 con estoicismo, sino que tambi\u00e9n padeci\u00f3 el dolor causado por la muerte con 17 meses de su hijo primog\u00e9nito y el producido por la esquizofrenia de Adora, su esposa, una mujer buen\u00edsima, pero afectada por esa enfermedad perturbadora. M\u00e1s adelante, nacer\u00edan tres hijos m\u00e1s, Benigno, Purita y Antonio. Su hija Purita preside la asociaci\u00f3n que lleva su nombre, y que promueve en Pinos Puente muchos de los actos culturales que se celebran en el pueblo.<\/p>\n<p style=\"text-align: justify;\">Ideol\u00f3gicamente, mi t\u00edo no milit\u00f3 en ning\u00fan partido pol\u00edtico. Fue un esp\u00edritu libre, independiente, volador y rebelde. Simpatizante del socialismo. Pero de un socialismo universal y humanista, alejado de nacionalismos y extremismos, y comprometido en la defensa de los valores m\u00e1s nobles que puede atesorar el ser humano: la libertad, la igualdad, la justicia, la verdad, la honradez\u2026<\/p>\n<p style=\"text-align: justify;\">Respecto a sus creencias, en su juventud fue un cristiano comprometido, pero se apart\u00f3 de la Iglesia cat\u00f3lica cuando comprob\u00f3 la actuaci\u00f3n de \u00e9sta al finalizar la guerra civil. Deriv\u00f3 a un agnosticismo impregnado de esencias cristianas.<\/p>\n<p style=\"text-align: justify;\">Pienso que la labor tan ingente que desarroll\u00f3, \u00fanicamente se puede explicar por sostenerse en un acto de fe: <b>la redenci\u00f3n del ser humano por su educaci\u00f3n mediante el amor.<\/b> Sin renunciar a sus ideales, y para poder subsistir, fund\u00f3 una escuela privada con el nombre \u201cLuis Vives\u201d, primero en el n\u00ba 14 de la calle Gracia en Granada, y luego la traslad\u00f3 a Pinos Puente, su pueblo natal. Para ello habilit\u00f3 algunas dependencias de su propia casa. En sus clases, pobladas por alumnos de distintas edades y clases sociales, \u00e9l lo hac\u00eda todo, pues era el \u00fanico maestro. Y los preparaba desde sus primeras letras hasta el bachillerato superior, incluso le daba tiempo a alfabetizar a adultos por la noche.<\/p>\n<p style=\"text-align: justify;\">Aplicando los postulados de la Instituci\u00f3n Libre de Ense\u00f1anza, con su amor, empe\u00f1o y esfuerzo, no solo nos prepar\u00f3 d\u00e1ndonos una s\u00f3lida formaci\u00f3n, sino que supo orientarnos para que cada uno encontrase, potenciase y desarrollase lo mejor que llevaba dentro. Con \u00e9l aprendimos a valorar cualidades como bondad, sabidur\u00eda, perseverancia, honestidad y fidelidad a unos principios. Su escuela permaneci\u00f3 abierta desde el d\u00eda 1 de julio de 1939 hasta el 15 de septiembre de 1978. La ma\u00f1ana de ese d\u00eda, D. Benigno entr\u00f3 a clase y les dijo a sus alumnos que s\u00f3lo iban a glosar un texto que escribi\u00f3 en la pizarra. Era su legado espiritual. <b>Un conjunto de m\u00e1ximas que revelaban su concepto de la educaci\u00f3n, y que podr\u00eda sintetizarse en tres palabras: dar, aprender y amar. <\/b><\/p>\n<p style=\"text-align: justify;\">Durante todo el d\u00eda D. Benigno estuvo comentando aquellas sentencias con sus disc\u00edpulos. No les cost\u00f3 trabajo interiorizarlas, pues el maestro las hab\u00eda llevado a la pr\u00e1ctica con su vida. Y la semilla que sembr\u00f3 lleg\u00f3 a dar sus frutos. Muchos de sus alumnos, entre los que me encuentro, son excelentes personas, y algunos, destacados profesionales en diversos campos del saber. <b>Sus lemas \u201cAprender siempre para amar\u201d y \u201cAmar siempre para aprender\u201d quedaron grabados a fuego en nuestras almas. Y tambi\u00e9n su concepto de educaci\u00f3n: \u201cEducar es dar al cuerpo y el alma toda la belleza y perfecci\u00f3n posibles\u201d<\/b><\/p>\n<p style=\"text-align: justify;\"><u><b>D. BENIGNO, RODEADO DE AMIGOS Y FAMILIARES, EN SU HOMENAJE<\/b><\/u><\/p>\n<p style=\"text-align: justify;\"><a href=\"https:\/\/i0.wp.com\/miradordeatarfe.es\/wp-content\/uploads\/2021\/05\/BENIGNO1-1.jpg?ssl=1\"><img data-recalc-dims=\"1\" loading=\"lazy\" decoding=\"async\" class=\"wp-image-47558 size-full aligncenter\" src=\"https:\/\/i0.wp.com\/miradordeatarfe.es\/wp-content\/uploads\/2021\/05\/BENIGNO1-1.jpg?resize=640%2C449&#038;ssl=1\" alt=\"\" width=\"640\" height=\"449\" srcset=\"https:\/\/i0.wp.com\/miradordeatarfe.es\/wp-content\/uploads\/2021\/05\/BENIGNO1-1.jpg?w=1031&amp;ssl=1 1031w, https:\/\/i0.wp.com\/miradordeatarfe.es\/wp-content\/uploads\/2021\/05\/BENIGNO1-1.jpg?resize=300%2C211&amp;ssl=1 300w, https:\/\/i0.wp.com\/miradordeatarfe.es\/wp-content\/uploads\/2021\/05\/BENIGNO1-1.jpg?resize=1024%2C719&amp;ssl=1 1024w, https:\/\/i0.wp.com\/miradordeatarfe.es\/wp-content\/uploads\/2021\/05\/BENIGNO1-1.jpg?resize=768%2C539&amp;ssl=1 768w\" sizes=\"auto, (max-width: 640px) 100vw, 640px\" \/><\/a><\/p>\n<p style=\"text-align: justify;\">Restaurada la democracia, D. Benigno fue restituido en su puesto de maestro de ense\u00f1anza p\u00fablica y, poco despu\u00e9s, <b>en 1980, se le concedi\u00f3 la Cruz de Alfonso X el Sabio al m\u00e9rito docente. Con tal distinci\u00f3n no solo se le reconoc\u00eda su extraordinaria labor educacional, sino su sabidur\u00eda senequista y vital, apoyada siempre en dos pilares fundamentales: la libertad y la honradez.<\/b> D. Benigno falleci\u00f3 en Pinos Puente el d\u00eda 3 de junio de 1997. Su entierro fue multitudinario. Tras salir llorando del cementerio, y mientras regresaba a casa, pens\u00e9 para mis adentros: \u00a1Qu\u00e9 suerte haber tenido un maestro como \u00e9l!<\/p>\n<p style=\"text-align: justify;\">Cliqueando (Ctrl + clic) en el siguiente enlace, podr\u00e1n ver un documento audiovisual de mi t\u00edo realizado por un querido alumno suyo, Francisco Flores. Al pasarlo al formato de YouTube ha perdido calidad, pero nos da una idea certera de su rica personalidad:<\/p>\n<p style=\"text-align: justify;\"><a href=\"https:\/\/l.facebook.com\/l.php?u=https%3A%2F%2Fwww.youtube.com%2Fwatch%3Fv%3DIFzN8-r-KBU%26t%3D63s%26fbclid%3DIwAR0ImRqw2dq3sUmBkLGF0-r5cSCR2hoo0DqW89-MME-CTs_7YVHost904ig&amp;h=AT2fXG5R-gu7REWK0YhVaZ-WZHmcgHZ0YGswKI3Kp_tXNfn_L9CJKhVEQjYEldxYCypbF8Yjf1ZJz3J07eKt9qlDvTK3blyw2pBPdgHL-O8_34NpofLCQDvBXiZzeBFq1CLKL9IFX1RKlhWL&amp;__tn__=R%5d-R&amp;c%5b0%5d=AT0S5AcXdlz2zpbS5eIPGHoZrxlzpXm-iLh-S-Dl3qazRpNXnaeR5N5crNqFayDqWGY86BkObhc8s0DHhqcCNLpjS51pW8PcSakI72ZEErvEn-Nxhlu-mh45qh_OErpYp4Wv9eMFVobnsMFNgVrxf8EPdFcj0MsgmhLX\">https:\/\/l.facebook.com\/l.php?u=https%3A%2F%2Fwww.youtube.com%2Fwatch%3Fv%3DIFzN8-r-KBU%26t%3D63s%26fbclid%3DIwAR0ImRqw2dq3sUmBkLGF0-r5cSCR2hoo0DqW89-MME-CTs_7YVHost904ig&amp;h=AT2fXG5R-gu7REWK0YhVaZ-WZHmcgHZ0YGswKI3Kp_tXNfn_L9CJKhVEQjYEldxYCypbF8Yjf1ZJz3J07eKt9qlDvTK3blyw2pBPdgHL-O8_34NpofLCQDvBXiZzeBFq1CLKL9IFX1RKlhWL&amp;__tn__=R]-R&amp;c[0]=AT0S5AcXdlz2zpbS5eIPGHoZrxlzpXm-iLh-S-Dl3qazRpNXnaeR5N5crNqFayDqWGY86BkObhc8s0DHhqcCNLpjS51pW8PcSakI72ZEErvEn-Nxhlu-mh45qh_OErpYp4Wv9eMFVobnsMFNgVrxf8EPdFcj0MsgmhLX<\/a><\/p>\n<p style=\"text-align: justify;\"><strong>Jos\u00e9 Vaquero S\u00e1nchez<\/strong> <\/p>\n<p>&nbsp;<\/p>\n","protected":false},"excerpt":{"rendered":"<p>En homenaje a todos aquellos maestros que tras la guerra civil lucharon contra el analfabetismo&#8230;<\/p>\n","protected":false},"author":1,"featured_media":47555,"comment_status":"closed","ping_status":"closed","sticky":false,"template":"","format":"standard","meta":{"_coblocks_attr":"","_coblocks_dimensions":"","_coblocks_responsive_height":"","_coblocks_accordion_ie_support":"","jetpack_post_was_ever_published":false,"_jetpack_newsletter_access":"","_jetpack_dont_email_post_to_subs":false,"_jetpack_newsletter_tier_id":0,"_jetpack_memberships_contains_paywalled_content":false,"_jetpack_memberships_contains_paid_content":false,"footnotes":"","jetpack_publicize_message":"","jetpack_publicize_feature_enabled":true,"jetpack_social_post_already_shared":false,"jetpack_social_options":{"image_generator_settings":{"template":"highway","default_image_id":0,"enabled":false},"version":2}},"categories":[7926,44,7671,6937,15],"tags":[8350,215],"class_list":["post-47554","post","type-post","status-publish","format-standard","has-post-thumbnail","hentry","category-opinion-de-jose-vaquero","category-noticias-de-hoy","category-politica","category-sociedad","category-ultimas-noticias","tag-benigno-vaquero-cid","tag-docentes"],"jetpack_publicize_connections":[],"jetpack_featured_media_url":"https:\/\/i0.wp.com\/miradordeatarfe.es\/wp-content\/uploads\/2021\/05\/benigno.jpg?fit=320%2C180&ssl=1","jetpack_likes_enabled":true,"jetpack_sharing_enabled":true,"_links":{"self":[{"href":"https:\/\/miradordeatarfe.es\/index.php?rest_route=\/wp\/v2\/posts\/47554","targetHints":{"allow":["GET"]}}],"collection":[{"href":"https:\/\/miradordeatarfe.es\/index.php?rest_route=\/wp\/v2\/posts"}],"about":[{"href":"https:\/\/miradordeatarfe.es\/index.php?rest_route=\/wp\/v2\/types\/post"}],"author":[{"embeddable":true,"href":"https:\/\/miradordeatarfe.es\/index.php?rest_route=\/wp\/v2\/users\/1"}],"replies":[{"embeddable":true,"href":"https:\/\/miradordeatarfe.es\/index.php?rest_route=%2Fwp%2Fv2%2Fcomments&post=47554"}],"version-history":[{"count":3,"href":"https:\/\/miradordeatarfe.es\/index.php?rest_route=\/wp\/v2\/posts\/47554\/revisions"}],"predecessor-version":[{"id":47945,"href":"https:\/\/miradordeatarfe.es\/index.php?rest_route=\/wp\/v2\/posts\/47554\/revisions\/47945"}],"wp:featuredmedia":[{"embeddable":true,"href":"https:\/\/miradordeatarfe.es\/index.php?rest_route=\/wp\/v2\/media\/47555"}],"wp:attachment":[{"href":"https:\/\/miradordeatarfe.es\/index.php?rest_route=%2Fwp%2Fv2%2Fmedia&parent=47554"}],"wp:term":[{"taxonomy":"category","embeddable":true,"href":"https:\/\/miradordeatarfe.es\/index.php?rest_route=%2Fwp%2Fv2%2Fcategories&post=47554"},{"taxonomy":"post_tag","embeddable":true,"href":"https:\/\/miradordeatarfe.es\/index.php?rest_route=%2Fwp%2Fv2%2Ftags&post=47554"}],"curies":[{"name":"wp","href":"https:\/\/api.w.org\/{rel}","templated":true}]}}