{"id":47560,"date":"2021-05-31T11:38:22","date_gmt":"2021-05-31T09:38:22","guid":{"rendered":"http:\/\/miradordeatarfe.es\/?p=47560"},"modified":"2021-05-29T13:49:51","modified_gmt":"2021-05-29T11:49:51","slug":"don-alhambro-por-remedios-sanchez","status":"publish","type":"post","link":"https:\/\/miradordeatarfe.es\/?p=47560","title":{"rendered":"\u00abDON ALHAMBRO\u00bb por Remedios S\u00e1nchez"},"content":{"rendered":"<h3 align=\"JUSTIFY\"><span style=\"font-family: Times New Roman, serif; font-size: 14pt;\"><span lang=\"es-ES\">Granada y un verdor que ilumina la tarde de lluvia perfumando de array\u00e1n y hierbabuena los caminos que descienden de La Alhambra. Granada y un suspiro, tan fr\u00e1gil como el aleteo de un gorrioncillo, capaz de desvanecerse entre callejas estrechas, \u00e9sas que son piedra y el tiempo las inunda de recuerdos.<\/span><\/span><\/h3>\n<p align=\"JUSTIFY\"><span style=\"font-family: Times New Roman, serif;\"><span style=\"font-size: medium;\"><span lang=\"es-ES\"> Granada y don Alhambro, reci\u00e9n llegado de Inglaterra (otra vez) para degustar los matices del agua en los atardeceres lentos, con noches de luna clara y un temblor de azahar en la primavera de cierre de mayo; para sostener la tradici\u00f3n de nuestra melancol\u00eda serenamente aletargada, despertarla y traerla de la mano, con la esperanza de alcanzar a comprender los mecanismos de reloj que mueven la idiosincrasia granad\u00ed, tan rotunda algunas veces como una reflexi\u00f3n ganivetiana: \u201clas verdades de los hombres tienen que ser como piedras y los cargos que ejercen, como c\u00e1ntaros: pase lo que pase debe romperse el c\u00e1ntaro\u201d.<\/span><\/span><\/span><\/p>\n<p align=\"JUSTIFY\"><span style=\"font-family: Times New Roman, serif;\"><span style=\"font-size: medium;\"><span lang=\"es-ES\">Lo cual que Granada, color, letargo y brisa que roza las torrecillas pero no a las gentes, llega un momento en que se despereza lentamente y, poco a poco, se alza con aquella aspiraci\u00f3n antigua a vibrar. Porque Granada no vibra, ni se agita ni se emociona salvo en contadas ocasiones pero esos momentos suceden misteriosamente cuando menos se lo espera uno. Porque para saber cu\u00e1ndo va a vibrar Granada, cu\u00e1ndo ha de producirse el m\u00e1gico suceso, hay que aprender a mirar y a escuchar, a ver y a o\u00edr con esp\u00edritu de poeta cauto y de alfarero de horas perdidas. Por eso normalmente resulta una sorpresa que alcanza a las mayor\u00edas como un rayo; que obliga a tomar conciencia de que hemos avanzado un paso y no hay posibilidad de marcha atr\u00e1s. Es, evidentemente, tal vez un paso peque\u00f1o, casi imperceptible para el ojo humano no avisado, porque, como dec\u00eda Federico, aqu\u00ed el tiempo se dedica a \u201cbeber agua, girar sobre el eje del bast\u00f3n y mirar el paisaje\u201d. Salvo cuando se producen estos pasos chicos de minu\u00e9 galante, pero que pueden terminar en una petenera, triste, negra, y honda. O en un duelo a navaja cuando el alba enciende el Albaic\u00edn. No se sabe bien nunca en qu\u00e9, porque ah\u00ed reside el misterio, la modulaci\u00f3n de la historia, pero lo que est\u00e1 claro es que algo va a suceder, sea una racha afilada de viento que atraviese Valpara\u00edso y trastorne las veletas de los campanarios o que se desborde un arroyo. Pero, conste: s\u00f3lo ocurre \u00fanicamente cosa. Nunca las dos, porque como se explica en la lorquiana \u2018Historia de este gallo\u201d, evidentemente dos y dos nunca son cuatro. Exclusivamente son dos y dos, sin alcanzar nunca a fundirse, aunque nosotros no lo sepamos de primeras porque es un secreto. Y aquel gallo azul inmensidad, azul eterno de cielo limpio de nubes, regresa, como cuando entonces, augurando una aurora de fuego y agua limpia de cristal en las albercas antiguas. As\u00ed, de esta manera, el gallo-duende roza los cipreses con las coberteras de cola para anunciar su retorno y alborota de pronto a las almas yacientes con sus quiquiriqu\u00edes transparentes, sus picotazos inesperados y sus matem\u00e1ticas insondables para el for\u00e1neo, pero aut\u00e9nticamente nuestras, propias de la idiosincrasia de la tierra, del sabor del agua de las fuentes, del rumor de las campanas de las Angustias. Es en ese instante cuando se hace el silencio. <\/span><\/span><\/span><\/p>\n<p align=\"JUSTIFY\"><span style=\"font-family: Times New Roman, serif;\"><span style=\"font-size: medium;\"><span lang=\"es-ES\">.foto: http:\/\/cielosynubes.blogspot.com\/2010\/10\/granada-bajo-la-lluvia.html<br \/>\n<\/span><\/span><\/span><\/p>\n","protected":false},"excerpt":{"rendered":"<p>Granada y un verdor que ilumina la tarde de lluvia perfumando de array\u00e1n y hierbabuena&#8230;<\/p>\n","protected":false},"author":1,"featured_media":47561,"comment_status":"closed","ping_status":"closed","sticky":false,"template":"","format":"standard","meta":{"_coblocks_attr":"","_coblocks_dimensions":"","_coblocks_responsive_height":"","_coblocks_accordion_ie_support":"","jetpack_post_was_ever_published":false,"_jetpack_newsletter_access":"","_jetpack_dont_email_post_to_subs":false,"_jetpack_newsletter_tier_id":0,"_jetpack_memberships_contains_paywalled_content":false,"_jetpack_memberships_contains_paid_content":false,"footnotes":"","jetpack_publicize_message":"","jetpack_publicize_feature_enabled":true,"jetpack_social_post_already_shared":false,"jetpack_social_options":{"image_generator_settings":{"template":"highway","default_image_id":0,"enabled":false},"version":2}},"categories":[1161,44,6914,15],"tags":[129],"class_list":["post-47560","post","type-post","status-publish","format-standard","has-post-thumbnail","hentry","category-ciudadania","category-noticias-de-hoy","category-opinion-de-reme-sanchez","category-ultimas-noticias","tag-granada"],"jetpack_publicize_connections":[],"jetpack_featured_media_url":"https:\/\/i0.wp.com\/miradordeatarfe.es\/wp-content\/uploads\/2021\/05\/5057561463_14df2a5bc1_o.jpg?fit=1301%2C871&ssl=1","jetpack_likes_enabled":true,"jetpack_sharing_enabled":true,"_links":{"self":[{"href":"https:\/\/miradordeatarfe.es\/index.php?rest_route=\/wp\/v2\/posts\/47560","targetHints":{"allow":["GET"]}}],"collection":[{"href":"https:\/\/miradordeatarfe.es\/index.php?rest_route=\/wp\/v2\/posts"}],"about":[{"href":"https:\/\/miradordeatarfe.es\/index.php?rest_route=\/wp\/v2\/types\/post"}],"author":[{"embeddable":true,"href":"https:\/\/miradordeatarfe.es\/index.php?rest_route=\/wp\/v2\/users\/1"}],"replies":[{"embeddable":true,"href":"https:\/\/miradordeatarfe.es\/index.php?rest_route=%2Fwp%2Fv2%2Fcomments&post=47560"}],"version-history":[{"count":1,"href":"https:\/\/miradordeatarfe.es\/index.php?rest_route=\/wp\/v2\/posts\/47560\/revisions"}],"predecessor-version":[{"id":47562,"href":"https:\/\/miradordeatarfe.es\/index.php?rest_route=\/wp\/v2\/posts\/47560\/revisions\/47562"}],"wp:featuredmedia":[{"embeddable":true,"href":"https:\/\/miradordeatarfe.es\/index.php?rest_route=\/wp\/v2\/media\/47561"}],"wp:attachment":[{"href":"https:\/\/miradordeatarfe.es\/index.php?rest_route=%2Fwp%2Fv2%2Fmedia&parent=47560"}],"wp:term":[{"taxonomy":"category","embeddable":true,"href":"https:\/\/miradordeatarfe.es\/index.php?rest_route=%2Fwp%2Fv2%2Fcategories&post=47560"},{"taxonomy":"post_tag","embeddable":true,"href":"https:\/\/miradordeatarfe.es\/index.php?rest_route=%2Fwp%2Fv2%2Ftags&post=47560"}],"curies":[{"name":"wp","href":"https:\/\/api.w.org\/{rel}","templated":true}]}}