{"id":4757,"date":"2015-11-24T08:30:39","date_gmt":"2015-11-24T08:30:39","guid":{"rendered":"http:\/\/miradordeatarfe.es\/?p=4757"},"modified":"2015-11-29T17:29:31","modified_gmt":"2015-11-29T17:29:31","slug":"perspectivas-historicas-de-nuestra-calle-real-de-atarfe","status":"publish","type":"post","link":"https:\/\/miradordeatarfe.es\/?p=4757","title":{"rendered":"NUESTRA CALLE REAL DE ATARFE por Jos\u00e9 Enrique Granados"},"content":{"rendered":"<p>Diversos textos publicados en Curiosidades elvirenses de Jose Enrique Granados<!--more--><a href=\"https:\/\/i0.wp.com\/miradordeatarfe.es\/wp-content\/uploads\/2015\/11\/11062432_912985328787483_43472882139535989_o.jpg?ssl=1\"><img data-recalc-dims=\"1\" loading=\"lazy\" decoding=\"async\" class=\"alignnone wp-image-4759\" src=\"https:\/\/i0.wp.com\/miradordeatarfe.es\/wp-content\/uploads\/2015\/11\/11062432_912985328787483_43472882139535989_o.jpg?resize=640%2C455&#038;ssl=1\" alt=\"11062432_912985328787483_43472882139535989_o\" width=\"640\" height=\"455\" srcset=\"https:\/\/i0.wp.com\/miradordeatarfe.es\/wp-content\/uploads\/2015\/11\/11062432_912985328787483_43472882139535989_o.jpg?w=2048&amp;ssl=1 2048w, https:\/\/i0.wp.com\/miradordeatarfe.es\/wp-content\/uploads\/2015\/11\/11062432_912985328787483_43472882139535989_o.jpg?resize=300%2C213&amp;ssl=1 300w, https:\/\/i0.wp.com\/miradordeatarfe.es\/wp-content\/uploads\/2015\/11\/11062432_912985328787483_43472882139535989_o.jpg?resize=1024%2C728&amp;ssl=1 1024w, https:\/\/i0.wp.com\/miradordeatarfe.es\/wp-content\/uploads\/2015\/11\/11062432_912985328787483_43472882139535989_o.jpg?resize=600%2C426&amp;ssl=1 600w, https:\/\/i0.wp.com\/miradordeatarfe.es\/wp-content\/uploads\/2015\/11\/11062432_912985328787483_43472882139535989_o.jpg?w=1280&amp;ssl=1 1280w, https:\/\/i0.wp.com\/miradordeatarfe.es\/wp-content\/uploads\/2015\/11\/11062432_912985328787483_43472882139535989_o.jpg?w=1920&amp;ssl=1 1920w\" sizes=\"auto, (max-width: 640px) 100vw, 640px\" \/><\/a><\/p>\n<p>Aunque no sabemos exactamente la fecha de la fotograf\u00eda, podemos encontrarnos ante un retrato de principios de siglo pasado. Casi coet\u00e1neo a la misma (1890) nos encontramos con el texto de D. Antonio Almagro C\u00e1rdenas titulado \u201cCuriosidades del pueblo de Atarfe y ruinas Elvira\u201d, en el que podemos leer lo siguiente:<\/p>\n<p>El pueblo se constituye de una calle principal, llamada Real, cuya longitud son unos cuatrocientos pasos, y en la que se sit\u00faa la plaza de la Constituci\u00f3n o Ayunta<span class=\"text_exposed_show\">miento y la iglesia. De la calle Real parten otras transversales a derecha e izquierda que dan salida respectivamente, unas a la vega y otras a las faldas del Cerro del Castillejo, perteneciente a Sierra Elvira. Son tambi\u00e9n de notar en esta calle Real o mayor, a m\u00e1s de la iglesia, la casa de los tres de Burgos, importante edificio de fines del siglo pasado, en la que se halla una fuente p\u00fablica.<\/span><\/p>\n<div class=\"text_exposed_show\">\n<p>Aunque hay de dejar claro que esta fuente a la que se refiere el texto no es el pilar que aparece en la fotograf\u00eda ya que \u00e9ste se inauguro en 1901, costeado con fondos de los vecinos y siendo alcalde Francisco Gim\u00e9nez Abril.<\/p>\n<p>La fotograf\u00eda est\u00e1 repleta de tipismo destacando en un primer t\u00e9rmino las mujeres, casi todas cubiertas con toquilla que con su c\u00e1ntaro cogen agua del pilar. Los burros amarrados a la pared del edificio con sus aparejos y los hombres, tanto los de la calle como los que se ven asomados a los balcones, tocados con sombrero\u2026\u2026\u2026..<\/p>\n<p>Hermosa estampa de un edificio, cuya fachada nunca debi\u00f3 cambiar.<\/p>\n<p><em>Curiosidades elvirenses.<\/em><\/p>\n<p><a href=\"https:\/\/i0.wp.com\/miradordeatarfe.es\/wp-content\/uploads\/2015\/11\/12241210_916427678443248_182684894273600349_n.jpg?ssl=1\"><img data-recalc-dims=\"1\" loading=\"lazy\" decoding=\"async\" class=\"alignnone size-full wp-image-4760\" src=\"https:\/\/i0.wp.com\/miradordeatarfe.es\/wp-content\/uploads\/2015\/11\/12241210_916427678443248_182684894273600349_n.jpg?resize=640%2C475&#038;ssl=1\" alt=\"12241210_916427678443248_182684894273600349_n\" width=\"640\" height=\"475\" srcset=\"https:\/\/i0.wp.com\/miradordeatarfe.es\/wp-content\/uploads\/2015\/11\/12241210_916427678443248_182684894273600349_n.jpg?w=793&amp;ssl=1 793w, https:\/\/i0.wp.com\/miradordeatarfe.es\/wp-content\/uploads\/2015\/11\/12241210_916427678443248_182684894273600349_n.jpg?resize=300%2C223&amp;ssl=1 300w, https:\/\/i0.wp.com\/miradordeatarfe.es\/wp-content\/uploads\/2015\/11\/12241210_916427678443248_182684894273600349_n.jpg?resize=600%2C446&amp;ssl=1 600w\" sizes=\"auto, (max-width: 640px) 100vw, 640px\" \/><\/a><\/p>\n<\/div>\n<p>Otra perspectiva de nuestra calle Real all\u00e1 por 1968, ilustra la Gacetilla de hoy. La fotograf\u00eda, cortes\u00eda de Antonio S\u00e1nchez, que aparece en la instant\u00e1nea junto a la furgoneta, me devuelve a una ni\u00f1ez en donde la calle Real era el eje vertebrador de un pueblo que viv\u00eda en ella.<\/p>\n<p>Nuestra arteria principal era una calle bulliciosa, llena de gente que la paseaba y la disfrutaba; una avenida con tr\u00e1nsito de veh\u00edculos, con un tranv\u00eda cargado de romanticismo y acusados vaivenes; <span class=\"text_exposed_show\">vial de dimensiones proporcionadas, en sus aceras los vecinos se repart\u00edan el espacio con las terrazas de bares y cafeter\u00edas. Tranv\u00eda y veh\u00edculos de motor compart\u00edan el arc\u00e9n en perfecta armon\u00eda con bestias y carros tirados por caballer\u00edas, participando del espacio, motocicletas y veloc\u00edpedos.<\/span><\/p>\n<div class=\"text_exposed_show\">\n<p>Casas ilustres de dos alturas, uniformes, en cuyas delanteras colgaban ventanas y balcones con magn\u00edficas rejer\u00edas y apliques de luz daban paso a viviendas m\u00e1s humildes, cuyo \u00fanico blas\u00f3n era la blanca cal que a\u00f1o tras a\u00f1o usaban sus propietarios para enjalbegar las fachadas. Las puertas de los comercios tradicionales se suced\u00edan a las de las residencias vecinales con equilibrio, sin estridencia\u2026 Lo \u00fanico discordante eran los ruidos producidos por la chiquiller\u00eda que ocupaban las plazas y calles adyacentes jugando a la pelota o a polic\u00edas y ladrones.<\/p>\n<p>Recuerdos de un ayer un poco lejano pero siempre permanente.<\/p>\n<p><em>Curiosidades elvirenses.<\/em><\/p>\n<\/div>\n<p><a href=\"https:\/\/i0.wp.com\/miradordeatarfe.es\/wp-content\/uploads\/2015\/11\/12238243_917339145018768_1350911079258285211_o.jpg?ssl=1\"><img data-recalc-dims=\"1\" loading=\"lazy\" decoding=\"async\" class=\"alignnone size-full wp-image-4761\" src=\"https:\/\/i0.wp.com\/miradordeatarfe.es\/wp-content\/uploads\/2015\/11\/12238243_917339145018768_1350911079258285211_o.jpg?resize=640%2C954&#038;ssl=1\" alt=\"12238243_917339145018768_1350911079258285211_o\" width=\"640\" height=\"954\" srcset=\"https:\/\/i0.wp.com\/miradordeatarfe.es\/wp-content\/uploads\/2015\/11\/12238243_917339145018768_1350911079258285211_o.jpg?w=644&amp;ssl=1 644w, https:\/\/i0.wp.com\/miradordeatarfe.es\/wp-content\/uploads\/2015\/11\/12238243_917339145018768_1350911079258285211_o.jpg?resize=201%2C300&amp;ssl=1 201w, https:\/\/i0.wp.com\/miradordeatarfe.es\/wp-content\/uploads\/2015\/11\/12238243_917339145018768_1350911079258285211_o.jpg?resize=600%2C894&amp;ssl=1 600w\" sizes=\"auto, (max-width: 640px) 100vw, 640px\" \/><\/a><\/p>\n<div class=\"text_exposed_show\">\n<div class=\"_1dwg\">\n<div id=\"js_5\" class=\"_5pbx userContent\" data-ft=\"{&quot;tn&quot;:&quot;K&quot;}\">\n<div id=\"id_5652eb5bbb5272780937981\" class=\"text_exposed_root text_exposed\">\n<p>Y si el otro d\u00eda elogi\u00e1bamos la calle Real que conocimos en la d\u00e9cada de los sesenta y setenta del siglo pasado, hoy ponemos en valor otra fotograf\u00eda de esta misma calle, pero en otra zona diferente y en una \u00e9poca m\u00e1s reciente. En la misma podemos observar la construcci\u00f3n de los pisos que hay en esta avenida, esquina calle de las Golondrinas, en donde se encontraba la tienda de Rafael \u201cel Alpargatero\u201d. En la otra esquina, el videoclub que regentaba \u201cFrancisqu\u00edn\u201d.<\/p>\n<p>Contemplamo<span class=\"text_exposed_show\">s en todo su esplendor la casa de los Arcos, as\u00ed como la hilera de olmos, desprovistos de hoja que daban sombra en los meses de est\u00edo. Un carruaje tirado por dos caballos pasea tranquilamente, portando a cuatro personas. <\/span><\/p>\n<div class=\"text_exposed_show\">\n<p>Cuantas historias habr\u00e1n tenido lugar en nuestra calle Real\u2026\u2026\u2026.<\/p>\n<p><em>Curiosidades elvirenses.<\/em><\/p>\n<p><a href=\"https:\/\/i0.wp.com\/miradordeatarfe.es\/wp-content\/uploads\/2015\/11\/12208303_912216602197689_5365662736577232632_n.jpg?ssl=1\"><img data-recalc-dims=\"1\" loading=\"lazy\" decoding=\"async\" class=\"alignnone wp-image-4766\" src=\"https:\/\/i0.wp.com\/miradordeatarfe.es\/wp-content\/uploads\/2015\/11\/12208303_912216602197689_5365662736577232632_n.jpg?resize=640%2C364&#038;ssl=1\" alt=\"12208303_912216602197689_5365662736577232632_n\" width=\"640\" height=\"364\" srcset=\"https:\/\/i0.wp.com\/miradordeatarfe.es\/wp-content\/uploads\/2015\/11\/12208303_912216602197689_5365662736577232632_n.jpg?w=362&amp;ssl=1 362w, https:\/\/i0.wp.com\/miradordeatarfe.es\/wp-content\/uploads\/2015\/11\/12208303_912216602197689_5365662736577232632_n.jpg?resize=300%2C171&amp;ssl=1 300w\" sizes=\"auto, (max-width: 640px) 100vw, 640px\" \/><\/a><\/p>\n<\/div>\n<\/div>\n<div class=\"\">\u00a0En la fotograf\u00eda de la Gacetilla de hoy podemos ver una larga hilera de mujeres, en la calle Real, ante la llamada casa de la Falange para el reparto de productos alimenticios de primera necesidad tras el terremoto de abril de 1956. Esta fila ser\u00eda muy similar a las que se formaban durante la postguerra tras la puesta en marcha del sistema de racionamiento establecido en nuestro pa\u00eds el 14 de mayo de 1939, ante la falta de alimentos.<\/div>\n<\/div>\n<\/div>\n<\/div>\n<div class=\"text_exposed_show\">\n<div id=\"js_21\" class=\"_5pbx userContent\" data-ft=\"{&quot;tn&quot;:&quot;K&quot;}\">\n<div id=\"id_5652ebcbcd4885272035148\" class=\"text_exposed_root text_exposed\">\n<p>La reducci\u00f3n salarial de 1939 y el poster<span class=\"text_exposed_show\">ior estancamiento de los sueldos \u2013que en 1950 a\u00fan se situaban en torno al 50% de los existentes en 1936\u2013 adquirieron tintes dram\u00e1ticos por la escasez de los alimentos, mientras los comedores de Auxilio Social acog\u00edan a cientos de miles de familias cada d\u00eda. Nos referimos a las famosas cartillas de racionamiento.<\/span><\/p>\n<div class=\"text_exposed_show\">\n<p>\u00c9stas, son uno de los elementos m\u00e1s caracter\u00edsticos de la posguerra en Espa\u00f1a. Para llevarlo a cabo, se crearon estas cartillas, variando las cantidades de alimentos que deb\u00eda recibir el destinatario en funci\u00f3n de la edad y sexo. Por ejemplo, una persona de 60 a\u00f1os recib\u00eda el 80% de la cantidad recibida por un hombre adulto mientras que un menor, ten\u00eda derecho al 60% de la misma. Entre clases sociales tambi\u00e9n se establecieron diferencias.<\/p>\n<p>Sin embargo, las cantidades establecidas oficialmente por el decreto del Gobierno \u2013un hombre adulto, por ejemplo, deb\u00eda recibir 400 gramos de pan, 250 de patatas, 200 de pescado fresco, 100 de legumbres, 125 de carne, 30 de az\u00facar, 25 de tocino y 10 de caf\u00e9 al d\u00eda\u2013, nada ten\u00edan que ver con las que finalmente se entregaban a cada ciudadano. El racionamiento no cumpli\u00f3 su funci\u00f3n casi nunca.<\/p>\n<p>En un principio las cartillas eran familiares, pero en 1943 pasaron a ser individuales. El sistema de racionamiento estuvo vigente hasta mayo de 1952, cuando las cartillas desaparecieron para los alimentos. Y es que durante estos casi 15 a\u00f1os el sistema demostr\u00f3 ser de muy mala calidad y dio origen al estraperlo y a la venta ilegal de estos productos en el llamado &#8216;mercado negro&#8217;.<\/p>\n<p>Por desgracia, la crisis actual ha hecho que estas filas vuelvan a aparecer ante las puertas de varias ONGs.<\/p>\n<p><em>Curiosidades elvirenses<\/em><\/p>\n<\/div>\n<\/div>\n<div class=\"\"><\/div>\n<\/div>\n<div class=\"_3x-2\">\n<div data-ft=\"{&quot;tn&quot;:&quot;H&quot;}\">\n<div class=\"mtm\">\n<div class=\"_2a2q\">\n<div class=\"uiScaledImageContainer\"><img loading=\"lazy\" decoding=\"async\" class=\"scaledImageFitWidth img\" src=\"https:\/\/scontent-mad1-1.xx.fbcdn.net\/hphotos-xpf1\/v\/t1.0-0\/q84\/s480x480\/12243559_912216608864355_4755310415813217683_n.jpg?oh=2fa71cde76ebbc53482715d796da5917&amp;oe=56AF1985\" alt=\"Foto de Gacetilla y curiosidades elvirenses.\" width=\"748\" height=\"414\" \/><\/div>\n<\/div>\n<\/div>\n<div class=\"uiScaledImageContainer\">\n<p>Y para terminar con este paseo por la calle Real que hemos emprendido en estos \u00faltimos d\u00edas, traemos a la portada de la Gacetilla, una fotograf\u00eda de nuestra arteria principal de mediados de la d\u00e9cada de los sesenta. Hay que destacar que toda esta colecci\u00f3n se la debemos a Antonio S\u00e1nchez. De nuevo mi gratitud, ya que gracias a su esfuerzo durante tanto tiempo, hoy podemos recordar el Atarfe del pasado.<\/p>\n<p>En un primer lugar, en esta foto podemos leer la palabra Paz. Este vocablo<span class=\"text_exposed_show\"> forma parte de la frase acu\u00f1ada por el r\u00e9gimen \u201c25 a\u00f1os de paz\u201d. Esta campa\u00f1a de propaganda del franquismo fue puesta en marcha en 1964 por Fraga Iribarne, ministro entonces de Informaci\u00f3n y Turismo, para conmemorar el fin de la Guerra Civil. Con un discurso m\u00e1s conciliador se pretend\u00eda capitalizar la paz asoci\u00e1ndola a las mejoras econ\u00f3micas y sociales que empezaban a percibirse en la sociedad espa\u00f1ola, tras m\u00e1s de veinticinco a\u00f1os de miseria.<\/span><\/p>\n<div class=\"text_exposed_show\">\n<p>Dos relojes hay en la imagen, cada uno marca una hora distinta. Los olmos, esta vez muestran todas sus hojas; estamos en primavera, en verano quiz\u00e1s. La plaza de la Iglesia, ya sin el \u201centablao\u201d; y el primer kiosco de Miguel adosado a las paredes de la sacrist\u00eda; la barber\u00eda del Solana, la relojer\u00eda Castro, y una bicicleta. \u00bfQui\u00e9n ser\u00eda su propietario?.<\/p>\n<p><em>Curiosidades elvirenses.<\/em><\/p>\n<\/div>\n<\/div>\n<\/div>\n<\/div>\n<\/div>\n","protected":false},"excerpt":{"rendered":"<p>Diversos textos publicados en Curiosidades elvirenses de Jose Enrique Granados<\/p>\n","protected":false},"author":1,"featured_media":4762,"comment_status":"closed","ping_status":"closed","sticky":false,"template":"","format":"standard","meta":{"_coblocks_attr":"","_coblocks_dimensions":"","_coblocks_responsive_height":"","_coblocks_accordion_ie_support":"","jetpack_post_was_ever_published":false,"_jetpack_newsletter_access":"","_jetpack_dont_email_post_to_subs":false,"_jetpack_newsletter_tier_id":0,"_jetpack_memberships_contains_paywalled_content":false,"_jetpack_memberships_contains_paid_content":false,"footnotes":"","jetpack_publicize_message":"","jetpack_publicize_feature_enabled":true,"jetpack_social_post_already_shared":false,"jetpack_social_options":{"image_generator_settings":{"template":"highway","default_image_id":0,"enabled":false},"version":2}},"categories":[2,1225,38,15],"tags":[1694],"class_list":["post-4757","post","type-post","status-publish","format-standard","has-post-thumbnail","hentry","category-atarfe","category-ha-de-atarfe","category-opinion-de-jose-enrique-granados","category-ultimas-noticias","tag-calle-real"],"jetpack_publicize_connections":[],"jetpack_featured_media_url":"https:\/\/i0.wp.com\/miradordeatarfe.es\/wp-content\/uploads\/2015\/11\/11428217_844880898931260_5718300897626050431_o.jpg?fit=2048%2C1541&ssl=1","jetpack_likes_enabled":true,"jetpack_sharing_enabled":true,"_links":{"self":[{"href":"https:\/\/miradordeatarfe.es\/index.php?rest_route=\/wp\/v2\/posts\/4757","targetHints":{"allow":["GET"]}}],"collection":[{"href":"https:\/\/miradordeatarfe.es\/index.php?rest_route=\/wp\/v2\/posts"}],"about":[{"href":"https:\/\/miradordeatarfe.es\/index.php?rest_route=\/wp\/v2\/types\/post"}],"author":[{"embeddable":true,"href":"https:\/\/miradordeatarfe.es\/index.php?rest_route=\/wp\/v2\/users\/1"}],"replies":[{"embeddable":true,"href":"https:\/\/miradordeatarfe.es\/index.php?rest_route=%2Fwp%2Fv2%2Fcomments&post=4757"}],"version-history":[{"count":8,"href":"https:\/\/miradordeatarfe.es\/index.php?rest_route=\/wp\/v2\/posts\/4757\/revisions"}],"predecessor-version":[{"id":4788,"href":"https:\/\/miradordeatarfe.es\/index.php?rest_route=\/wp\/v2\/posts\/4757\/revisions\/4788"}],"wp:featuredmedia":[{"embeddable":true,"href":"https:\/\/miradordeatarfe.es\/index.php?rest_route=\/wp\/v2\/media\/4762"}],"wp:attachment":[{"href":"https:\/\/miradordeatarfe.es\/index.php?rest_route=%2Fwp%2Fv2%2Fmedia&parent=4757"}],"wp:term":[{"taxonomy":"category","embeddable":true,"href":"https:\/\/miradordeatarfe.es\/index.php?rest_route=%2Fwp%2Fv2%2Fcategories&post=4757"},{"taxonomy":"post_tag","embeddable":true,"href":"https:\/\/miradordeatarfe.es\/index.php?rest_route=%2Fwp%2Fv2%2Ftags&post=4757"}],"curies":[{"name":"wp","href":"https:\/\/api.w.org\/{rel}","templated":true}]}}