{"id":47597,"date":"2021-06-06T09:22:56","date_gmt":"2021-06-06T07:22:56","guid":{"rendered":"http:\/\/miradordeatarfe.es\/?p=47597"},"modified":"2021-05-29T19:29:15","modified_gmt":"2021-05-29T17:29:15","slug":"para-atraer-al-turismo-hay-que-proteger-la-salud-asegurando-incidencias-bajas-y-coberturas-vacunales-altas","status":"publish","type":"post","link":"https:\/\/miradordeatarfe.es\/?p=47597","title":{"rendered":"Para atraer al turismo hay que proteger la salud asegurando incidencias bajas y coberturas vacunales altas"},"content":{"rendered":"<h3 style=\"text-align: justify;\">La decisi\u00f3n de poner en funcionamiento el \u00abcertificado digital COVID europeo\u00bb requiere superar una serie de retos tecnol\u00f3gicos y organizativos para que pueda considerarse como un instrumento v\u00e1lido para favorecer la movilidad, al tiempo que contribuye a la seguridad sanitaria.<\/h3>\n<div class=\"second-col\" style=\"text-align: justify;\">\n<p class=\"article-text\">Tras dos semanas sin estado de alarma y con una evoluci\u00f3n cada vez m\u00e1s positiva de la aplicaci\u00f3n del programa de vacunaci\u00f3n en Espa\u00f1a, nos encontramos con un avance satisfactorio en la protecci\u00f3n inmunitaria de los grupos m\u00e1s vulnerables.<\/p>\n<p class=\"article-text\">As\u00ed cabe se\u00f1alar, por ejemplo, que la pr\u00e1ctica totalidad (93%) de las personas institucionalizadas tienen la pauta vacunal completa, que el 99% de los mayores de 80 a\u00f1os tienen tambi\u00e9n la pauta completa, al igual que el 77% del grupo de 70-79 a\u00f1os. Y ello, sin dejar de hacer referencia a la buena marcha del proceso en las edades de 60 a 69 a\u00f1os, aunque en este caso queda a\u00fan camino por recorrer para alcanzar una plena cobertura, ya que solamente el 9% ha recibido la pauta completa.<\/p>\n<div class=\"edi-advertising ad__no-dotted ad__no-legend ad-desktop-intext\">\n<div class=\"advertising-wrapper ad__no-dotted ad__no-legend ad-desktop-intext\">\n<div id=\"10_mediumRectangle\" class=\"advertising\" data-google-query-id=\"CLCJ1fyz7_ACFUXiGwod1M4IhA\">\n<div id=\"google_ads_iframe_\/123333327\/eldiario.es\/noticia_intext_0__container__\">La incidencia de la enfermedad y los datos de mortalidad muestran signos esperanzadores sin que deje de ser imprescindible mantener a\u00fan la guardia bien alta, especialmente a medida que se va intensificando la desescalada y se van relajando las medidas restrictivas tras haber terminado el estado de alarma, ya que el virus sigue circulando y generando transmisi\u00f3n comunitaria en buena parte del territorio nacional.<\/div>\n<\/div>\n<\/div>\n<\/div>\n<p class=\"article-text\">En las \u00faltimas semanas se viene apreciando un descenso paulatino de la incidencia global acumulada durante los \u00faltimos 14 d\u00edas, aunque algunas comunidades (Madrid o Pa\u00eds Vasco) y la ciudad aut\u00f3noma de Melilla est\u00e1n a\u00fan por encima de 200 casos por 100.000 habitantes, siendo la media en Espa\u00f1a 135,77, una cifra a\u00fan elevada y muy lejana de la meta originalmente trazada de 25 casos por 100.000 habitantes.<\/p>\n<p class=\"article-text\">En este sentido conviene recordar el apunte que hizo la ministra de Sanidad el pasado jueves al se\u00f1alar una cierta ralentizaci\u00f3n de la ca\u00edda de la incidencia en los grupos etarios m\u00e1s j\u00f3venes. Al mismo tiempo, cabe destacar las buenas cifras de la Comunidad Valenciana, que con 29 casos por 100.000 habitantes durante los \u00faltimos 14 d\u00edas nos ofrece un ejemplo de control de la transmisi\u00f3n que merece ser tenido en cuenta.<\/p>\n<p class=\"article-text\">Por tanto, afrontamos el objetivo de conseguir un segundo semestre m\u00e1s seguro, con bajas incidencias y altos niveles de protecci\u00f3n inmunitaria por la paulatina extensi\u00f3n del programa de vacunaci\u00f3n; parece por fin posible avanzar en la recuperaci\u00f3n econ\u00f3mica en la que la actividad tur\u00edstica tiene una gran importancia aunque, para ello, debemos recordar que el mejor reclamo posible para el turismo son las incidencias bajas y las coberturas inmunitarias altas. La combinaci\u00f3n de ambas variables es el requisito para evitar eventuales repuntes que perjudiquen la percepci\u00f3n externa de Espa\u00f1a como destino tur\u00edstico seguro.<\/p>\n<p class=\"article-text\">Hay que ser claros. Solamente con la vacunaci\u00f3n no lograremos disminuir la transmisi\u00f3n con la suficiente velocidad y contundencia para ello. Por eso se hace imprescindible una estrategia activa de control de la incidencia que asegure el adecuado mantenimiento de las medidas no farmacol\u00f3gicas (mascarilla, distancia de seguridad, evitar aglomeraciones, ventilar, limitar las interacciones sociales y otras m\u00e1s).<\/p>\n<p class=\"article-text\">Especial atenci\u00f3n debe ponerse en estos momentos al refuerzo de la vigilancia epidemiol\u00f3gica, la detecci\u00f3n precoz de casos, el rastreo de contactos, las cuarentenas, la realizaci\u00f3n de pruebas diagn\u00f3sticas en mucha mayor medida y el aislamiento de los positivos sintom\u00e1ticos y asintom\u00e1ticos. En varias comunidades aut\u00f3nomas el \u00edndice de positividad sigue siendo superior a 5 y, en t\u00e9rminos generales, estamos haciendo muchas menos pruebas diagn\u00f3sticas que meses atr\u00e1s.<\/p>\n<p class=\"article-text\">No obstante, sigue siendo necesario mantener la capacidad de detectar personas que son asintom\u00e1ticas positivas, incluso estando vacunadas con una dosis o con la pauta completa. Estamos ante una encrucijada que requiere una estrecha vigilancia y secuenciaci\u00f3n del virus para vigilar la penetraci\u00f3n de nuevas variantes que puedan romper el equilibrio que con tanto trabajo se est\u00e1 alcanzando en la din\u00e1mica de la epidemia. Son nuestras mejores armas para tener a raya la transmisi\u00f3n y abatir la incidencia mientras seguimos vacunando sin parar.<\/p>\n<p class=\"article-text\">Por todo lo anterior, no debe caerse en la tentaci\u00f3n de simplificar las cosas y pensar que, con tal de alentar la reanudaci\u00f3n de los flujos tur\u00edsticos, podemos hacer caso omiso de las precauciones necesarias para garantizar una seguridad sanitaria estable tanto a los habitantes como a los visitantes de suelo espa\u00f1ol en los pr\u00f3ximos meses. Las personas vacunadas pueden ser infectadas y, aunque no desarrollen enfermedad severa o sean asintom\u00e1ticas, pueden ser contagiosas, por lo que estar vacunado no es garant\u00eda plena de que no se es portador de la enfermedad.<\/p>\n<p class=\"article-text\">En ese sentido, no deber\u00edamos caer en una especie de espejismo inform\u00e1tico que genere falsas seguridades sanitarias, como parece ser el caso del \u00abcertificado digital COVID europeo\u00bb, apresurado por la Comisi\u00f3n Europea para propiciar cuanto antes la libre circulaci\u00f3n de personas en el espacio Schengen.<\/p>\n<p class=\"article-text\">En primer lugar, la decisi\u00f3n de poner en funcionamiento el llamado \u00abcertificado digital COVID europeo\u00bb para favorecer la movilidad de los ciudadanos e impulsar el turismo requiere superar una serie de retos tecnol\u00f3gicos y organizativos para que pueda considerarse como un instrumento v\u00e1lido para favorecer la movilidad entre pa\u00edses, al tiempo que contribuye a la seguridad sanitaria del conjunto de la poblaci\u00f3n.<\/p>\n<p class=\"article-text\">No basta con volcar en \u00e9l informaci\u00f3n sobre el estatus vacunal, la negatividad de la prueba PCR o la presencia serol\u00f3gica de anticuerpos para que el certificado funcione como un salvoconducto sanitario. Adem\u00e1s de ello, ser\u00e1 imprescindible asegurar la lectura interoperable de la informaci\u00f3n en el \u00e1mbito de la Uni\u00f3n Europea, la confidencialidad de la informaci\u00f3n y la seguridad para evitar fraudes y falsificaciones, asuntos que hay que resolver con todas las garant\u00edas que se requieren.<\/p>\n<p class=\"article-text\">\u00bfC\u00f3mo se establecer\u00e1n las interfases con los sistemas de informaci\u00f3n sanitarios de cada pa\u00eds? \u00bfSe tratar\u00e1 de igual manera la informaci\u00f3n proveniente de sistemas sanitarios p\u00fablicos y la que se origina en la pr\u00e1ctica privada? \u00bfC\u00f3mo se validar\u00e1 la informaci\u00f3n y se dar\u00e1 fe de que es confiable?<\/p>\n<p class=\"article-text\">Estos asuntos se tienen que resolver de manera satisfactoria en las pruebas piloto que se est\u00e1n realizando antes de su puesta en marcha a nivel europeo el pr\u00f3ximo 1 de julio. No debe cantarse victoria prematuramente. A\u00fan faltan cuestiones por resolver.<\/p>\n<p class=\"article-text\">En segundo lugar, es muy importante que la gesti\u00f3n del pasaporte no suponga motivos de discriminaci\u00f3n e inequidades para aquellas personas que no est\u00e1n vacunadas por no formar parte de los grupos prioritarios definidos por cada Gobierno o por alguna contraindicaci\u00f3n m\u00e9dica. Tambi\u00e9n debe evitarse que las dificultades de acceso a pruebas diagn\u00f3sticas por razones de su coste discriminen a grupos poblacionales con menos recursos. Los recursos econ\u00f3micos anunciados para favorecer PCR a \u00abcoste razonable\u00bb deber\u00edan ser los suficientes para este objetivo, pero a\u00fan no est\u00e1 claro que lo sean. La equidad y el respeto a los derechos de los ciudadanos europeos debe estar muy presente en esta iniciativa para ser coherente con los valores y principios de la UE.<\/p>\n<p class=\"article-text\">En tercer lugar, habr\u00e1 que estar atentos a la posibilidad de que, de manera no coordinada, alguno o algunos de los Estados miembro decidan imponer a los viajeros inmunizados unas restricciones adicionales, como nuevas PCR o cuarentenas obligatorias, si lo consideraran necesario por razones de salud p\u00fablica. A nadie escapa que uno de los mayores fracasos de la Uni\u00f3n Europea en las acciones de control de la pandemia ha sido la diversidad de medidas adoptadas para el control de fronteras, la circulaci\u00f3n de personas, las restricciones impuestas a viajeros y el establecimiento de cuarentenas.<\/p>\n<p class=\"article-text\">No ha existido la capacidad de tener siempre un marco unificado de pol\u00edtica y una serie de medidas comunes y esto no lo resolver\u00e1 un instrumento digital que lo \u00fanico que hace es reunir en una sola plataforma diversos tipos de informaci\u00f3n sobre la vacunaci\u00f3n, la situaci\u00f3n inmunitaria y la presencia del virus en v\u00edas respiratorias. El pasaporte, en s\u00ed mismo, no establece un marco de coherencia sanitaria europea en materia de circulaci\u00f3n de personas y no debemos crearnos esa falsa ilusi\u00f3n.<\/p>\n<p class=\"article-text\">Por \u00faltimo,\u00a0si tal como ha sido anunciado, Espa\u00f1a apuesta por abrir sus fronteras a partir del 7 de junio a todos aquellos ciudadanos de pa\u00edses con los que ahora no hay libertad plena de movimiento por su elevada incidencia de coronavirus, siempre que cuenten con un certificado de haber recibido la pauta completa de una vacuna autorizada por la Agencia Europea de Medicamentos (EMA) o de la Organizaci\u00f3n Mundial de la Salud (OMS) y sin una prueba PCR negativa, correremos el riesgo de que puedan introducirse repuntes originados por la importaci\u00f3n de casos asintom\u00e1ticos.<\/p>\n<p class=\"article-text\">Sin perjuicio de volver a recordar que estar vacunada no significa que la persona no pueda infectar y contagiar, la anterior es una raz\u00f3n adicional para reforzar nuestros mecanismos de control en fronteras y la labor de los servicios de salud exterior y de los departamentos de salud p\u00fablica tanto del Ministerio de Sanidad como de las comunidades y ciudades aut\u00f3nomas.<\/p>\n<p class=\"article-text\">Especial importancia tiene, en este contexto, la monitorizaci\u00f3n eficaz de la evoluci\u00f3n de las distintas variantes circulantes. Eso significa aumentar la capacidad de secuenciaci\u00f3n gen\u00e9tica, todav\u00eda muy baja entre nosotros. Y, sobre todo, reforzar la capacidad de los equipos de seguimiento, rastreo y aislamiento de contactos.<\/p>\n<p class=\"article-text\">No se trata de especulaciones te\u00f3ricas. Ayer mismo, Alemania anunci\u00f3 que impondr\u00e1 una cuarentena obligatoria a los viajeros procedentes del Reino Unido debido al reciente y significativo incremento de casos debidos a la variante india en aquel pa\u00eds. Y en la ciudad francesa de Burdeos acaba de detectarse una nueva variante m\u00e1s contagiosa que ha obligado a acelerar los planes de vacunaci\u00f3n en la zona.<\/p>\n<p class=\"article-text\">Insistimos que no hay que confiarse en que la vacunaci\u00f3n protege de manera definitiva de los contagios, por lo que no podemos olvidar que hay que mantener las medidas de control de la transmisi\u00f3n del virus y de diseminaci\u00f3n de la infecci\u00f3n en los niveles de intensidad adecuados.<\/p>\n<p class=\"article-text\">Nos jugamos mucho y hay que evitar dar pasos atr\u00e1s, perder parte del camino recorrido tras los enormes esfuerzos realizados hasta ahora. Y, sobre todo, mantener, con las garant\u00edas necesarias de seguridad sanitaria, la competitividad y el atractivo de Espa\u00f1a para el turismo en un contexto de enorme competencia internacional.<\/p>\n<p class=\"article-text\">Recuperar paulatinamente la normalidad y ganar el desaf\u00edo del segundo semestre mediante la combinaci\u00f3n de baja incidencia, alto nivel de protecci\u00f3n inmunitaria y una satisfactoria recuperaci\u00f3n econ\u00f3mica impulsada por una buena temporada tur\u00edstica requieren seguir considerando que la pandemia a\u00fan est\u00e1 lejos de ser superada. Es decir, seguir aplicando las medidas de contenci\u00f3n de la transmisi\u00f3n de manera seria, anticipatoria y ajustada a la realidad epidemiol\u00f3gica, junto al mayor impulso posible en la aplicaci\u00f3n efectiva del plan de vacunaci\u00f3n.<\/p>\n<\/div>\n<div class=\"featured-signature-component\">\n<div class=\"featured-avatar\"><picture class=\"rounded-img avatar\"><img decoding=\"async\" class=\"lazy entered loaded\" src=\"data:;base64,<svg xmlns='http:\/\/www.w3.org\/2000\/svg' viewBox='0 0 1024 1024'\/>\u00bb alt=\u00bb\u00bb data-ll-status=\u00bbloaded\u00bb \/><\/picture><\/div>\n<div class=\"featured-data\"><a class=\"featured-name\" href=\"https:\/\/www.eldiario.es\/autores\/jose_martinez_olmos\/\">Jos\u00e9 Mart\u00ednez Olmos<\/a><\/p>\n<div>\n<div><a class=\"twitter-account\" href=\"https:\/\/twitter.com\/PmOlmos\" target=\"_blank\" rel=\"noopener\"><i class=\"fab fa-twitter\"><\/i><span class=\"featured-twitter\">@PmOlmos<\/span><\/a><\/div>\n<\/div>\n<\/div>\n<\/div>\n<div class=\"featured-signature-component\">\n<div class=\"featured-avatar\">\u00a0<\/div>\n<div class=\"featured-data\"><a class=\"featured-name\" href=\"https:\/\/www.eldiario.es\/autores\/alberto-infante-campos\/\">Alberto Infante Campos<\/a><\/p>\n<div>\n<div><a class=\"twitter-account\" href=\"https:\/\/twitter.com\/@alberto27066815\" target=\"_blank\" rel=\"noopener\"><i class=\"fab fa-twitter\"><\/i><span class=\"featured-twitter\">@alberto27066815<\/span><\/a><\/div>\n<\/div>\n<\/div>\n<\/div>\n<div class=\"featured-signature-component\">\n<div class=\"featured-avatar\">\u00a0<\/div>\n<div class=\"featured-data\"><a class=\"featured-name\" href=\"https:\/\/www.eldiario.es\/autores\/daniel-lopez-acuna\/\">Daniel L\u00f3pez-Acu\u00f1a<\/a><\/p>\n<div>\n<div><a class=\"twitter-account\" href=\"https:\/\/twitter.com\/@lopezacunad\" target=\"_blank\" rel=\"noopener\"><i class=\"fab fa-twitter\"><\/i><span class=\"featured-twitter\">@lopezacunad<\/span><\/a><\/div>\n<\/div>\n<\/div>\n<\/div>\n<p>FOTO: Viales de la vacuna contra el coronavirus de AstraZeneca.\u00a0<span class=\"author\">EFE\/Javier Belver \/Archivo<\/span><\/p>\n<p>https:\/\/www.eldiario.es\/blog\/ciencia-contra-la-pandemia\/atraer-turismo-hay-proteger-salud-asegurando-incidencias-bajas-coberturas-vacunales-altas_132_7963504.html<\/p>\n","protected":false},"excerpt":{"rendered":"<p>La decisi\u00f3n de poner en funcionamiento el \u00abcertificado digital COVID europeo\u00bb requiere superar una serie&#8230;<\/p>\n","protected":false},"author":1,"featured_media":47599,"comment_status":"closed","ping_status":"closed","sticky":false,"template":"","format":"standard","meta":{"_coblocks_attr":"","_coblocks_dimensions":"","_coblocks_responsive_height":"","_coblocks_accordion_ie_support":"","jetpack_post_was_ever_published":false,"_jetpack_newsletter_access":"","_jetpack_dont_email_post_to_subs":false,"_jetpack_newsletter_tier_id":0,"_jetpack_memberships_contains_paywalled_content":false,"_jetpack_memberships_contains_paid_content":false,"footnotes":"","jetpack_publicize_message":"","jetpack_publicize_feature_enabled":true,"jetpack_social_post_already_shared":false,"jetpack_social_options":{"image_generator_settings":{"template":"highway","default_image_id":0,"enabled":false},"version":2}},"categories":[1161,7149,44,15],"tags":[7021,56],"class_list":["post-47597","post","type-post","status-publish","format-standard","has-post-thumbnail","hentry","category-ciudadania","category-coronavirus","category-noticias-de-hoy","category-ultimas-noticias","tag-coronavirus","tag-turismo"],"jetpack_publicize_connections":[],"jetpack_featured_media_url":"https:\/\/i0.wp.com\/miradordeatarfe.es\/wp-content\/uploads\/2021\/05\/bb8e9ab6-31f4-47a7-9d33-0ae8a2df3445_16-9-aspect-ratio_default_0.jpg?fit=880%2C495&ssl=1","jetpack_likes_enabled":true,"jetpack_sharing_enabled":true,"_links":{"self":[{"href":"https:\/\/miradordeatarfe.es\/index.php?rest_route=\/wp\/v2\/posts\/47597","targetHints":{"allow":["GET"]}}],"collection":[{"href":"https:\/\/miradordeatarfe.es\/index.php?rest_route=\/wp\/v2\/posts"}],"about":[{"href":"https:\/\/miradordeatarfe.es\/index.php?rest_route=\/wp\/v2\/types\/post"}],"author":[{"embeddable":true,"href":"https:\/\/miradordeatarfe.es\/index.php?rest_route=\/wp\/v2\/users\/1"}],"replies":[{"embeddable":true,"href":"https:\/\/miradordeatarfe.es\/index.php?rest_route=%2Fwp%2Fv2%2Fcomments&post=47597"}],"version-history":[{"count":1,"href":"https:\/\/miradordeatarfe.es\/index.php?rest_route=\/wp\/v2\/posts\/47597\/revisions"}],"predecessor-version":[{"id":47600,"href":"https:\/\/miradordeatarfe.es\/index.php?rest_route=\/wp\/v2\/posts\/47597\/revisions\/47600"}],"wp:featuredmedia":[{"embeddable":true,"href":"https:\/\/miradordeatarfe.es\/index.php?rest_route=\/wp\/v2\/media\/47599"}],"wp:attachment":[{"href":"https:\/\/miradordeatarfe.es\/index.php?rest_route=%2Fwp%2Fv2%2Fmedia&parent=47597"}],"wp:term":[{"taxonomy":"category","embeddable":true,"href":"https:\/\/miradordeatarfe.es\/index.php?rest_route=%2Fwp%2Fv2%2Fcategories&post=47597"},{"taxonomy":"post_tag","embeddable":true,"href":"https:\/\/miradordeatarfe.es\/index.php?rest_route=%2Fwp%2Fv2%2Ftags&post=47597"}],"curies":[{"name":"wp","href":"https:\/\/api.w.org\/{rel}","templated":true}]}}