{"id":47643,"date":"2021-06-06T10:17:31","date_gmt":"2021-06-06T08:17:31","guid":{"rendered":"http:\/\/miradordeatarfe.es\/?p=47643"},"modified":"2021-06-02T20:24:52","modified_gmt":"2021-06-02T18:24:52","slug":"convocadas-las-ayudas-municipales-para-la-adquisicion-de-material-escolar-para-el-curso-2021-2022","status":"publish","type":"post","link":"https:\/\/miradordeatarfe.es\/?p=47643","title":{"rendered":"CONVOCADAS LAS AYUDAS MUNICIPALES PARA LA ADQUISICI\u00d3N DE MATERIAL ESCOLAR PARA EL CURSO 2021\/2022"},"content":{"rendered":"<div class=\"\" dir=\"auto\">\n<div id=\"jsc_c_e7\" class=\"ecm0bbzt hv4rvrfc ihqw7lf3 dati1w0a\" data-ad-comet-preview=\"message\" data-ad-preview=\"message\">\n<div class=\"j83agx80 cbu4d94t ew0dbk1b irj2b8pg\">\n<div class=\"qzhwtbm6 knvmm38d\">\n<div class=\"kvgmc6g5 cxmmr5t8 oygrvhab hcukyx3x c1et5uql ii04i59q\">\n<div dir=\"auto\">\u00a0<\/div>\n<\/div>\n<div class=\"o9v6fnle cxmmr5t8 oygrvhab hcukyx3x c1et5uql ii04i59q\">\n<h3 dir=\"auto\">La Concejal\u00eda de Bienestar Social convoca las Ayudas Municipales para la adquisici\u00f3n de material escolar para el Curso 2021\/2022.<\/h3>\n<\/div>\n<div class=\"o9v6fnle cxmmr5t8 oygrvhab hcukyx3x c1et5uql ii04i59q\">\n<div dir=\"auto\">El Ayuntamiento de Atarfe a trav\u00e9s de la Concejal\u00eda de Bienestar Social, y con el fin de garantizar la igualdad de oportunidades en el derecho a la Educaci\u00f3n, convoca para el Curso Escolar 2020\/2021 un sistema de ayudas municipales con el prop\u00f3sito de contribuir a sufragar los gastos derivados de la Ense\u00f1anza Infantil, Primaria y Secundaria a familias con dificultades de solvencia econ\u00f3mica.<\/div>\n<div dir=\"auto\">\u00a0<\/div>\n<div dir=\"auto\">Los gastos subvencionables son la compra de libros de texto oficiales correspondientes a los planes de estudios de los respectivos Centros Educativos, as\u00ed como material escolar\/asistencial y gastos diversos\/varios complementario, en su caso. Todo ello dirigido al alumnado de Educaci\u00f3n Infantil, Primaria y Secundaria matriculados en los Centros Educativos del municipio.<\/div>\n<div dir=\"auto\">\u00a0<\/div>\n<div dir=\"auto\">Informaci\u00f3n y Presentaci\u00f3n de Solicitudes:<\/div>\n<div dir=\"auto\">Oficina de Consumo (junto a Servicios Sociales) los<strong> Lunes, Mi\u00e9rcoles y Viernes de 10:00 a 13:00<\/strong><\/div>\n<\/div>\n<div class=\"o9v6fnle cxmmr5t8 oygrvhab hcukyx3x c1et5uql ii04i59q\">\n<div dir=\"auto\">Plazo de Presentaci\u00f3n de Solicitudes:<\/div>\n<div dir=\"auto\"><strong>Del 7 de Junio al 25 de Junio<\/strong><\/div>\n<div dir=\"auto\">\u00a0<\/div>\n<div dir=\"auto\"><a href=\"https:\/\/i0.wp.com\/miradordeatarfe.es\/wp-content\/uploads\/2021\/06\/193674106_4175130592550779_4706039669191479233_n.jpg?ssl=1\"><img data-recalc-dims=\"1\" loading=\"lazy\" decoding=\"async\" class=\"alignnone wp-image-47644 \" src=\"https:\/\/i0.wp.com\/miradordeatarfe.es\/wp-content\/uploads\/2021\/06\/193674106_4175130592550779_4706039669191479233_n.jpg?resize=640%2C427&#038;ssl=1\" alt=\"\" width=\"640\" height=\"427\" srcset=\"https:\/\/i0.wp.com\/miradordeatarfe.es\/wp-content\/uploads\/2021\/06\/193674106_4175130592550779_4706039669191479233_n.jpg?w=600&amp;ssl=1 600w, https:\/\/i0.wp.com\/miradordeatarfe.es\/wp-content\/uploads\/2021\/06\/193674106_4175130592550779_4706039669191479233_n.jpg?resize=300%2C200&amp;ssl=1 300w\" sizes=\"auto, (max-width: 640px) 100vw, 640px\" \/><\/a><\/div>\n<\/div>\n<\/div>\n<\/div>\n<\/div>\n<\/div>\n","protected":false},"excerpt":{"rendered":"<p>\u00a0 La Concejal\u00eda de Bienestar Social convoca las Ayudas Municipales para la adquisici\u00f3n de material&#8230;<\/p>\n","protected":false},"author":1,"featured_media":47645,"comment_status":"closed","ping_status":"closed","sticky":false,"template":"","format":"standard","meta":{"_coblocks_attr":"","_coblocks_dimensions":"","_coblocks_responsive_height":"","_coblocks_accordion_ie_support":"","jetpack_post_was_ever_published":false,"_jetpack_newsletter_access":"","_jetpack_dont_email_post_to_subs":false,"_jetpack_newsletter_tier_id":0,"_jetpack_memberships_contains_paywalled_content":false,"_jetpack_memberships_contains_paid_content":false,"footnotes":"","jetpack_publicize_message":"","jetpack_publicize_feature_enabled":true,"jetpack_social_post_already_shared":false,"jetpack_social_options":{"image_generator_settings":{"template":"highway","default_image_id":0,"enabled":false},"version":2}},"categories":[2,6916,187,1161,44,15],"tags":[8365,1480],"class_list":["post-47643","post","type-post","status-publish","format-standard","has-post-thumbnail","hentry","category-atarfe","category-ayuntamiento-de-atarfe","category-centros-educativos","category-ciudadania","category-noticias-de-hoy","category-ultimas-noticias","tag-ayudas-municipales","tag-material-escolar"],"jetpack_publicize_connections":[],"jetpack_featured_media_url":"https:\/\/i0.wp.com\/miradordeatarfe.es\/wp-content\/uploads\/2021\/06\/bef8ed6c-62e5-439c-aed2-a23b6ecd8a52.jpeg?fit=465%2C350&ssl=1","jetpack_likes_enabled":true,"jetpack_sharing_enabled":true,"_links":{"self":[{"href":"https:\/\/miradordeatarfe.es\/index.php?rest_route=\/wp\/v2\/posts\/47643","targetHints":{"allow":["GET"]}}],"collection":[{"href":"https:\/\/miradordeatarfe.es\/index.php?rest_route=\/wp\/v2\/posts"}],"about":[{"href":"https:\/\/miradordeatarfe.es\/index.php?rest_route=\/wp\/v2\/types\/post"}],"author":[{"embeddable":true,"href":"https:\/\/miradordeatarfe.es\/index.php?rest_route=\/wp\/v2\/users\/1"}],"replies":[{"embeddable":true,"href":"https:\/\/miradordeatarfe.es\/index.php?rest_route=%2Fwp%2Fv2%2Fcomments&post=47643"}],"version-history":[{"count":1,"href":"https:\/\/miradordeatarfe.es\/index.php?rest_route=\/wp\/v2\/posts\/47643\/revisions"}],"predecessor-version":[{"id":47646,"href":"https:\/\/miradordeatarfe.es\/index.php?rest_route=\/wp\/v2\/posts\/47643\/revisions\/47646"}],"wp:featuredmedia":[{"embeddable":true,"href":"https:\/\/miradordeatarfe.es\/index.php?rest_route=\/wp\/v2\/media\/47645"}],"wp:attachment":[{"href":"https:\/\/miradordeatarfe.es\/index.php?rest_route=%2Fwp%2Fv2%2Fmedia&parent=47643"}],"wp:term":[{"taxonomy":"category","embeddable":true,"href":"https:\/\/miradordeatarfe.es\/index.php?rest_route=%2Fwp%2Fv2%2Fcategories&post=47643"},{"taxonomy":"post_tag","embeddable":true,"href":"https:\/\/miradordeatarfe.es\/index.php?rest_route=%2Fwp%2Fv2%2Ftags&post=47643"}],"curies":[{"name":"wp","href":"https:\/\/api.w.org\/{rel}","templated":true}]}}