{"id":47660,"date":"2021-06-03T13:45:32","date_gmt":"2021-06-03T11:45:32","guid":{"rendered":"http:\/\/miradordeatarfe.es\/?p=47660"},"modified":"2021-06-03T13:53:06","modified_gmt":"2021-06-03T11:53:06","slug":"y-granada-para-cuando","status":"publish","type":"post","link":"https:\/\/miradordeatarfe.es\/?p=47660","title":{"rendered":"Y Granada, \u00bfpara cu\u00e1ndo? por Jacobo Calvo"},"content":{"rendered":"<h3><a href=\"https:\/\/i0.wp.com\/miradordeatarfe.es\/wp-content\/uploads\/2021\/06\/Articulo-Jacobo-Calvo-01-746x346-1.jpg?ssl=1\"><img data-recalc-dims=\"1\" loading=\"lazy\" decoding=\"async\" class=\"alignnone wp-image-47661 size-full\" src=\"https:\/\/i0.wp.com\/miradordeatarfe.es\/wp-content\/uploads\/2021\/06\/Articulo-Jacobo-Calvo-01-746x346-1.jpg?resize=640%2C297&#038;ssl=1\" alt=\"\" width=\"640\" height=\"297\" srcset=\"https:\/\/i0.wp.com\/miradordeatarfe.es\/wp-content\/uploads\/2021\/06\/Articulo-Jacobo-Calvo-01-746x346-1.jpg?w=746&amp;ssl=1 746w, https:\/\/i0.wp.com\/miradordeatarfe.es\/wp-content\/uploads\/2021\/06\/Articulo-Jacobo-Calvo-01-746x346-1.jpg?resize=300%2C139&amp;ssl=1 300w\" sizes=\"auto, (max-width: 640px) 100vw, 640px\" \/><\/a><\/h3>\n<h3 style=\"text-align: justify;\">El se\u00f1or Luis Salvador est\u00e1 m\u00e1s solo que la una y ya no puede disimularlo. Todo empez\u00f3 con el primer desplante de su portavoz, Manuel Olivares (CS), por no saber gestionar los fondos europeos destinados a personas desempleadas. Fue premonitorio. Se empez\u00f3 a dibujar el principio del fin; y no solo para el todav\u00eda alcalde, sino tambi\u00e9n para Granada.<\/h3>\n<p style=\"text-align: justify;\">Despu\u00e9s, en octubre del 2020, lleg\u00f3 el terremoto que provoc\u00f3 Sebasti\u00e1n P\u00e9rez (PP) ratificando lo que toda la ciudad ya sab\u00eda: \u201ca Granada, la vendieron\u201d. Fuimos un cromo en la sede de los Populares en Madrid. En la sede de G\u00e9nova, s\u00edmbolo indiscutible de la mayor trama de corrupci\u00f3n pol\u00edtica conocida en nuestro pa\u00eds, se fragu\u00f3 un supuesto 2+2 al que Sebasti\u00e1n P\u00e9rez est\u00e1 dispuesto a hacer cumplir, aunque sea lo \u00faltimo que haga. Ya lo anunci\u00f3 el pasado 26 mayo, pen\u00faltimo cap\u00edtulo de este culebr\u00f3n que tiene a la ciudadan\u00eda en vilo, no por la intriga de esta trama, sino por la desesperaci\u00f3n que les est\u00e1 provocando ver a un gobierno paralizado que no resuelve sus graves problemas.<\/p>\n<p style=\"text-align: justify;\">Luis el breve, ya anda solo por el Ayuntamiento y por las calles de Granada. Donde est\u00e1 Luis, no est\u00e1 el PP; donde est\u00e1 el PP, no est\u00e1 Luis. \u201c\u00a1\u00c9l se lo ha buscado!\u201d, dicen por Granada. Experto \u201cyoista\u201d, ahora tambi\u00e9n utiliza la la primera persona del singular porque est\u00e1 realmente solo.<\/p>\n<p style=\"text-align: justify;\">Mientras, estamos en un momento clave para salir de esta grave crisis social y econ\u00f3mica, y nos encontramos con un gobierno m\u00e1s pendiente de sus vendettas que de los problemas reales de las granadinas y de los granadinos. Nos adelantan por todos lados ayuntamientos como el de M\u00e1laga o el de Sevilla. La gesti\u00f3n de estos y otros ayuntamientos, con sus aciertos y errores, choca de lleno con la contrastada incompetencia y par\u00e1lisis de este equipo de gobierno liderado por las siete concejal\u00edas del PP y un alcalde contra las cuerdas. Luego nos quejaremos de que otras ciudades han salido mejor de la crisis que la nuestra. Y no, no habr\u00e1 ninguna mano negra en contra de nuestra ciudad. Es el propio PP quien se tapa los ojos para que nos descapitalicen la Alhambra; dejan que Vodafone abra su gran centro europeo tecnol\u00f3gico en M\u00e1laga; dejan que perdamos festivales como Iberseries; permiten que la feria del libro reciba una limosna de la Junta de Andaluc\u00eda mientras otras ciudades triplican la aportaci\u00f3n recibida\u2026 Ejemplos que ponen de manifiesto lo poco que gana la ciudad, y lo mucho que pierde, con esta nefasta gesti\u00f3n. Por lo pronto, posibilidades de generar empleo.<\/p>\n<p style=\"text-align: justify;\">Es f\u00e1cil de suponer que, tras lo descrito, la ciudadan\u00eda se pregunte por qu\u00e9 el Partido Popular no hace todo lo posible por resolver esta situaci\u00f3n. Les corresponder\u00eda a ellos por tener algunos concejales m\u00e1s que Cs y VOX. Esta es la gran interrogante. \u00bfQu\u00e9 est\u00e1 pasando dentro del PP para no dar un golpe en la mesa? \u00bfA qu\u00e9 temen? La \u00fanica respuesta clara es que tampoco pueden disimular su divisi\u00f3n interna. En el grupo popular hay bloques enfrentados, y como Luis el breve, est\u00e1n m\u00e1s pendientes de no salir derrotados que en salvar a Granada.<\/p>\n<p style=\"text-align: justify;\">Ante esta situaci\u00f3n, nada puede hacer el partido m\u00e1s votado en las \u00faltimas elecciones. Tras 32 a\u00f1os, el PSOE gan\u00f3 en Granada, pero los m\u00e1s de 36000 votos no sumaron las concejal\u00edas necesarias para alcanzar mayor\u00eda necesaria para gobernar, a pesar de haber crecido en n\u00famero. Estos resultados no fueron casuales. Cuando se trabaja bien, la ciudadan\u00eda lo reconoce. Paco Cuenca y todo el grupo municipal socialista, en el 2016, asumieron el compromiso de rescatar a Granada de la corrupci\u00f3n y, no solo lo consiguieron, sino que tambi\u00e9n pusieron encima de la mesa un modelo de ciudad con presente y futuro del que ahora todos nos acordamos con a\u00f1oranza.<\/p>\n<p style=\"text-align: justify;\">La situaci\u00f3n pol\u00edtica de la ciudad est\u00e1 para que, con la honestidad que se les presupone a los partidos de la derecha, den un paso al lado y dejen gobernar al grupo municipal mayoritario. El PSOE rescat\u00f3 a Granada hace cinco a\u00f1os y, de nuevo, vuelven a estar preparados para hacerlo por segunda vez. Su gesti\u00f3n en el mandato anterior, la experiencia acumulada y dos concejal\u00edas m\u00e1s, son avales m\u00e1s que suficientes para confiar en esta propuesta.<\/p>\n<p style=\"text-align: justify;\">Nadie, a d\u00eda de hoy, sabe lo que pasar\u00e1. Lo \u00fanico cierto es que, con todo esto, quien est\u00e1 perdiendo son los servicios sociales que no disponen de personal para atender a las familias m\u00e1s vulnerables, la zona norte con los permanentes cortes de luz, el comercio y la hosteler\u00eda que no reciben las ayudas prometidas, el sector de la cultura al que no se les ofrece oportunidades para salir de esta profunda crisis\u2026 Tenemos las tasas de paro mas elevadas de toda Andaluc\u00eda y, mientras tanto, Granada paralizada. Se\u00f1ores del PP y Cs, si les importa Granada, m\u00e1rchense.<\/p>\n<p>AHORAGRANADA<\/p>\n<blockquote class=\"wp-embedded-content\" data-secret=\"rPEWOpqReR\"><p><a href=\"https:\/\/www.ahoragranada.com\/opinion\/y-granada-para-cuando\/\">Y Granada, \u00bfpara cu\u00e1ndo?<\/a><\/p><\/blockquote>\n<p><iframe loading=\"lazy\" class=\"wp-embedded-content\" sandbox=\"allow-scripts\" security=\"restricted\" style=\"position: absolute; visibility: hidden;\" title=\"\u00abY Granada, \u00bfpara cu\u00e1ndo?\u00bb \u2014 Ahora Granada\" src=\"https:\/\/www.ahoragranada.com\/opinion\/y-granada-para-cuando\/embed\/#?secret=sWxwvOjbOG#?secret=rPEWOpqReR\" data-secret=\"rPEWOpqReR\" width=\"600\" height=\"338\" frameborder=\"0\" marginwidth=\"0\" marginheight=\"0\" scrolling=\"no\"><\/iframe><\/p>\n<p>FOTO PORTADA : ABC<\/p>\n","protected":false},"excerpt":{"rendered":"<p>El se\u00f1or Luis Salvador est\u00e1 m\u00e1s solo que la una y ya no puede disimularlo&#8230;.<\/p>\n","protected":false},"author":1,"featured_media":47662,"comment_status":"closed","ping_status":"closed","sticky":false,"template":"","format":"standard","meta":{"_coblocks_attr":"","_coblocks_dimensions":"","_coblocks_responsive_height":"","_coblocks_accordion_ie_support":"","jetpack_post_was_ever_published":false,"_jetpack_newsletter_access":"","_jetpack_dont_email_post_to_subs":false,"_jetpack_newsletter_tier_id":0,"_jetpack_memberships_contains_paywalled_content":false,"_jetpack_memberships_contains_paid_content":false,"footnotes":"","jetpack_publicize_message":"","jetpack_publicize_feature_enabled":true,"jetpack_social_post_already_shared":false,"jetpack_social_options":{"image_generator_settings":{"template":"highway","default_image_id":0,"enabled":false},"version":2}},"categories":[1161,44,7671,15],"tags":[129,998],"class_list":["post-47660","post","type-post","status-publish","format-standard","has-post-thumbnail","hentry","category-ciudadania","category-noticias-de-hoy","category-politica","category-ultimas-noticias","tag-granada","tag-luis-salvador"],"jetpack_publicize_connections":[],"jetpack_featured_media_url":"https:\/\/i0.wp.com\/miradordeatarfe.es\/wp-content\/uploads\/2021\/06\/unnamed_20210602202328-U28641644652yxL-620x349%40abc.jpg?fit=620%2C349&ssl=1","jetpack_likes_enabled":true,"jetpack_sharing_enabled":true,"_links":{"self":[{"href":"https:\/\/miradordeatarfe.es\/index.php?rest_route=\/wp\/v2\/posts\/47660","targetHints":{"allow":["GET"]}}],"collection":[{"href":"https:\/\/miradordeatarfe.es\/index.php?rest_route=\/wp\/v2\/posts"}],"about":[{"href":"https:\/\/miradordeatarfe.es\/index.php?rest_route=\/wp\/v2\/types\/post"}],"author":[{"embeddable":true,"href":"https:\/\/miradordeatarfe.es\/index.php?rest_route=\/wp\/v2\/users\/1"}],"replies":[{"embeddable":true,"href":"https:\/\/miradordeatarfe.es\/index.php?rest_route=%2Fwp%2Fv2%2Fcomments&post=47660"}],"version-history":[{"count":2,"href":"https:\/\/miradordeatarfe.es\/index.php?rest_route=\/wp\/v2\/posts\/47660\/revisions"}],"predecessor-version":[{"id":47664,"href":"https:\/\/miradordeatarfe.es\/index.php?rest_route=\/wp\/v2\/posts\/47660\/revisions\/47664"}],"wp:featuredmedia":[{"embeddable":true,"href":"https:\/\/miradordeatarfe.es\/index.php?rest_route=\/wp\/v2\/media\/47662"}],"wp:attachment":[{"href":"https:\/\/miradordeatarfe.es\/index.php?rest_route=%2Fwp%2Fv2%2Fmedia&parent=47660"}],"wp:term":[{"taxonomy":"category","embeddable":true,"href":"https:\/\/miradordeatarfe.es\/index.php?rest_route=%2Fwp%2Fv2%2Fcategories&post=47660"},{"taxonomy":"post_tag","embeddable":true,"href":"https:\/\/miradordeatarfe.es\/index.php?rest_route=%2Fwp%2Fv2%2Ftags&post=47660"}],"curies":[{"name":"wp","href":"https:\/\/api.w.org\/{rel}","templated":true}]}}