{"id":4778,"date":"2015-11-24T08:19:21","date_gmt":"2015-11-24T08:19:21","guid":{"rendered":"http:\/\/miradordeatarfe.es\/?p=4778"},"modified":"2015-11-29T17:29:24","modified_gmt":"2015-11-29T17:29:24","slug":"eleccion-de-los-miembros-de-las-mesas-electorales-en-atarfe-que-velaran-por-la-democracia-el-20-d","status":"publish","type":"post","link":"https:\/\/miradordeatarfe.es\/?p=4778","title":{"rendered":"Elecci\u00f3n de los miembros de las mesas electorales en Atarfe que velar\u00e1n por la democracia el 20-D"},"content":{"rendered":"<p><span class=\"contenidos_subtitulo\">Los seleccionados en el sorteo celebrado esta ma\u00f1ana en el sal\u00f3n de plenos del Ayuntamiento disponen de siete d\u00edas para presentar las correspondientes alegaciones en la Junta Electoral. <\/span><br \/>\n<!--more--><\/p>\n<p>El Ayuntamiento de Atarfe ha celebrado este lunes un pleno extraordinario para la alecci\u00f3n de los miembros de las mesas que se instalar\u00e1n en el municipio con motivo de las elecciones generales que se celebran el 20 de diciembre.<\/p>\n<p>Con asistencia de los concejales de los distintos grupos municipales y presidido por el alcalde Francisco Rodr\u00edguez Quesada se ha procedido al sorteo de miembros de mesa que velar\u00e1n por la transparencia y limpieza del proceso electoral y el libre ejercicio del derecho de sufragio.<\/p>\n<p><strong>A partir de este lunes se comunicar\u00e1 el resultado del sorteo a los vecinos seleccionados<\/strong>, que dispondr\u00e1n de siete d\u00edas para presentar las correspondientes alegaciones en la Junta Electoral.<\/p>\n","protected":false},"excerpt":{"rendered":"<p>Los seleccionados en el sorteo celebrado esta ma\u00f1ana en el sal\u00f3n de plenos del Ayuntamiento&#8230;<\/p>\n","protected":false},"author":1,"featured_media":4779,"comment_status":"closed","ping_status":"closed","sticky":false,"template":"","format":"standard","meta":{"_coblocks_attr":"","_coblocks_dimensions":"","_coblocks_responsive_height":"","_coblocks_accordion_ie_support":"","jetpack_post_was_ever_published":false,"_jetpack_newsletter_access":"","_jetpack_dont_email_post_to_subs":false,"_jetpack_newsletter_tier_id":0,"_jetpack_memberships_contains_paywalled_content":false,"_jetpack_memberships_contains_paid_content":false,"footnotes":"","jetpack_publicize_message":"","jetpack_publicize_feature_enabled":true,"jetpack_social_post_already_shared":false,"jetpack_social_options":{"image_generator_settings":{"template":"highway","default_image_id":0,"enabled":false},"version":2}},"categories":[2,1161,15],"tags":[171,1697,1696],"class_list":["post-4778","post","type-post","status-publish","format-standard","has-post-thumbnail","hentry","category-atarfe","category-ciudadania","category-ultimas-noticias","tag-elecciones","tag-junta-electoral","tag-mesas-electorales"],"jetpack_publicize_connections":[],"jetpack_featured_media_url":"https:\/\/i0.wp.com\/miradordeatarfe.es\/wp-content\/uploads\/2015\/11\/1422_1716_20151123110609.jpg?fit=442%2C249&ssl=1","jetpack_likes_enabled":true,"jetpack_sharing_enabled":true,"_links":{"self":[{"href":"https:\/\/miradordeatarfe.es\/index.php?rest_route=\/wp\/v2\/posts\/4778","targetHints":{"allow":["GET"]}}],"collection":[{"href":"https:\/\/miradordeatarfe.es\/index.php?rest_route=\/wp\/v2\/posts"}],"about":[{"href":"https:\/\/miradordeatarfe.es\/index.php?rest_route=\/wp\/v2\/types\/post"}],"author":[{"embeddable":true,"href":"https:\/\/miradordeatarfe.es\/index.php?rest_route=\/wp\/v2\/users\/1"}],"replies":[{"embeddable":true,"href":"https:\/\/miradordeatarfe.es\/index.php?rest_route=%2Fwp%2Fv2%2Fcomments&post=4778"}],"version-history":[{"count":2,"href":"https:\/\/miradordeatarfe.es\/index.php?rest_route=\/wp\/v2\/posts\/4778\/revisions"}],"predecessor-version":[{"id":4781,"href":"https:\/\/miradordeatarfe.es\/index.php?rest_route=\/wp\/v2\/posts\/4778\/revisions\/4781"}],"wp:featuredmedia":[{"embeddable":true,"href":"https:\/\/miradordeatarfe.es\/index.php?rest_route=\/wp\/v2\/media\/4779"}],"wp:attachment":[{"href":"https:\/\/miradordeatarfe.es\/index.php?rest_route=%2Fwp%2Fv2%2Fmedia&parent=4778"}],"wp:term":[{"taxonomy":"category","embeddable":true,"href":"https:\/\/miradordeatarfe.es\/index.php?rest_route=%2Fwp%2Fv2%2Fcategories&post=4778"},{"taxonomy":"post_tag","embeddable":true,"href":"https:\/\/miradordeatarfe.es\/index.php?rest_route=%2Fwp%2Fv2%2Ftags&post=4778"}],"curies":[{"name":"wp","href":"https:\/\/api.w.org\/{rel}","templated":true}]}}