{"id":47934,"date":"2021-06-19T12:53:14","date_gmt":"2021-06-19T10:53:14","guid":{"rendered":"http:\/\/miradordeatarfe.es\/?p=47934"},"modified":"2021-06-13T13:06:11","modified_gmt":"2021-06-13T11:06:11","slug":"los-problemas-del-transporte-publico-de-atarfe-por-jose-enrique-granados","status":"publish","type":"post","link":"https:\/\/miradordeatarfe.es\/?p=47934","title":{"rendered":"\u00abLOS PROBLEMAS DEL TRANSPORTE P\u00daBLICO DE ATARFE\u00bb por Jos\u00e9 Enrique Granados"},"content":{"rendered":"<div class=\"\" dir=\"auto\">\n<div id=\"jsc_c_qg\" class=\"ecm0bbzt hv4rvrfc ihqw7lf3 dati1w0a\" data-ad-comet-preview=\"message\" data-ad-preview=\"message\">\n<div class=\"j83agx80 cbu4d94t ew0dbk1b irj2b8pg\">\n<div class=\"qzhwtbm6 knvmm38d\">\n<div class=\"kvgmc6g5 cxmmr5t8 oygrvhab hcukyx3x c1et5uql ii04i59q\">\n<h3 dir=\"auto\">El 10 de agosto de 1933 El Defensor de Granada, publicaba la siguiente carta:<\/h3>\n<div dir=\"auto\">\u00a0<\/div>\n<div dir=\"auto\" style=\"text-align: justify;\">\u201c<em>Recibimos la siguiente carta: Se\u00f1or director de El Defensor de Granada. Los que suscriben, vecinos de Atarfe, justamente indignados por la actitud de la Compa\u00f1\u00eda de Tranv\u00edas, que tantos perjuicios nos ocasiona y ocasiona a la vez a la industria granadina, nos adherimos a cuantas manifestaciones o actos se hagan en contra de los abusos de la citada Compa\u00f1\u00eda, a favor de que las autoridades intervengan y pongan coto a tantos desmanes.<\/em><\/div>\n<div dir=\"auto\" style=\"text-align: justify;\">\u00a0<\/div>\n<div dir=\"auto\" style=\"text-align: justify;\"><em> Autorizando a usted para que haga de esta petici\u00f3n colectiva el uso que estime oportuno, se reiteran atentos a s. q. ti. s m. Antonio Rueda R am os, Manuel Ruiz \u00c1lvarez, Gerardo Garc\u00eda Mole\u00f3n, Jos\u00e9 Ram\u00edrez Povedano, Cecilio Aguilar Mole\u00f3n, Jos\u00e9 Lamolda G\u00f3mez, Francisco Fern\u00e1ndez Cervantes, Jos\u00e9 Fern\u00e1ndez Guerrero, Antonio Guerrero, Paulino Poyatos Jim\u00e9nez, Antonio Bail\u00f3n L\u00f3pez, Antonio Ram\u00edrez Garz\u00f3n, Antonio Poyatos Lamolda, Jos\u00e9 Rueda Garc\u00eda, Antonio Puertas, Francisco Torres Gonz\u00e1lez, Antonio Prados, Antonio Jim\u00e9nez, Francisco Jim\u00e9nez Parejo. (Siguen las firmas, que pasan de cincuenta) <\/em><\/div>\n<div dir=\"auto\" style=\"text-align: justify;\">\u00a0<\/div>\n<div dir=\"auto\" style=\"text-align: justify;\"><em>\u00bfHac\u00eda falta otro bot\u00f3n de muestra para patentizar el estado de la opini\u00f3n p\u00fablica frente a la conducta de la Compa\u00f1\u00eda de Tranv\u00edas? Pues ah\u00ed queda el escrito de los vecinos de Atarfe\u201d<\/em>.<\/div>\n<\/div>\n<div class=\"o9v6fnle cxmmr5t8 oygrvhab hcukyx3x c1et5uql ii04i59q\">\n<div dir=\"auto\" style=\"text-align: justify;\">\u00a0<\/div>\n<div dir=\"auto\"><strong>Como vemos, las reivindicaciones de un buen transporte p\u00fablico, se repiten a lo largo de la historia.<\/strong><\/div>\n<\/div>\n<div class=\"o9v6fnle cxmmr5t8 oygrvhab hcukyx3x c1et5uql ii04i59q\">\n<div dir=\"auto\">\u00a0<\/div>\n<div dir=\"auto\">Curiosidades elvirenses.<\/div>\n<div dir=\"auto\"><a href=\"https:\/\/i0.wp.com\/miradordeatarfe.es\/wp-content\/uploads\/2021\/06\/191731358_163490322451125_4069965171345390328_n.jpg?ssl=1\"><img data-recalc-dims=\"1\" loading=\"lazy\" decoding=\"async\" class=\"alignnone wp-image-47935 size-full\" src=\"https:\/\/i0.wp.com\/miradordeatarfe.es\/wp-content\/uploads\/2021\/06\/191731358_163490322451125_4069965171345390328_n.jpg?resize=640%2C420&#038;ssl=1\" alt=\"\" width=\"640\" height=\"420\" srcset=\"https:\/\/i0.wp.com\/miradordeatarfe.es\/wp-content\/uploads\/2021\/06\/191731358_163490322451125_4069965171345390328_n.jpg?w=822&amp;ssl=1 822w, https:\/\/i0.wp.com\/miradordeatarfe.es\/wp-content\/uploads\/2021\/06\/191731358_163490322451125_4069965171345390328_n.jpg?resize=300%2C197&amp;ssl=1 300w, https:\/\/i0.wp.com\/miradordeatarfe.es\/wp-content\/uploads\/2021\/06\/191731358_163490322451125_4069965171345390328_n.jpg?resize=768%2C505&amp;ssl=1 768w\" sizes=\"auto, (max-width: 640px) 100vw, 640px\" \/><\/a><\/div>\n<\/div>\n<div dir=\"auto\">foto de portada:http:\/\/www.atarfe.es\/reclamacion-colectiva-autobuses<\/div>\n<\/div>\n<\/div>\n<\/div>\n<\/div>\n","protected":false},"excerpt":{"rendered":"<p>El 10 de agosto de 1933 El Defensor de Granada, publicaba la siguiente carta: \u00a0&#8230;<\/p>\n","protected":false},"author":1,"featured_media":47936,"comment_status":"closed","ping_status":"closed","sticky":false,"template":"","format":"standard","meta":{"_coblocks_attr":"","_coblocks_dimensions":"","_coblocks_responsive_height":"","_coblocks_accordion_ie_support":"","jetpack_post_was_ever_published":false,"_jetpack_newsletter_access":"","_jetpack_dont_email_post_to_subs":false,"_jetpack_newsletter_tier_id":0,"_jetpack_memberships_contains_paywalled_content":false,"_jetpack_memberships_contains_paid_content":false,"footnotes":"","jetpack_publicize_message":"","jetpack_publicize_feature_enabled":true,"jetpack_social_post_already_shared":false,"jetpack_social_options":{"image_generator_settings":{"template":"highway","default_image_id":0,"enabled":false},"version":2}},"categories":[2,6916,1161,38,44,15],"tags":[81,864,8418],"class_list":["post-47934","post","type-post","status-publish","format-standard","has-post-thumbnail","hentry","category-atarfe","category-ayuntamiento-de-atarfe","category-ciudadania","category-opinion-de-jose-enrique-granados","category-noticias-de-hoy","category-ultimas-noticias","tag-atarfe","tag-ayuntamiento","tag-transporte-publico"],"jetpack_publicize_connections":[],"jetpack_featured_media_url":"https:\/\/i0.wp.com\/miradordeatarfe.es\/wp-content\/uploads\/2021\/06\/web-1061.jpg?fit=600%2C258&ssl=1","jetpack_likes_enabled":true,"jetpack_sharing_enabled":true,"_links":{"self":[{"href":"https:\/\/miradordeatarfe.es\/index.php?rest_route=\/wp\/v2\/posts\/47934","targetHints":{"allow":["GET"]}}],"collection":[{"href":"https:\/\/miradordeatarfe.es\/index.php?rest_route=\/wp\/v2\/posts"}],"about":[{"href":"https:\/\/miradordeatarfe.es\/index.php?rest_route=\/wp\/v2\/types\/post"}],"author":[{"embeddable":true,"href":"https:\/\/miradordeatarfe.es\/index.php?rest_route=\/wp\/v2\/users\/1"}],"replies":[{"embeddable":true,"href":"https:\/\/miradordeatarfe.es\/index.php?rest_route=%2Fwp%2Fv2%2Fcomments&post=47934"}],"version-history":[{"count":1,"href":"https:\/\/miradordeatarfe.es\/index.php?rest_route=\/wp\/v2\/posts\/47934\/revisions"}],"predecessor-version":[{"id":47937,"href":"https:\/\/miradordeatarfe.es\/index.php?rest_route=\/wp\/v2\/posts\/47934\/revisions\/47937"}],"wp:featuredmedia":[{"embeddable":true,"href":"https:\/\/miradordeatarfe.es\/index.php?rest_route=\/wp\/v2\/media\/47936"}],"wp:attachment":[{"href":"https:\/\/miradordeatarfe.es\/index.php?rest_route=%2Fwp%2Fv2%2Fmedia&parent=47934"}],"wp:term":[{"taxonomy":"category","embeddable":true,"href":"https:\/\/miradordeatarfe.es\/index.php?rest_route=%2Fwp%2Fv2%2Fcategories&post=47934"},{"taxonomy":"post_tag","embeddable":true,"href":"https:\/\/miradordeatarfe.es\/index.php?rest_route=%2Fwp%2Fv2%2Ftags&post=47934"}],"curies":[{"name":"wp","href":"https:\/\/api.w.org\/{rel}","templated":true}]}}