{"id":4794,"date":"2015-11-26T08:10:42","date_gmt":"2015-11-26T08:10:42","guid":{"rendered":"http:\/\/miradordeatarfe.es\/?p=4794"},"modified":"2015-11-29T17:30:57","modified_gmt":"2015-11-29T17:30:57","slug":"nueve-granadinas-denuncian-cada-dia-haber-sufrido-insultos-vejaciones-o-golpes-machistas","status":"publish","type":"post","link":"https:\/\/miradordeatarfe.es\/?p=4794","title":{"rendered":"Nueve granadinas denuncian cada d\u00eda haber sufrido insultos, vejaciones o golpes machistas"},"content":{"rendered":"<div class=\"titles\">\n<p class=\"title\" style=\"text-align: justify;\">Los expertos lazan un mensaje constructivo y tajante: se puede salir del maltrato Un total de 1.668 mujeres denunciaron en la provincia a sus agresores hasta junio El 87% de las sentencias fueron condenatorias.<\/p>\n<\/div>\n<p style=\"text-align: justify;\"><!--more--><\/p>\n<div class=\"content\">\n<div class=\"addthisJoly\" style=\"text-align: justify;\"><\/div>\n<div id=\"newsBody\" class=\"body\" style=\"text-align: justify;\">Los expertos en violencia de g\u00e9nero tienen claro el mensaje que se debe lanzar a las v\u00edctimas hoy, 25 de noviembre, D\u00eda Internacional contra la Violencia de G\u00e9nero, y no es otro que de este tipo de violencia, calificada por muchos como &#8216;terrorismo machista&#8217;, se sale. En los seis primeros meses de este a\u00f1o, en Granada, cada d\u00eda 9 mujeres dieron un paso crucial para salir: denunciaron haber sido v\u00edctimas de esta lacra social, del machismo de sus parejas o exparejas en forma de insultos, desprecios, vejaciones, empujones o golpes.<\/p>\n<p>Seg\u00fan el \u00faltimo informe hecho p\u00fablico por el Consejo General del Poder Judicial (CGPJ), los juzgados granadinos recibieron en el segundo trimestre del a\u00f1o un total de 895 denuncias por violencia de g\u00e9nero, que, sumadas a las 773 registradas en el primer trimestre, arrojan un total de 1.668 casos judicializados en la provincia hasta junio. Estos datos suponen un incremento de denuncias en el segundo trimestre en la provincia del 15,8%.<\/p>\n<p>A nivel nacional, los juzgados recibieron en el segundo trimestre un total de 32.023 denuncias por violencia de g\u00e9nero, lo que supone un incremento interanual del 1 por ciento. En el mismo per\u00edodo de tiempo, se elev\u00f3 tambi\u00e9n en un punto el porcentaje de sentencias condenatorias a maltratadores, que representaron el 62,4% del total de sentencias dictadas. En la provincia, un 87% de las sentencias emanadas de los \u00f3rganos judiciales fueron condenatorias. Y en cuanto a las personas enjuiciadas, hubo un incremento en el segundo trimestre con respecto al primero: 224 hombres denunciados se sentaron en el banquillo para ser enjuiciados frente a los 186 del primer trimestre. Del total de personas enjuiciadas en Granada por violencia machista entre enero y junio (410), hubo 307 condenados espa\u00f1oles y 50 condenados extranjeros.<br \/>\n<a href=\"https:\/\/i0.wp.com\/miradordeatarfe.es\/wp-content\/uploads\/2015\/11\/0001965568_230x230_jpg000.jpg?ssl=1\"><img data-recalc-dims=\"1\" loading=\"lazy\" decoding=\"async\" class=\"alignnone size-full wp-image-4795\" src=\"https:\/\/i0.wp.com\/miradordeatarfe.es\/wp-content\/uploads\/2015\/11\/0001965568_230x230_jpg000.jpg?resize=230%2C149&#038;ssl=1\" alt=\"0001965568_230x230_jpg000\" width=\"230\" height=\"149\" \/><\/a><br \/>\nLa v\u00edctima debe tener muy clara la importancia de denunciar para obtener \u00abel respaldo institucional y social\u00bb, indica por su parte la coordinadora provincial del Instituto Andaluz de la Mujer (IAM), Ana Bel\u00e9n Palomares, a la vez que destaca la necesidad de que \u00abla Administraci\u00f3n P\u00fablica, a todos sus niveles, tenga los recursos necesarios para poder responder a las necesidades de las mujeres\u00bb y, sobre todo, \u00abque la sociedad se sume a esta lucha contra la violencia de g\u00e9nero\u00bb. De este modo, las mujeres tendr\u00e1n m\u00e1s seguridad, menos miedo y m\u00e1s confianza en que su denuncia al final les llevar\u00e1 a salir de la violencia de g\u00e9nero. Por eso, como enfatiza, es necesario un pacto de Estado, tal y como propone la Junta de Andaluc\u00eda al Gobierno Central, \u00abun pacto de Estado social y pol\u00edtico, en el que todas las personas en todos los \u00e1mbitos se unan con unos m\u00ednimos para luchar en contra de la violencia de g\u00e9nero\u00bb.<\/p>\n<p>Para Palomares, el aumento de denuncias siempre es positivo. M\u00e1s a\u00fan si se tiene en cuenta que solamente se denuncia el 30% de este tipo de violencia. \u00abCada vez que hay m\u00e1s denuncias es que parte de esa violencia invisible, oculta, soterrada, est\u00e1 saliendo a la luz p\u00fablica, y eso siempre es positivo\u00bb, destaca, a la vez que anima a sumarse a la lucha a esos hombres que no sustentan su forma de vida en el machismo, que no son c\u00f3mplices de la violencia y que creen que otras masculinidades son posibles.<\/p>\n<p>A la hora de luchar contra esta lacra social y erradicarla, expertos como la catedr\u00e1tica de Filosof\u00eda del derecho de la Universidad de Granada Juana Gil opinan que se requieren esfuerzos \u00aben un doble plano\u00bb. Para Gil, una de las voces m\u00e1s autorizadas en esta materia, por una parte, \u00abel mensaje de igualdad efectiva ciudadana debe trasladarse en el complejo proceso de socializaci\u00f3n de los individuos, mujeres y hombres, reatravesando todas las v\u00edas de socializaci\u00f3n diferencial\u00bb. En este sentido, subraya que el mensaje transmitido tanto a trav\u00e9s de la v\u00eda cognitiva (colegio, libros de texto, docentes, cuentos, lenguaje\u2026), como la social (medios de comunicaci\u00f3n, publicidad, pel\u00edculas, series de televisi\u00f3n\u2026), la espiritual (religi\u00f3n, moral\u2026) as\u00ed como la de la v\u00eda afectiva (familia, amigas y amigos,\u2026) debe ser \u00abel de la igualdad con may\u00fasculas de mujeres y hombres, no s\u00f3lo en derechos (ante la ley), sino el derecho a un igual reconocimiento y respeto\u00bb.<\/p>\n<p>La segunda intervenci\u00f3n que podr\u00eda hacerse desde la educaci\u00f3n, a juicio de la catedr\u00e1tica, \u00abproviene de la necesidad de formar en g\u00e9nero a todas las personas que deben actuar en el proceso de prevenci\u00f3n, sanci\u00f3n y erradicaci\u00f3n de las violencias de g\u00e9nero\u00bb. En este sentido, recuerda que la formaci\u00f3n en g\u00e9nero \u00abno se intuye\u00bb, sino que requiere numerosos esfuerzos por parte de las instituciones y de las personas que participan en estos procesos de erradicaci\u00f3n de la violencia. \u00abNo hacerlo as\u00ed -enfatiza- implica abandonar a las mujeres y menores que sufren y padecen esta violencia de g\u00e9nero a un plus de victimizaci\u00f3n secundaria propinada, ahora, bien por acci\u00f3n u omisi\u00f3n por el propio Estado\u00bb.<\/p>\n<p>\u00abEl mensaje debe ser tajante y constructivo: de la violencia de g\u00e9nero se sale\u00bb, advierte con contundencia, a la vez que a\u00f1ade que para que las v\u00edctimas de la violencia de g\u00e9nero puedan lograr escapar de la atm\u00f3sfera irrespirable que les envuelve es necesario que el Estado arbitre los mecanismos y el apoyo personal y t\u00e9cnico necesarios. Y debe hacerlo, a su juicio, con un claro objetivo: \u00abacompa\u00f1ar a las ciudadanas que la sufren hacia la casilla de salida y el inicio de una nueva andadura, libre de ataduras, golpes y miedo\u00bb.<\/p>\n<p>En este contexto, la experta aboga por apostar \u00aben serio\u00bb por erradicar la violencia de g\u00e9nero y apela en especial al cumplimiento del Convenio de Estambul (Convenio del Consejo de Europa sobre prevenci\u00f3n y lucha contra la violencia contra la mujer y la violencia dom\u00e9stica), que entr\u00f3 en vigor para Espa\u00f1a en agosto de 2014 y que, como subraya, \u00abno deja lugar a dudas\u00bb. En virtud de este, \u00abEspa\u00f1a responder\u00e1, porque as\u00ed lo firm\u00f3, con toda su fuerza, ante cualquier atentado a los derechos de las mujeres como ciudadanas. Confiemos en que nuestro pa\u00eds responda a los requerimientos europeos que aquel 18 de marzo de 2014 no dud\u00f3 en ratificar\u00bb, expresa.<\/p>\n<div id=\"netsonic_divid_target_906811123\"><\/div>\n<p>Otra cifra destacable que recoge el informe del CGPJ es la relativa a los delitos de maltrato ingresados entre enero y junio. Fueron un total de 1.455 delitos (en su mayor\u00eda de lesiones y malos tratos del art\u00edculo 153 del C\u00f3digo Penal) y 244 faltas, principalmente por injurias y vejaciones injustas. Las faltas vienen contabilizadas en este informe porque no desaparecieron hasta el 1 de julio, con la entregada en vigor de la \u00faltima reforma del C\u00f3digo Penal.<\/p><\/div>\n<\/div>\n","protected":false},"excerpt":{"rendered":"<p>Los expertos lazan un mensaje constructivo y tajante: se puede salir del maltrato Un total&#8230;<\/p>\n","protected":false},"author":1,"featured_media":4796,"comment_status":"closed","ping_status":"closed","sticky":false,"template":"","format":"standard","meta":{"_coblocks_attr":"","_coblocks_dimensions":"","_coblocks_responsive_height":"","_coblocks_accordion_ie_support":"","jetpack_post_was_ever_published":false,"_jetpack_newsletter_access":"","_jetpack_dont_email_post_to_subs":false,"_jetpack_newsletter_tier_id":0,"_jetpack_memberships_contains_paywalled_content":false,"_jetpack_memberships_contains_paid_content":false,"footnotes":"","jetpack_publicize_message":"","jetpack_publicize_feature_enabled":true,"jetpack_social_post_already_shared":false,"jetpack_social_options":{"image_generator_settings":{"template":"highway","default_image_id":0,"enabled":false},"version":2}},"categories":[1161,14,15],"tags":[1324,129,19,77],"class_list":["post-4794","post","type-post","status-publish","format-standard","has-post-thumbnail","hentry","category-ciudadania","category-feminismo","category-ultimas-noticias","tag-denuncias","tag-granada","tag-mujeres","tag-violencia"],"jetpack_publicize_connections":[],"jetpack_featured_media_url":"https:\/\/i0.wp.com\/miradordeatarfe.es\/wp-content\/uploads\/2015\/11\/images.jpg?fit=255%2C198&ssl=1","jetpack_likes_enabled":true,"jetpack_sharing_enabled":true,"_links":{"self":[{"href":"https:\/\/miradordeatarfe.es\/index.php?rest_route=\/wp\/v2\/posts\/4794","targetHints":{"allow":["GET"]}}],"collection":[{"href":"https:\/\/miradordeatarfe.es\/index.php?rest_route=\/wp\/v2\/posts"}],"about":[{"href":"https:\/\/miradordeatarfe.es\/index.php?rest_route=\/wp\/v2\/types\/post"}],"author":[{"embeddable":true,"href":"https:\/\/miradordeatarfe.es\/index.php?rest_route=\/wp\/v2\/users\/1"}],"replies":[{"embeddable":true,"href":"https:\/\/miradordeatarfe.es\/index.php?rest_route=%2Fwp%2Fv2%2Fcomments&post=4794"}],"version-history":[{"count":1,"href":"https:\/\/miradordeatarfe.es\/index.php?rest_route=\/wp\/v2\/posts\/4794\/revisions"}],"predecessor-version":[{"id":4797,"href":"https:\/\/miradordeatarfe.es\/index.php?rest_route=\/wp\/v2\/posts\/4794\/revisions\/4797"}],"wp:featuredmedia":[{"embeddable":true,"href":"https:\/\/miradordeatarfe.es\/index.php?rest_route=\/wp\/v2\/media\/4796"}],"wp:attachment":[{"href":"https:\/\/miradordeatarfe.es\/index.php?rest_route=%2Fwp%2Fv2%2Fmedia&parent=4794"}],"wp:term":[{"taxonomy":"category","embeddable":true,"href":"https:\/\/miradordeatarfe.es\/index.php?rest_route=%2Fwp%2Fv2%2Fcategories&post=4794"},{"taxonomy":"post_tag","embeddable":true,"href":"https:\/\/miradordeatarfe.es\/index.php?rest_route=%2Fwp%2Fv2%2Ftags&post=4794"}],"curies":[{"name":"wp","href":"https:\/\/api.w.org\/{rel}","templated":true}]}}