{"id":4801,"date":"2015-11-26T08:20:25","date_gmt":"2015-11-26T08:20:25","guid":{"rendered":"http:\/\/miradordeatarfe.es\/?p=4801"},"modified":"2015-11-29T17:31:29","modified_gmt":"2015-11-29T17:31:29","slug":"atarfe-alza-su-voz-en-contra-de-la-violencia-de-genero","status":"publish","type":"post","link":"https:\/\/miradordeatarfe.es\/?p=4801","title":{"rendered":"Atarfe alza su voz en contra de la violencia de g\u00e9nero"},"content":{"rendered":"<p><span class=\"contenidos_subtitulo\">Alumnos de distintos colegios, autoridades, trabajadores y vecinos se han concentrado esta ma\u00f1ana para solidarizarse con las v\u00edctimas de la violencia machista y exigir el cese de las agresiones.<\/span><br \/>\n<!--more--><\/p>\n<div>\u00a0<em>Nosotros creemos en la igualdad y no toleramos la violencia contra las mujeres&#8230; \u00bfY t\u00fa?<\/em>. La frase se pod\u00eda leer en la pancarta instalada en el balc\u00f3n consistorial de Atarfe, que ha presidido la concentraci\u00f3n celebrada este mediodia con motivo del <strong>D\u00eda Internacional contra la Violencia de G\u00e9nero<\/strong>.<\/div>\n<div><\/div>\n<div>Una representaci\u00f3n de todos los grupos municipales, alumnos de los centros educativos de Atarfe, miembros de los Cuerpos y Fuerzas de Seguridad, Protecci\u00f3n Civil, trabajadores municipales y numerosos vecinos han acudido al llamamiento del <strong>Centro Municipal de Atenci\u00f3n a la Mujer<\/strong>en solidaridad con las v\u00edctimas de la violencia machista.<\/div>\n<div><\/div>\n<div>El acto ha estado presidido por el alcalde <strong>Francisco Rodr\u00edguez Quesada<\/strong> que ha estado acompa\u00f1ado por los concejales del equipo de Gobierno<strong> Fabiola Garc\u00eda Montijano<\/strong>, <strong>Gloria Casado<\/strong> y <strong>Francisco Prieto<\/strong>; y representantes de los grupos municipales de la oposici\u00f3n, entre ellos el portavoz del PSOE,<strong> \u00d3scar Gonz\u00e1lez<\/strong>; la concejal del PP Mar\u00eda del <strong>Pilar Garc\u00eda Guzm\u00e1n<\/strong>; y los ediles de Ciudadanos, <strong>Raquel Toro<\/strong> y <strong>Antonio Pascual Mart\u00edn<\/strong>.<\/div>\n<div><\/div>\n<div>\u00a0<img data-recalc-dims=\"1\" decoding=\"async\" src=\"https:\/\/i0.wp.com\/www.ciudadatarfe.com\/data\/fotos_contenidos_web\/1425_1720_20151125173201.jpg?w=640\" alt=\"\" border=\"0\" \/><\/div>\n<div><\/div>\n<div>El alcalde Francisco Rodr\u00edguez Quesada ha agradecido la respuesta del p\u00fablico y se ha referido a la necesidad de \u00abdesterrar la violencia y los comportamientos machistas, que no deben tener sitio en nuestra sociedad\u00bb. Por su parte, la concejal de Educaci\u00f3n y Cultura, Fabiola Garc\u00eda Montijado, ha tenido un recuerdo para las v\u00edctimas y ha hecho un llamamiento para que entre todos logremos erradicar esta lacra social que con frecuencia se hace invisible a los ojos de la sociedad.<\/div>\n<div><\/div>\n<div>Una delegaci\u00f3n de cada centro educativo ha procedido a la lectura de un texto en contra de los malos tratos y se ha asistido tambi\u00e9n a una performance, a cargo del grupo de teatro local de Atarfe, con la que se ha querido denunciar la violencia contra las mujeres. En el acto han participado alumnos de Primaria de los colegios <strong>Atalaya<\/strong>, <strong>Jim\u00e9nez Rueda<\/strong>, <strong>Safa <\/strong>y <strong>Medina Elvira<\/strong>. De Secundaria han acudido estudientes del Instituto <strong>Il\u00edberis<\/strong>, <strong>La Vega<\/strong> y <strong>Safa<\/strong>.<\/div>\n<div><\/div>\n<div><img data-recalc-dims=\"1\" decoding=\"async\" src=\"https:\/\/i0.wp.com\/www.ciudadatarfe.com\/data\/fotos_contenidos_web\/1425_1721_20151125173412.jpg?w=640\" alt=\"\" border=\"0\" \/><\/div>\n<div><\/div>\n<div><strong>Juana D\u00edaz<\/strong>, del Centro Municipal de Atenci\u00f3n a la Mujer, ha procedido a la lectura del manifiesto, y a continuaci\u00f3n se ha procedido a guardar un minuto de silencio, con la m\u00fasica de fondo del violinista del grupo de C\u00e1mara y Orquesta de la Escuela de M\u00fasica Ciudad Atarfe, <strong>David Mu\u00f1oz Molina<\/strong>, que ha interpretado el \u00abHallelujah\u00bb de Leonard Cohen.<\/div>\n<div><\/div>\n<div>A continuaci\u00f3n reproducimos el manifiesto de forma \u00edntegra:<\/div>\n<div><\/div>\n<div><em>Un a\u00f1o m\u00e1s, es 25 de noviembre, un d\u00eda para manifestarse en contra de la Violencia a las Mujeres. En las plazas y calles de infinidad de pa\u00edses de todo el planeta se hallan miles de personas denunciando que la violencia de g\u00e9nero es la expresi\u00f3n m\u00e1s extrema de la desigualdad entre mujeres y hombres una de las m\u00e1s degradantes violaciones \u00a0de los Derechos Humanos. No respeta niveles econ\u00f3micos, cultura \u00a0o fronteras. Est\u00e1 presente en \u00e9pocas de conflicto y en tiempos de paz, en el hogar, en el trabajo y en la calle. Es una injusticia manifiesta que impide que la sociedad avance hacia la igualdad y el bienestar com\u00fan entre todas y todos, por lo que desde esta plaza queremos mandar un mensaje al resto de la ciudadan\u00eda.\u00a0<\/em><\/div>\n<div><em>\u00a0<\/em><\/div>\n<div><em>CONTRA LA INVISIBILIDAD DE LA VIOLENCIA A LAS MUJERES, \u00a1IMPL\u00cdCATE!<\/em><\/div>\n<div><\/div>\n<div><img data-recalc-dims=\"1\" decoding=\"async\" src=\"https:\/\/i0.wp.com\/www.ciudadatarfe.com\/data\/fotos_contenidos_web\/1425_1722_20151125173609.jpg?w=640\" alt=\"\" border=\"0\" \/><\/div>\n<div><em>\u00a0<\/em><\/div>\n<div><em>La violencia contra las mujeres desaparecer\u00e1 cuando las mujeres en general dejen de ser ciudadanas de segunda y participen de forma igualitaria en la sociedad. Desaparecer\u00e1 cuando dejen de estar a la cabeza de las cifras de pobreza, de las listas de desempleo o de sufrir la infravaloraci\u00f3n de sus trabajos y sigan teniendo problemas para conciliar su vida personal, laboral y p\u00fablica. Desaparecer\u00e1 cuando se deje de usar su imagen como objeto de consumo, cuando sus palabras se oigan con el mismo volumen que las de los hombres en la toma de decisiones que afecten a la ciudadan\u00eda, y cuando se las nombre y se las visibilice en todos los espacios sociales. Desaparecer\u00e1 cuando exista una verdadera educaci\u00f3n no sexista donde las ni\u00f1as \u00a0y los ni\u00f1os tengan presente y futuro con las mismas oportunidades.<\/em><\/div>\n<div><em>\u00a0<\/em><\/div>\n<div><em>Desde enero de 2015 han sido asesinadas 55 mujeres y 4 ni\u00f1os v\u00edctimas de violencia de g\u00e9nero s\u00f3lo en nuestro pa\u00eds. La violencia de g\u00e9nero afecta tanto a las mujeres que la padecen, como a sus hijos e hijas, entornos familiares y a la sociedad, en general, perpetu\u00e1ndose este tipo de violencias en futuras generaciones.<\/em><\/div>\n<div><em>\u00a0 \u00a0 \u00a0<\/em><\/div>\n<div><em>La violencia de g\u00e9nero no puede considerarse un problema exclusivo de la esfera privada de las mujeres; todas las Administraciones P\u00fablicas y la sociedad en general, deben participan en la erradicaci\u00f3n de esta lacra social. Adem\u00e1s de las leyes que facilitan medidas y recursos, es indispensable la prevenci\u00f3n, educar desde la infancia para que los j\u00f3venes sean conscientes de este problema. Es importante trabajar con la juventud para que en el momento en el que detecten alg\u00fan caso en su entorno, act\u00faen de forma contundente, sin mirar hacia otro lado. Puesto que Atarfe cuenta con el Centro Municipal de Informaci\u00f3n a las Mujeres, el mejor de los recursos para informar y asesorar a\u00a0<\/em><em>las mujeres en general, y en particular a aquellas que se encuentran viviendo este grave problema, es necesario que la poblaci\u00f3n se implique.<\/em><\/div>\n<div><\/div>\n<div><img data-recalc-dims=\"1\" decoding=\"async\" src=\"https:\/\/i0.wp.com\/www.ciudadatarfe.com\/data\/fotos_contenidos_web\/1425_1723_20151125173759.jpg?w=640\" alt=\"\" border=\"0\" \/><\/div>\n<div><\/div>\n<div><em>La finalidad de este manifiesto es hacer patente el rechazo a la violencia contra las mujeres, cada uno desde su posici\u00f3n, ya sea de profesorado, AMPAS, alumnado, asociaciones de mujeres, de toda la corporaci\u00f3n municipal representada en sus correspondientes partidos pol\u00edticos, de la administraci\u00f3n del Ayuntamiento de Atarfe y de la poblaci\u00f3n en general. Fomentando modelos alternativos de convivencia, basados en el respeto y en la igualdad, y asumiendo los siguientes compromisos:<\/em><\/div>\n<div><\/div>\n<div><em>\u2022 Considerar\u00e9 que las personas, hombres y mujeres, somos iguales en derechos, en capacidad de decisi\u00f3n y en oportunidades para elegir.<\/em><\/div>\n<div><em>\u2022 Rechazar\u00e9 todas las acciones, comentarios y chistes que trivialicen o denigren la imagen de las mujeres.<\/em><\/div>\n<div><em>\u2022 Analizar\u00e9 cr\u00edticamente los discursos sexistas y\/o violentos difundidos por los medios de comunicaci\u00f3n.<\/em><\/div>\n<div><em>\u2022 Promover\u00e9 \u00a0una educaci\u00f3n igualitaria, en mi entorno m\u00e1s cercano, apostando por juguetes y juegos que acerquen y enriquezcan a ni\u00f1os y ni\u00f1as y no perpet\u00faen los roles discriminatorios por los que el cuidado y la pasividad se asigna a las mujeres y la inteligencia y la acci\u00f3n a los hombres.<\/em><\/div>\n<div><em>\u2022 Ser\u00e9 libre para decidir mi vida sin que ser hombre o mujer me impida elegir lo que deseo, promoviendo la eliminaci\u00f3n de los estereotipos femeninos y masculinos.<\/em><\/div>\n<div><em>\u2022 Compartir\u00e9 solidariamente las tareas dom\u00e9sticas y el cuidado propio y el de las personas, ganando as\u00ed autonom\u00eda y disfrutando del afecto de quienes queremos.<\/em><\/div>\n<div><em>\u2022 Resolver\u00e9 los conflictos de manera no violenta.<\/em><\/div>\n<div><em>\u2022 Mostrar\u00e9 mi apoyo y solidaridad a las mujeres que sean v\u00edctimas de violencia de g\u00e9nero,\u00a0<\/em><\/div>\n<div><em>\u2022 Participar\u00e9 socialmente para erradicar las estructuras sociales y las mentalidades que perpet\u00faan una discriminaci\u00f3n de las mujeres en la sociedad, trabajando activamente por la igualdad.<\/em><\/div>\n<div><\/div>\n<div>\u00a0<img data-recalc-dims=\"1\" decoding=\"async\" src=\"https:\/\/i0.wp.com\/www.ciudadatarfe.com\/data\/fotos_contenidos_web\/1425_1724_20151125173912.jpg?w=640\" alt=\"\" border=\"0\" \/><\/div>\n<div><em>\u00a0\u00a0<\/em><\/div>\n<div><\/div>\n<p>&nbsp;<\/p>\n","protected":false},"excerpt":{"rendered":"<p>Alumnos de distintos colegios, autoridades, trabajadores y vecinos se han concentrado esta ma\u00f1ana para solidarizarse&#8230;<\/p>\n","protected":false},"author":1,"featured_media":4812,"comment_status":"closed","ping_status":"closed","sticky":false,"template":"","format":"standard","meta":{"_coblocks_attr":"","_coblocks_dimensions":"","_coblocks_responsive_height":"","_coblocks_accordion_ie_support":"","jetpack_post_was_ever_published":false,"_jetpack_newsletter_access":"","_jetpack_dont_email_post_to_subs":false,"_jetpack_newsletter_tier_id":0,"_jetpack_memberships_contains_paywalled_content":false,"_jetpack_memberships_contains_paid_content":false,"footnotes":"","jetpack_publicize_message":"","jetpack_publicize_feature_enabled":true,"jetpack_social_post_already_shared":false,"jetpack_social_options":{"image_generator_settings":{"template":"highway","default_image_id":0,"enabled":false},"version":2}},"categories":[2,187,1161,14,15],"tags":[81,21,19,77],"class_list":["post-4801","post","type-post","status-publish","format-standard","has-post-thumbnail","hentry","category-atarfe","category-centros-educativos","category-ciudadania","category-feminismo","category-ultimas-noticias","tag-atarfe","tag-igualdad","tag-mujeres","tag-violencia"],"jetpack_publicize_connections":[],"jetpack_featured_media_url":"https:\/\/i0.wp.com\/miradordeatarfe.es\/wp-content\/uploads\/2015\/11\/1425_1719_20151125172932.jpg?fit=442%2C295&ssl=1","jetpack_likes_enabled":true,"jetpack_sharing_enabled":true,"_links":{"self":[{"href":"https:\/\/miradordeatarfe.es\/index.php?rest_route=\/wp\/v2\/posts\/4801","targetHints":{"allow":["GET"]}}],"collection":[{"href":"https:\/\/miradordeatarfe.es\/index.php?rest_route=\/wp\/v2\/posts"}],"about":[{"href":"https:\/\/miradordeatarfe.es\/index.php?rest_route=\/wp\/v2\/types\/post"}],"author":[{"embeddable":true,"href":"https:\/\/miradordeatarfe.es\/index.php?rest_route=\/wp\/v2\/users\/1"}],"replies":[{"embeddable":true,"href":"https:\/\/miradordeatarfe.es\/index.php?rest_route=%2Fwp%2Fv2%2Fcomments&post=4801"}],"version-history":[{"count":1,"href":"https:\/\/miradordeatarfe.es\/index.php?rest_route=\/wp\/v2\/posts\/4801\/revisions"}],"predecessor-version":[{"id":4802,"href":"https:\/\/miradordeatarfe.es\/index.php?rest_route=\/wp\/v2\/posts\/4801\/revisions\/4802"}],"wp:featuredmedia":[{"embeddable":true,"href":"https:\/\/miradordeatarfe.es\/index.php?rest_route=\/wp\/v2\/media\/4812"}],"wp:attachment":[{"href":"https:\/\/miradordeatarfe.es\/index.php?rest_route=%2Fwp%2Fv2%2Fmedia&parent=4801"}],"wp:term":[{"taxonomy":"category","embeddable":true,"href":"https:\/\/miradordeatarfe.es\/index.php?rest_route=%2Fwp%2Fv2%2Fcategories&post=4801"},{"taxonomy":"post_tag","embeddable":true,"href":"https:\/\/miradordeatarfe.es\/index.php?rest_route=%2Fwp%2Fv2%2Ftags&post=4801"}],"curies":[{"name":"wp","href":"https:\/\/api.w.org\/{rel}","templated":true}]}}