{"id":48028,"date":"2021-06-18T10:49:06","date_gmt":"2021-06-18T08:49:06","guid":{"rendered":"http:\/\/miradordeatarfe.es\/?p=48028"},"modified":"2023-10-20T10:22:09","modified_gmt":"2023-10-20T08:22:09","slug":"el-barco-que-trabaja-en-tenerife-se-llama-angeles-alvarino-pero-quien-es-angeles-alvarino","status":"publish","type":"post","link":"https:\/\/miradordeatarfe.es\/?p=48028","title":{"rendered":"EL BARCO QUE TRABAJA EN TENERIFE SE LLAMA ANGELES ALVARI\u00d1O PERO&#8230;\u00bfQUIEN ES ANGELES ALVARI\u00d1O?"},"content":{"rendered":"<div id=\":q1\" class=\"a3s aiL \">\n<div dir=\"auto\">\n<h3 dir=\"auto\">Tristemente, estos ultimos dias, hemos oido mucho el nombre de #AngelesAlvari\u00f1o, el barco que trabaja incansablemente en las aguas de Tenerife, pero sabemos muy poco sobre la increible historia de la mujer que le di\u00f3 nombre.\u00a0<\/h3>\n<div dir=\"auto\">Naci\u00f3 un 3 de octubre de 1916 en Serrantes, un peque\u00f1o pueblo costero de Galicia.\u00a0<\/div>\n<div dir=\"auto\">\u00a0<\/div>\n<div dir=\"auto\">En 1934 se traslad\u00f3 a Madrid para estudiar Ciencias Naturales pero, a causa de la Guerra Civil, se cerraron las aulas y volvi\u00f3 a Galicia. Aprovech\u00f3 este tiempo para aprender franc\u00e9s e ingl\u00e9s, lo que le resultar\u00eda fundamental para su futura carrera en el extranjero. \u00c1ngeles pudo continuar sus estudios tras la guerra y se licenci\u00f3 en 1941. Despu\u00e9s de algunos a\u00f1os como profesora de instituto se fue a Madrid junto a su marido, que era militar y hab\u00eda sido destinado en el Instituto Espa\u00f1ol de Oceanograf\u00eda (IEO), donde ella se incorpor\u00f3 como becaria a los 34 a\u00f1os. Dos a\u00f1os despu\u00e9s consigui\u00f3 una plaza de bi\u00f3loga en el Centro Oceanogr\u00e1fico de Vigo del IEO y empez\u00f3 a estudiar el zooplancton.<\/div>\n<div dir=\"auto\"><a href=\"https:\/\/i0.wp.com\/miradordeatarfe.es\/wp-content\/uploads\/2021\/06\/1623827800600.jpg?ssl=1\"><img data-recalc-dims=\"1\" loading=\"lazy\" decoding=\"async\" class=\"alignnone wp-image-48030 size-full\" src=\"https:\/\/i0.wp.com\/miradordeatarfe.es\/wp-content\/uploads\/2021\/06\/1623827800600.jpg?resize=640%2C464&#038;ssl=1\" alt=\"\" width=\"640\" height=\"464\" srcset=\"https:\/\/i0.wp.com\/miradordeatarfe.es\/wp-content\/uploads\/2021\/06\/1623827800600.jpg?w=976&amp;ssl=1 976w, https:\/\/i0.wp.com\/miradordeatarfe.es\/wp-content\/uploads\/2021\/06\/1623827800600.jpg?resize=300%2C218&amp;ssl=1 300w, https:\/\/i0.wp.com\/miradordeatarfe.es\/wp-content\/uploads\/2021\/06\/1623827800600.jpg?resize=768%2C557&amp;ssl=1 768w\" sizes=\"auto, (max-width: 640px) 100vw, 640px\" \/><\/a><\/div>\n<div dir=\"auto\">\u00a0<\/div>\n<div dir=\"auto\">En 1953 recibi\u00f3 una beca para seguir estudiando estos peque\u00f1os organismos en Reino Unido, donde se convirti\u00f3 en la #PrimerMujerCient\u00edfica en trabajar a bordo de un barco brit\u00e1nico de investigaci\u00f3n. Tres a\u00f1os m\u00e1s tarde volvi\u00f3 a hacer las maletas para continuar sus investigaciones en EE.UU. bajo la tutela de otra pionera: Mary Sears. Ella fue quien, impresionada con su obra, la recomend\u00f3 para ocupar un puesto en el Instituto Scripps de Oceanograf\u00eda, en California, donde permaneci\u00f3 hasta 1970.<\/div>\n<div dir=\"auto\">\u00a0<\/div>\n<div dir=\"auto\">Continu\u00f3 su carrera en otra prestigiosa instituci\u00f3n americana, la NOAA, donde estudiar\u00eda las larvas de peces en el plancton. Tras su jubilaci\u00f3n, en 1987, continu\u00f3 trabajando como cient\u00edfica em\u00e9rita y escribiendo y dando a conocer la historia de las ciencias marinas en Espa\u00f1a.<\/div>\n<div dir=\"auto\">\u00a0<\/div>\n<div dir=\"auto\">Gracias a su meticuloso trabajo, \u00c1ngeles describi\u00f3 22 nuevas especies planct\u00f3nicas para la ciencia. En 2005 falleci\u00f3 y desde 2012 uno de los buques oceanogr\u00e1ficos m\u00e1s avanzados de la flota espa\u00f1ola lleva su nombre.<\/div>\n<\/div>\n<\/div>\n","protected":false},"excerpt":{"rendered":"<p>Tristemente, estos ultimos dias, hemos oido mucho el nombre de #AngelesAlvari\u00f1o, el barco que trabaja&#8230;<\/p>\n","protected":false},"author":1,"featured_media":48029,"comment_status":"closed","ping_status":"closed","sticky":false,"template":"","format":"standard","meta":{"_coblocks_attr":"","_coblocks_dimensions":"","_coblocks_responsive_height":"","_coblocks_accordion_ie_support":"","jetpack_post_was_ever_published":false,"_jetpack_newsletter_access":"","_jetpack_dont_email_post_to_subs":false,"_jetpack_newsletter_tier_id":0,"_jetpack_memberships_contains_paywalled_content":false,"_jetpack_memberships_contains_paid_content":false,"footnotes":"","jetpack_publicize_message":"","jetpack_publicize_feature_enabled":true,"jetpack_social_post_already_shared":false,"jetpack_social_options":{"image_generator_settings":{"template":"highway","default_image_id":0,"enabled":false},"version":2}},"categories":[1161,14,6937],"tags":[8428,8429],"class_list":["post-48028","post","type-post","status-publish","format-standard","has-post-thumbnail","hentry","category-ciudadania","category-feminismo","category-sociedad","tag-angeles-albarino","tag-barco-oceanografico"],"jetpack_publicize_connections":[],"jetpack_featured_media_url":"https:\/\/i0.wp.com\/miradordeatarfe.es\/wp-content\/uploads\/2021\/06\/ABGELES.png?fit=638%2C338&ssl=1","jetpack_likes_enabled":true,"jetpack_sharing_enabled":true,"_links":{"self":[{"href":"https:\/\/miradordeatarfe.es\/index.php?rest_route=\/wp\/v2\/posts\/48028","targetHints":{"allow":["GET"]}}],"collection":[{"href":"https:\/\/miradordeatarfe.es\/index.php?rest_route=\/wp\/v2\/posts"}],"about":[{"href":"https:\/\/miradordeatarfe.es\/index.php?rest_route=\/wp\/v2\/types\/post"}],"author":[{"embeddable":true,"href":"https:\/\/miradordeatarfe.es\/index.php?rest_route=\/wp\/v2\/users\/1"}],"replies":[{"embeddable":true,"href":"https:\/\/miradordeatarfe.es\/index.php?rest_route=%2Fwp%2Fv2%2Fcomments&post=48028"}],"version-history":[{"count":1,"href":"https:\/\/miradordeatarfe.es\/index.php?rest_route=\/wp\/v2\/posts\/48028\/revisions"}],"predecessor-version":[{"id":48031,"href":"https:\/\/miradordeatarfe.es\/index.php?rest_route=\/wp\/v2\/posts\/48028\/revisions\/48031"}],"wp:featuredmedia":[{"embeddable":true,"href":"https:\/\/miradordeatarfe.es\/index.php?rest_route=\/wp\/v2\/media\/48029"}],"wp:attachment":[{"href":"https:\/\/miradordeatarfe.es\/index.php?rest_route=%2Fwp%2Fv2%2Fmedia&parent=48028"}],"wp:term":[{"taxonomy":"category","embeddable":true,"href":"https:\/\/miradordeatarfe.es\/index.php?rest_route=%2Fwp%2Fv2%2Fcategories&post=48028"},{"taxonomy":"post_tag","embeddable":true,"href":"https:\/\/miradordeatarfe.es\/index.php?rest_route=%2Fwp%2Fv2%2Ftags&post=48028"}],"curies":[{"name":"wp","href":"https:\/\/api.w.org\/{rel}","templated":true}]}}