{"id":48038,"date":"2021-06-22T09:05:12","date_gmt":"2021-06-22T07:05:12","guid":{"rendered":"http:\/\/miradordeatarfe.es\/?p=48038"},"modified":"2021-06-22T13:57:35","modified_gmt":"2021-06-22T11:57:35","slug":"antonio-machado-memoria-custodiada-es-un-libro-lleno-de-amor-reivindicacion-y-sabiduria","status":"publish","type":"post","link":"https:\/\/miradordeatarfe.es\/?p=48038","title":{"rendered":"\u00ab&#8217;Antonio Machado. Memoria custodiada&#8217; es un libro lleno de amor, reivindicaci\u00f3n y sabidur\u00eda\u00bb"},"content":{"rendered":"<div class=\"voc-detail-header\">\n<h2 style=\"text-align: justify;\">Recoge sendas conferencias de Antonina Rodrigo y Jacques Issorel sobre las mujeres y hombres que han luchado para mantener viva la memoria del poeta<\/h2>\n<figure class=\"voc-main-figure \" style=\"text-align: justify;\"><\/figure>\n<\/div>\n<p style=\"text-align: justify;\"><i>C<\/i>uando llegamos al punto de encuentro, el antiguo lavadero reconvertido en restaurante en el paseo del Viol\u00f3n, nos encontramos a la escritora granadina Antonina Rodrigo (Granada, 1935) acompa\u00f1ada de dos conocidos y su gran amigo Francisco Gil Craviotto, con el que conversaba sobre la portada de su libro &#8216;Antonio Machado. Memoria custodiada&#8217;, \u00abelegante y sencilla\u00bb, en la que se ve al autor de Campos de Castilla en un dibujo realizado por Ernest Pignon.<\/p>\n<p style=\"text-align: justify;\">Tras los saludos de rigor nos ofreci\u00f3 un ejemplar en el que, con la t\u00edpica caligraf\u00eda angulosa de los escolares de los a\u00f1os 40 y 50 del pasado siglo, escribi\u00f3 una cari\u00f1osa dedicatoria firmada en &#8216;Gran\u00e1&#8217; a 24\/4\/2021. Entre las p\u00e1ginas del libro inclu\u00eda un bonito marcap\u00e1ginas editado por el Ayuntamiento de Valderrubio con motivo de la exposici\u00f3n inaugurada en la v\u00edspera, en cuya cara se puede ver una preciosa imagen de la escritora con los colores de su querida bandera republicana y en el reverso la leyenda \u00abRecuerdo de la inauguraci\u00f3n de la exposici\u00f3n &#8216;Antonina Rodrigo, obrera de la pluma&#8217;, 23 de abril de 2021\u00bb.<\/p>\n<p style=\"text-align: justify;\">Antonina Rodrigo marca en la conversaci\u00f3n el acento granadino que tanto a\u00f1ora tras residir en Barcelona desde hace m\u00e1s de tres d\u00e9cadas. \u00abEs un libro de reivindicaci\u00f3n y de amor con el que queremos hacer presentes a esas personas que cuando lleg\u00f3 Machado a Collioure sin conocer a nadie y sin un duro los acercaron a un hotel donde hab\u00eda puesto un velador en su puerta para que pudieran tomar un caf\u00e9 caliente y tuvieran un trozo de pan con mantequilla. Ellos no quer\u00edan comida, quer\u00edan una habitaci\u00f3n pues tanto el poeta como su madre llegaron muy mal\u00bb, cuenta.<\/p>\n<p style=\"text-align: justify;\">A continuaci\u00f3n relata con vehemencia esos momentos que vivieron los exiliados espa\u00f1oles y c\u00f3mo inicialmente los restos del poeta ser\u00edan enterrados en un mausoleo de una condesa francesa pues \u00abmadame Quintana se preocup\u00f3 de que no se metiese en una tumba de pobres. Al finalizar la segunda guerra mundial hubo que sacar a Machado para llevarlo a una tumba sola que se pudo comprar gracias a una suscripci\u00f3n popular y a las aportaciones de Picasso, que paga la mayor parte, Pau Casal o Albert Camus\u00bb.<\/p>\n<p style=\"text-align: justify;\">El libro es una edici\u00f3n biling\u00fce, franc\u00e9s-castellano, que ha sido editado por la FAM, Fundaci\u00f3n Antonio Machado, y que recoge sendas conferencias de Antonina Rodrigo y Jacques Issorel ofrecidas el 24 de febrero de 2019, con motivo del 80 aniversario de la muerte el poeta. Incluye un \u00abinteresant\u00edsimo pr\u00f3logo\u00bb de Serge Barba, \u00abuno de los primeros ni\u00f1os que nace en la Maternidad de Elne cuando las mujeres republicanas daban a luz al lado del mar en los campos de concentraci\u00f3n, y muchas mor\u00edan por la falta de higiene y medicinas\u00bb. La aportaci\u00f3n de Antonina ha consistido en dar a conocer la historia de \u00abdoce mujeres, francesas y espa\u00f1olas, que han mantenido la memoria viva del poeta Antonio Machado\u00bb, en tanto que Jacques Issorel, hace otro tanto con los \u00abdoce hombres buenos\u00bb, entre ellos Jos\u00e9 Machado, Jacques Baills, Corpus Barga o Josep Mar\u00eda Corredor.<\/p>\n<p style=\"text-align: justify;\">Antonina habla de esas guardianas de la memoria y comienza por madame Juliette Figu\u00e8res y madame Pauline, que estuvieron con \u00e9l en sus \u00faltimos d\u00edas, para continuar con Matea Monedero, \u00abun personaje extraordinario\u00bb que entr\u00f3 como criada con los Machado y se cas\u00f3 con Jos\u00e9, con quien tuvo tres hijas; Mar\u00eda Laffranque, directora del CNRS y tetrapl\u00e9jica, \u00abuna mujer sabia francesa, muy amiga de los exiliados espa\u00f1oles a muchos de ellos los sac\u00f3 de la c\u00e1rcel\u00bb, que desde su silla de ruedas defendi\u00f3 la memoria y ha publicado muchos trabajos sobre Lorca y sus obras completas, por lo que reclama un homenaje para ella en Granada; Monique Alonso, Mercedes Pradal (Kalinka), Margarita Giral, Sara Berenguer, Teresa Soler i Pi (Teresa Rebull), Vida Manso y Adela Carreras, mujer que \u00abcada noche despertaba los relojes parados del exilio con el &#8216;Aqu\u00ed, Radio Par\u00eds&#8217;. \u00abLas doce mujeres son extraordinarias y entregadas, muchos de ellas hicieron la guerra y el dur\u00edsimo camino del exilio con sus mayores e hijos. Hay letradas que terminan ejerciendo de profesoras pero tambi\u00e9n trabajadoras con un perfil extraordinario por lo que merecen ser reivindicadas\u00bb. De todas ellas se incluye una foto, \u00abporque es muy importante conocer sus trayectoria vital pero tambi\u00e9n conocer sus caras\u00bb.<\/p>\n<p style=\"text-align: justify;\">Del libro tambi\u00e9n destaca la complet\u00edsima cronolog\u00eda realizada por Jacques Issorel, quien tambi\u00e9n ha realizado la selecci\u00f3n de poemas machadianos y su traducci\u00f3n al franc\u00e9s. \u00abLa edici\u00f3n biling\u00fce se ha hecho pensando en las escuelas e institutos para que los alumnos conozcan lo que fue el exilio y sepan que uno de los grandes poetas espa\u00f1oles entr\u00f3 andando y desahuciado y en menos de un mes muri\u00f3. Y que reivindicamos a la gente francesa y espa\u00f1ola que ha velado para que su memoria siga viva\u00bb.<\/p>\n<p style=\"text-align: justify;\">El libro por ahora solo se puede conseguir en la Fundaci\u00f3n Antonio Machado, pero Antonina espera que pronto est\u00e9 disponible en las librer\u00edas espa\u00f1olas.<\/p>\n<figure class=\"voc-main-figure \">\n<div class=\"voc-height-auto\" style=\"text-align: justify;\"><strong><a class=\"voc-author\" title=\"ANTONIO ARENAS\">ANTONIO ARENAS\u00a0<\/a><\/strong><\/div><figcaption class=\"figure-caption\"><span class=\"voc-photo-caption\">FOTO: Antonina rodrigo, con un ejemplar de &#8216;Antonio Machado. Memoria custodiada&#8217;. \/ <\/span><span class=\"voc-photo-author\">antonio arenas<br \/>\nhttps:\/\/www.ideal.es\/culturas\/antonio-machado-memoria-20210614195042-nt.html<br \/>\n<\/span><\/figcaption><\/figure>\n","protected":false},"excerpt":{"rendered":"<p>Recoge sendas conferencias de Antonina Rodrigo y Jacques Issorel sobre las mujeres y hombres que&#8230;<\/p>\n","protected":false},"author":1,"featured_media":48117,"comment_status":"closed","ping_status":"closed","sticky":false,"template":"","format":"standard","meta":{"_coblocks_attr":"","_coblocks_dimensions":"","_coblocks_responsive_height":"","_coblocks_accordion_ie_support":"","jetpack_post_was_ever_published":false,"_jetpack_newsletter_access":"","_jetpack_dont_email_post_to_subs":false,"_jetpack_newsletter_tier_id":0,"_jetpack_memberships_contains_paywalled_content":false,"_jetpack_memberships_contains_paid_content":false,"footnotes":"","jetpack_publicize_message":"","jetpack_publicize_feature_enabled":true,"jetpack_social_post_already_shared":false,"jetpack_social_options":{"image_generator_settings":{"template":"highway","default_image_id":0,"enabled":false},"version":2}},"categories":[1161,44,6937,15],"tags":[487,5823],"class_list":["post-48038","post","type-post","status-publish","format-standard","has-post-thumbnail","hentry","category-ciudadania","category-noticias-de-hoy","category-sociedad","category-ultimas-noticias","tag-antonina-rodrigo","tag-antonio-machado"],"jetpack_publicize_connections":[],"jetpack_featured_media_url":"https:\/\/i0.wp.com\/miradordeatarfe.es\/wp-content\/uploads\/2021\/06\/Imagen-AAM_antonina-rodrigo-2-kbbD-U140695066638QuD-624x385%40Ideal.jpg?fit=624%2C385&ssl=1","jetpack_likes_enabled":true,"jetpack_sharing_enabled":true,"_links":{"self":[{"href":"https:\/\/miradordeatarfe.es\/index.php?rest_route=\/wp\/v2\/posts\/48038","targetHints":{"allow":["GET"]}}],"collection":[{"href":"https:\/\/miradordeatarfe.es\/index.php?rest_route=\/wp\/v2\/posts"}],"about":[{"href":"https:\/\/miradordeatarfe.es\/index.php?rest_route=\/wp\/v2\/types\/post"}],"author":[{"embeddable":true,"href":"https:\/\/miradordeatarfe.es\/index.php?rest_route=\/wp\/v2\/users\/1"}],"replies":[{"embeddable":true,"href":"https:\/\/miradordeatarfe.es\/index.php?rest_route=%2Fwp%2Fv2%2Fcomments&post=48038"}],"version-history":[{"count":1,"href":"https:\/\/miradordeatarfe.es\/index.php?rest_route=\/wp\/v2\/posts\/48038\/revisions"}],"predecessor-version":[{"id":48039,"href":"https:\/\/miradordeatarfe.es\/index.php?rest_route=\/wp\/v2\/posts\/48038\/revisions\/48039"}],"wp:featuredmedia":[{"embeddable":true,"href":"https:\/\/miradordeatarfe.es\/index.php?rest_route=\/wp\/v2\/media\/48117"}],"wp:attachment":[{"href":"https:\/\/miradordeatarfe.es\/index.php?rest_route=%2Fwp%2Fv2%2Fmedia&parent=48038"}],"wp:term":[{"taxonomy":"category","embeddable":true,"href":"https:\/\/miradordeatarfe.es\/index.php?rest_route=%2Fwp%2Fv2%2Fcategories&post=48038"},{"taxonomy":"post_tag","embeddable":true,"href":"https:\/\/miradordeatarfe.es\/index.php?rest_route=%2Fwp%2Fv2%2Ftags&post=48038"}],"curies":[{"name":"wp","href":"https:\/\/api.w.org\/{rel}","templated":true}]}}