{"id":48056,"date":"2021-06-22T11:00:47","date_gmt":"2021-06-22T09:00:47","guid":{"rendered":"http:\/\/miradordeatarfe.es\/?p=48056"},"modified":"2021-06-22T13:46:17","modified_gmt":"2021-06-22T11:46:17","slug":"atarfe-informacion-municipal-15","status":"publish","type":"post","link":"https:\/\/miradordeatarfe.es\/?p=48056","title":{"rendered":"ATARFE: INFORMACI\u00d3N MUNICIPAL"},"content":{"rendered":"<h2>Horario de Verano de la Biblioteca Municipal<\/h2>\n<div class=\"post-meta\"><i class=\"fa fa-calendar\"><\/i> 17\/06\/2021<\/div>\n<p>Os compartimos el horario de verano de la Biblioteca Municipal:<\/p>\n<p>Del 21 de Junio al 15 de Septiembre, de Lunes a Viernes de 10:00 a 14:00 horas.<\/p>\n<p>La SALA DE ESTUDIO<\/p>\n<p>Del 21 de Junio al 15 de Septiembre, de Lunes a Viernes de 17:00 a 21:00 horas.<\/p>\n<p>AGOSTO *** CERRADO ***<\/p>\n<p><a href=\"https:\/\/i0.wp.com\/miradordeatarfe.es\/wp-content\/uploads\/2021\/06\/BIBLIOTECA.jpg?ssl=1\"><img data-recalc-dims=\"1\" loading=\"lazy\" decoding=\"async\" class=\"alignnone wp-image-48058 size-full\" src=\"https:\/\/i0.wp.com\/miradordeatarfe.es\/wp-content\/uploads\/2021\/06\/BIBLIOTECA.jpg?resize=600%2C863&#038;ssl=1\" alt=\"\" width=\"600\" height=\"863\" srcset=\"https:\/\/i0.wp.com\/miradordeatarfe.es\/wp-content\/uploads\/2021\/06\/BIBLIOTECA.jpg?w=600&amp;ssl=1 600w, https:\/\/i0.wp.com\/miradordeatarfe.es\/wp-content\/uploads\/2021\/06\/BIBLIOTECA.jpg?resize=209%2C300&amp;ssl=1 209w\" sizes=\"auto, (max-width: 600px) 100vw, 600px\" \/><\/a><\/p>\n<h2>Aprobados los Presupuestos Municipales 2021<\/h2>\n<div class=\"post-meta\">\u00a0Pedro Mart\u00ednez, Alcalde de Atarfe y Mar\u00eda Jos\u00e9 Maldonado, Concejala de Econom\u00eda y Hacienda, presentan los Presupuestos Municipales de Atarfe para el a\u00f1o 2021 que fueron aprobados en el Pleno celebrado en la tarde de ayer.<\/div>\n<div>\u00a0<\/div>\n<div><iframe loading=\"lazy\" src=\"\/\/www.youtube.com\/embed\/w3sUh6lB2-I\" width=\"560\" height=\"314\" allowfullscreen=\"allowfullscreen\"><\/iframe>h<\/div>\n<p>&nbsp;<\/p>\n<div class=\"post-block post-share\">\n<div class=\"addthis_toolbox addthis_default_style \">\n<h2>Visita del Subdelegado de Defensa en Granada<\/h2>\n<div class=\"post-meta\"><i class=\"fa fa-calendar\"><\/i> 18\/06\/2021<\/div>\n<p>Hemos recibido la visita de D. Federico E. Gonz\u00e1lez-Vico Santiago, Subdelegado de Defensa en Granada. En la reuni\u00f3n mantenida se ha abordado la posibilidad de colaboraci\u00f3n en futuros proyectos y as\u00ed mismo D. Federico E. Gonz\u00e1lez-Vico ha aprovechado la ocasi\u00f3n para agradecer al Ayuntamiento de Atarfe la colaboraci\u00f3n en la puesta en marcha de la Exposici\u00f3n \u00abCr\u00eda Caballar de las Fuerzas Armadas\u00bb realizada en nuestro Pueblo el mes pasado.<\/p>\n<p><img data-recalc-dims=\"1\" loading=\"lazy\" decoding=\"async\" src=\"https:\/\/i0.wp.com\/www.atarfe.es\/data\/CoreImages\/web-1481.jpg?resize=600%2C400\" alt=\"\" width=\"600\" height=\"400\" \/><\/p>\n<div class=\"post-block post-share\">\n<h3 class=\"heading-primary\">\u00a0<\/h3>\n<\/div>\n<\/div>\n<\/div>\n","protected":false},"excerpt":{"rendered":"<p>Horario de Verano de la Biblioteca Municipal 17\/06\/2021 Os compartimos el horario de verano de&#8230;<\/p>\n","protected":false},"author":1,"featured_media":48059,"comment_status":"closed","ping_status":"closed","sticky":false,"template":"","format":"standard","meta":{"_coblocks_attr":"","_coblocks_dimensions":"","_coblocks_responsive_height":"","_coblocks_accordion_ie_support":"","jetpack_post_was_ever_published":false,"_jetpack_newsletter_access":"","_jetpack_dont_email_post_to_subs":false,"_jetpack_newsletter_tier_id":0,"_jetpack_memberships_contains_paywalled_content":false,"_jetpack_memberships_contains_paid_content":false,"footnotes":"","jetpack_publicize_message":"","jetpack_publicize_feature_enabled":true,"jetpack_social_post_already_shared":false,"jetpack_social_options":{"image_generator_settings":{"template":"highway","default_image_id":0,"enabled":false},"version":2}},"categories":[2,6916,1161,44,15],"tags":[81,8180],"class_list":["post-48056","post","type-post","status-publish","format-standard","has-post-thumbnail","hentry","category-atarfe","category-ayuntamiento-de-atarfe","category-ciudadania","category-noticias-de-hoy","category-ultimas-noticias","tag-atarfe","tag-informacion-municipal"],"jetpack_publicize_connections":[],"jetpack_featured_media_url":"https:\/\/i0.wp.com\/miradordeatarfe.es\/wp-content\/uploads\/2021\/06\/Atarfe-trabajadoras-Ayuda-Domicilio-autonomos_1528357247_129300722_667x375.jpg?fit=667%2C375&ssl=1","jetpack_likes_enabled":true,"jetpack_sharing_enabled":true,"_links":{"self":[{"href":"https:\/\/miradordeatarfe.es\/index.php?rest_route=\/wp\/v2\/posts\/48056","targetHints":{"allow":["GET"]}}],"collection":[{"href":"https:\/\/miradordeatarfe.es\/index.php?rest_route=\/wp\/v2\/posts"}],"about":[{"href":"https:\/\/miradordeatarfe.es\/index.php?rest_route=\/wp\/v2\/types\/post"}],"author":[{"embeddable":true,"href":"https:\/\/miradordeatarfe.es\/index.php?rest_route=\/wp\/v2\/users\/1"}],"replies":[{"embeddable":true,"href":"https:\/\/miradordeatarfe.es\/index.php?rest_route=%2Fwp%2Fv2%2Fcomments&post=48056"}],"version-history":[{"count":3,"href":"https:\/\/miradordeatarfe.es\/index.php?rest_route=\/wp\/v2\/posts\/48056\/revisions"}],"predecessor-version":[{"id":48116,"href":"https:\/\/miradordeatarfe.es\/index.php?rest_route=\/wp\/v2\/posts\/48056\/revisions\/48116"}],"wp:featuredmedia":[{"embeddable":true,"href":"https:\/\/miradordeatarfe.es\/index.php?rest_route=\/wp\/v2\/media\/48059"}],"wp:attachment":[{"href":"https:\/\/miradordeatarfe.es\/index.php?rest_route=%2Fwp%2Fv2%2Fmedia&parent=48056"}],"wp:term":[{"taxonomy":"category","embeddable":true,"href":"https:\/\/miradordeatarfe.es\/index.php?rest_route=%2Fwp%2Fv2%2Fcategories&post=48056"},{"taxonomy":"post_tag","embeddable":true,"href":"https:\/\/miradordeatarfe.es\/index.php?rest_route=%2Fwp%2Fv2%2Ftags&post=48056"}],"curies":[{"name":"wp","href":"https:\/\/api.w.org\/{rel}","templated":true}]}}