{"id":48061,"date":"2021-06-24T11:31:22","date_gmt":"2021-06-24T09:31:22","guid":{"rendered":"http:\/\/miradordeatarfe.es\/?p=48061"},"modified":"2021-06-22T13:03:45","modified_gmt":"2021-06-22T11:03:45","slug":"el-ayuntamiento-de-atarfe-ofrece-ayudas-sociales-mediante-la-contratacion-de-personas-en-situacion-de-vulnerabilidad","status":"publish","type":"post","link":"https:\/\/miradordeatarfe.es\/?p=48061","title":{"rendered":"El Ayuntamiento de Atarfe ofrece Ayudas Sociales mediante la contrataci\u00f3n de personas en situaci\u00f3n de vulnerabilidad"},"content":{"rendered":"<h3>Atarfe es el municipio que m\u00e1s aporta al Programa de Urgencia Social (PUS) para contratar a personas que se encuentran en situaci\u00f3n de vulnerabilidad.<\/h3>\n<p>Actualmente el Ayuntamiento de Atarfe destina 120.000\u20ac de fondos propios, incrementando esta cantidad todo lo necesario hasta dar respuesta a todos los Atarfe\u00f1os y Atarfe\u00f1as que se encuentren en situaci\u00f3n de vulnerabilidad. As\u00ed mismo, la Diputaci\u00f3n de Granada a trav\u00e9s del \u00c1rea de Bienestar Social invertir\u00e1 80.000\u20ac en Atarfe para el desarrollo del Programa de Urgencia Social Extraordinario.<\/p>\n<p>A este respecto, hemos recibido la visita de la Diputada de Bienestar Social, Olvido De la Rosa, que ha mantenido una reuni\u00f3n de coordinaci\u00f3n y seguimiento con Pedro Mart\u00ednez, Alcalde de Atarfe, Trinidad Rodr\u00edguez, Concejala de Bienestar Social y con los Equipos T\u00e9cnicos de \u00c1rea.<\/p>\n<p>Cabe destacar que durante el a\u00f1o 2020, la Diputaci\u00f3n de Granada ha invertido 1.984.528,33\u20ac en Atarfe para el desarrollo de los distintos Programas de Concertaci\u00f3n y los Extraordinarios de apoyo econ\u00f3mico para dar respuesta a situaciones de urgente necesidad social, as\u00ed como la contrataci\u00f3n de t\u00e9cnic@s de inclusi\u00f3n social e iniciativas de atenci\u00f3n y participaci\u00f3n infantil.<\/p>\n<p>Os compartimos<strong> los requisitos para ser beneficiari@<\/strong> del Programa de Urgencia Social:<\/p>\n<ul>\n<li><span dir=\"ltr\">Empadronados en el municipio con anterioridad a la solicitud<\/span><span dir=\"ltr\">Situaci\u00f3n de desempleo de la persona solicitante, y en su caso, de otras personas <\/span><span dir=\"ltr\">mayores de 18 a\u00f1os del n\u00facleo de <\/span><span dir=\"ltr\">convivencia.<\/span><\/li>\n<li><span dir=\"ltr\">No disponer de ingresos en el momento de la solicitud, y si se disponen de los <\/span><span dir=\"ltr\">mismos, \u00e9stos no ser\u00e1n superiores a (en el mes de la solicitud): (<\/span><span dir=\"ltr\">IPREM 2021 <\/span><span dir=\"ltr\">564,90<\/span><span dir=\"ltr\">\u20ac<\/span><span dir=\"ltr\">)<\/span><\/li>\n<\/ul>\n<p><span dir=\"ltr\">\u00a0\u00a0\u00a0\u00a0\u00a0\u00a0\u00a0\u00a0\u00a0\u00a0\u00a0\u00a0\u00a0\u00a0\u00a0\u00a0\u00a0\u00a0\u00a0\u00a0\u00a0\u00a0\u00a0\u00a0\u00a0\u00a0\u00a0\u00a0\u00a0\u00a0 &#8211;<\/span><span dir=\"ltr\">1 miembro: 564,90<\/span><span dir=\"ltr\">\u20ac <\/span><\/p>\n<p><span dir=\"ltr\">\u00a0\u00a0\u00a0\u00a0\u00a0\u00a0\u00a0\u00a0\u00a0\u00a0\u00a0\u00a0\u00a0\u00a0\u00a0\u00a0\u00a0\u00a0\u00a0\u00a0\u00a0\u00a0\u00a0\u00a0\u00a0\u00a0\u00a0\u00a0\u00a0 &#8211;<\/span><span dir=\"ltr\">2 miembros: 847,35<\/span><span dir=\"ltr\">\u20ac<\/span><\/p>\n<p><span dir=\"ltr\">\u00a0\u00a0\u00a0\u00a0\u00a0\u00a0\u00a0\u00a0\u00a0\u00a0\u00a0\u00a0\u00a0\u00a0\u00a0\u00a0\u00a0\u00a0\u00a0\u00a0\u00a0\u00a0\u00a0\u00a0\u00a0\u00a0\u00a0\u00a0\u00a0 &#8211;<\/span><span dir=\"ltr\">3 miembros: 1129,80<\/span><span dir=\"ltr\">\u20ac <\/span><\/p>\n<p><span dir=\"ltr\">\u00a0\u00a0\u00a0\u00a0\u00a0\u00a0\u00a0\u00a0\u00a0\u00a0\u00a0\u00a0\u00a0\u00a0\u00a0\u00a0\u00a0\u00a0\u00a0\u00a0\u00a0\u00a0\u00a0\u00a0\u00a0\u00a0\u00a0\u00a0\u00a0 &#8211;<\/span><span dir=\"ltr\">4 miembros o <\/span><span dir=\"ltr\">m\u00e1s: 1412,25<\/span><span dir=\"ltr\">\u20ac<\/span><\/p>\n<p>&nbsp;<\/p>\n<p><strong><span dir=\"ltr\">Perfil prioritario:<\/span><\/strong><\/p>\n<p><span dir=\"ltr\">&#8211;<\/span><span dir=\"ltr\">Hogares en umbral de pobreza; con prioridad a personas y hogares sin <\/span><span dir=\"ltr\">ocupados, sin pensionistas contributivos, ni con prestaciones contributivas por <\/span><span dir=\"ltr\">desempleo<\/span><\/p>\n<p><span dir=\"ltr\">&#8211;<\/span><span dir=\"ltr\">Hogares con personas desempleadas, con prioridad, <\/span><span dir=\"ltr\">hogares con personas <\/span><span dir=\"ltr\">desempleadas con baja empleabilidad.<\/span><\/p>\n<p><span dir=\"ltr\">&#8211;<\/span><span dir=\"ltr\">Hogares que no pueden hacer frente a gastos derivados de la vivienda y\/o de la <\/span><span dir=\"ltr\">vida cotidiana (alquiler, hipoteca, luz, agua, acceso a Internet, etc)<\/span><\/p>\n<p><strong><span dir=\"ltr\">Ingresos computables:<\/span><\/strong><\/p>\n<p><span dir=\"ltr\">Rendimientos procedentes del trabajo, sea por cuenta propia o ajena, de <\/span><span dir=\"ltr\">pensiones, prestaciones y subsidios, incluyendo (Ingreso M\u00ednimo Vital, RMISA, los <\/span><span dir=\"ltr\">derivados de la Ley de Dependencia), y el patrimonio.<\/span><\/p>\n<p><strong><span dir=\"ltr\">Gastos computables:<\/span><\/strong><\/p>\n<p><span dir=\"ltr\">Se tendr\u00e1n en cuenta (a res<\/span><span dir=\"ltr\">tar de los ingresos computables) los gastos de alquiler <\/span><span dir=\"ltr\">o de hipoteca de la vivienda habitual (acreditados), hasta un m\u00e1ximo de 300 <\/span><span dir=\"ltr\">euros\/mes.<\/span><span dir=\"ltr\">&#8211;<\/span><span dir=\"ltr\">Hipoteca<\/span><span dir=\"ltr\">&#8211;<\/span><span dir=\"ltr\">Alquiler<\/span><\/p>\n<p><span dir=\"ltr\">No haber sido beneficiaria\/o de esta ayuda e<em>n los \u00faltimos 12 meses desde la fecha <\/em><\/span><em><span dir=\"ltr\">de la <\/span><span dir=\"ltr\">solicitud de la misma.<\/span><\/em><span dir=\"ltr\">Todas las solicitudes junto con la documentaci\u00f3n requerida ser\u00e1n valorad<\/span><span dir=\"ltr\">a<\/span><span dir=\"ltr\">s por una Comisi\u00f3n T\u00e9cnica que ser\u00e1 la <\/span><span dir=\"ltr\">encargada de seleccionar a las personas beneficiarias del programa seg\u00fan requisitos y situaciones prioritaria<\/span><span dir=\"ltr\">s a <\/span><span dir=\"ltr\">atender.<\/span><\/p>\n<p>&nbsp;<\/p>\n<p><img data-recalc-dims=\"1\" loading=\"lazy\" decoding=\"async\" src=\"https:\/\/i0.wp.com\/www.atarfe.es\/data\/CoreImages\/webdsc-0722.jpg?resize=600%2C400\" alt=\"\" width=\"600\" height=\"400\" \/><\/p>\n<div class=\"post-block post-share\">\n<h3 class=\"heading-primary\">\u00a0<\/h3>\n<\/div>\n","protected":false},"excerpt":{"rendered":"<p>Atarfe es el municipio que m\u00e1s aporta al Programa de Urgencia Social (PUS) para contratar&#8230;<\/p>\n","protected":false},"author":1,"featured_media":48062,"comment_status":"closed","ping_status":"closed","sticky":false,"template":"","format":"standard","meta":{"_coblocks_attr":"","_coblocks_dimensions":"","_coblocks_responsive_height":"","_coblocks_accordion_ie_support":"","jetpack_post_was_ever_published":false,"_jetpack_newsletter_access":"","_jetpack_dont_email_post_to_subs":false,"_jetpack_newsletter_tier_id":0,"_jetpack_memberships_contains_paywalled_content":false,"_jetpack_memberships_contains_paid_content":false,"footnotes":"","jetpack_publicize_message":"","jetpack_publicize_feature_enabled":true,"jetpack_social_post_already_shared":false,"jetpack_social_options":{"image_generator_settings":{"template":"highway","default_image_id":0,"enabled":false},"version":2}},"categories":[2,6916,1161,44,7671,15],"tags":[8431,8432],"class_list":["post-48061","post","type-post","status-publish","format-standard","has-post-thumbnail","hentry","category-atarfe","category-ayuntamiento-de-atarfe","category-ciudadania","category-noticias-de-hoy","category-politica","category-ultimas-noticias","tag-vciudadania","tag-vulnerabilidad"],"jetpack_publicize_connections":[],"jetpack_featured_media_url":"https:\/\/i0.wp.com\/miradordeatarfe.es\/wp-content\/uploads\/2021\/06\/whatsapp-image-2021-06-09-at-16-58-04-3.jpeg?fit=600%2C400&ssl=1","jetpack_likes_enabled":true,"jetpack_sharing_enabled":true,"_links":{"self":[{"href":"https:\/\/miradordeatarfe.es\/index.php?rest_route=\/wp\/v2\/posts\/48061","targetHints":{"allow":["GET"]}}],"collection":[{"href":"https:\/\/miradordeatarfe.es\/index.php?rest_route=\/wp\/v2\/posts"}],"about":[{"href":"https:\/\/miradordeatarfe.es\/index.php?rest_route=\/wp\/v2\/types\/post"}],"author":[{"embeddable":true,"href":"https:\/\/miradordeatarfe.es\/index.php?rest_route=\/wp\/v2\/users\/1"}],"replies":[{"embeddable":true,"href":"https:\/\/miradordeatarfe.es\/index.php?rest_route=%2Fwp%2Fv2%2Fcomments&post=48061"}],"version-history":[{"count":1,"href":"https:\/\/miradordeatarfe.es\/index.php?rest_route=\/wp\/v2\/posts\/48061\/revisions"}],"predecessor-version":[{"id":48063,"href":"https:\/\/miradordeatarfe.es\/index.php?rest_route=\/wp\/v2\/posts\/48061\/revisions\/48063"}],"wp:featuredmedia":[{"embeddable":true,"href":"https:\/\/miradordeatarfe.es\/index.php?rest_route=\/wp\/v2\/media\/48062"}],"wp:attachment":[{"href":"https:\/\/miradordeatarfe.es\/index.php?rest_route=%2Fwp%2Fv2%2Fmedia&parent=48061"}],"wp:term":[{"taxonomy":"category","embeddable":true,"href":"https:\/\/miradordeatarfe.es\/index.php?rest_route=%2Fwp%2Fv2%2Fcategories&post=48061"},{"taxonomy":"post_tag","embeddable":true,"href":"https:\/\/miradordeatarfe.es\/index.php?rest_route=%2Fwp%2Fv2%2Ftags&post=48061"}],"curies":[{"name":"wp","href":"https:\/\/api.w.org\/{rel}","templated":true}]}}