{"id":48074,"date":"2021-06-22T08:43:20","date_gmt":"2021-06-22T06:43:20","guid":{"rendered":"http:\/\/miradordeatarfe.es\/?p=48074"},"modified":"2021-06-21T18:47:20","modified_gmt":"2021-06-21T16:47:20","slug":"el-gobierno-rebajara-este-jueves-el-iva-de-la-luz-del-21-al-10","status":"publish","type":"post","link":"https:\/\/miradordeatarfe.es\/?p=48074","title":{"rendered":"El Gobierno rebajar\u00e1 este jueves el IVA de la luz del 21 al 10%"},"content":{"rendered":"<header>\n<h2>La medida se va a aprobar el jueves en el Consejo de Ministros, seg\u00fan ha confirmado la Cadena SER en fuentes del Ejecutivo y este mismo lunes ha recibido luz verde en la Comisi\u00f3n de Subsecretarios<\/h2>\n<\/header>\n<div class=\"cnt-izq\">\n<div class=\"cnt-body\">\n<div id=\"cuerpo_noticia_r\" class=\"cuerpo\">\n<p>El Gobierno de Espa\u00f1a ha decidido rebajar el IVA que pagan los consumidores por la luz en plena subida de los precios tras el cambio de la factura.\u00a0La medida se va a aprobar el jueves en el Consejo de Ministros extraordinario, seg\u00fan ha confirmado la Cadena SER en fuentes del Ejecutivo y este mismo lunes ha recibido luz verde en la Comisi\u00f3n de Subsecretarios.<\/p>\n<p>La rebaja del IVA al 10% va a afectar no s\u00f3lo a usuarios sino tambi\u00e9n a PYMES y los usuarios ver\u00e1n como ese impuesto baja del 21 al 10%.<\/p>\n<p>Esta rebaja, seg\u00fan ha conocido la SER, ser\u00e1 permanente para los consumidores dom\u00e9sticos, que tengan una potencia contratada de hasta 6 kilovatios. Tambi\u00e9n afectar\u00e1 a las PYMES con una potencia contratada inferior a los 15 kilovatios.<\/p>\n<p>La decisi\u00f3n es fruto de un intenso debate interno. Es propuesta de Unidas Podemos pero ha sido aceptada por el PSOE. La medida colocar\u00e1 el IVA por debajo de lo que tienen pa\u00edses como Portugal o Irlanda y por debajo del tipo medio de la Uni\u00f3n Europea.<\/p>\n<p><a href=\"https:\/\/i0.wp.com\/miradordeatarfe.es\/wp-content\/uploads\/2021\/06\/E4aw_qEX0A8bp5G.jpg?ssl=1\"><img data-recalc-dims=\"1\" loading=\"lazy\" decoding=\"async\" class=\"alignnone wp-image-48075 size-full\" src=\"https:\/\/i0.wp.com\/miradordeatarfe.es\/wp-content\/uploads\/2021\/06\/E4aw_qEX0A8bp5G.jpg?resize=640%2C530&#038;ssl=1\" alt=\"\" width=\"640\" height=\"530\" srcset=\"https:\/\/i0.wp.com\/miradordeatarfe.es\/wp-content\/uploads\/2021\/06\/E4aw_qEX0A8bp5G.jpg?w=1617&amp;ssl=1 1617w, https:\/\/i0.wp.com\/miradordeatarfe.es\/wp-content\/uploads\/2021\/06\/E4aw_qEX0A8bp5G.jpg?resize=300%2C248&amp;ssl=1 300w, https:\/\/i0.wp.com\/miradordeatarfe.es\/wp-content\/uploads\/2021\/06\/E4aw_qEX0A8bp5G.jpg?resize=1024%2C847&amp;ssl=1 1024w, https:\/\/i0.wp.com\/miradordeatarfe.es\/wp-content\/uploads\/2021\/06\/E4aw_qEX0A8bp5G.jpg?resize=768%2C635&amp;ssl=1 768w, https:\/\/i0.wp.com\/miradordeatarfe.es\/wp-content\/uploads\/2021\/06\/E4aw_qEX0A8bp5G.jpg?resize=1536%2C1271&amp;ssl=1 1536w, https:\/\/i0.wp.com\/miradordeatarfe.es\/wp-content\/uploads\/2021\/06\/E4aw_qEX0A8bp5G.jpg?resize=1320%2C1092&amp;ssl=1 1320w\" sizes=\"auto, (max-width: 640px) 100vw, 640px\" \/><\/a><\/p>\n<p>FOTO: Un hombre toca una llave de la luz \/ Jes\u00fas Hell\u00edn &#8211; Europa Press &#8211; Archivo (EUROPA PRESS)<\/p>\n<p>https:\/\/cadenaser.com\/ser\/2021\/06\/21\/economia\/1624290758_522599.html<\/p>\n<\/div>\n<\/div>\n<\/div>\n","protected":false},"excerpt":{"rendered":"<p>La medida se va a aprobar el jueves en el Consejo de Ministros, seg\u00fan ha&#8230;<\/p>\n","protected":false},"author":1,"featured_media":48076,"comment_status":"closed","ping_status":"closed","sticky":false,"template":"","format":"standard","meta":{"_coblocks_attr":"","_coblocks_dimensions":"","_coblocks_responsive_height":"","_coblocks_accordion_ie_support":"","jetpack_post_was_ever_published":false,"_jetpack_newsletter_access":"","_jetpack_dont_email_post_to_subs":false,"_jetpack_newsletter_tier_id":0,"_jetpack_memberships_contains_paywalled_content":false,"_jetpack_memberships_contains_paid_content":false,"footnotes":"","jetpack_publicize_message":"","jetpack_publicize_feature_enabled":true,"jetpack_social_post_already_shared":false,"jetpack_social_options":{"image_generator_settings":{"template":"highway","default_image_id":0,"enabled":false},"version":2}},"categories":[1161,44,7671,6937,15,10],"tags":[116,91,587],"class_list":["post-48074","post","type-post","status-publish","format-standard","has-post-thumbnail","hentry","category-ciudadania","category-noticias-de-hoy","category-politica","category-sociedad","category-ultimas-noticias","category-salud","tag-electricidad","tag-iva","tag-luz"],"jetpack_publicize_connections":[],"jetpack_featured_media_url":"https:\/\/i0.wp.com\/miradordeatarfe.es\/wp-content\/uploads\/2021\/06\/1624290758_522599_1624290811_noticia_normal_recorte1.jpg?fit=1300%2C867&ssl=1","jetpack_likes_enabled":true,"jetpack_sharing_enabled":true,"_links":{"self":[{"href":"https:\/\/miradordeatarfe.es\/index.php?rest_route=\/wp\/v2\/posts\/48074","targetHints":{"allow":["GET"]}}],"collection":[{"href":"https:\/\/miradordeatarfe.es\/index.php?rest_route=\/wp\/v2\/posts"}],"about":[{"href":"https:\/\/miradordeatarfe.es\/index.php?rest_route=\/wp\/v2\/types\/post"}],"author":[{"embeddable":true,"href":"https:\/\/miradordeatarfe.es\/index.php?rest_route=\/wp\/v2\/users\/1"}],"replies":[{"embeddable":true,"href":"https:\/\/miradordeatarfe.es\/index.php?rest_route=%2Fwp%2Fv2%2Fcomments&post=48074"}],"version-history":[{"count":1,"href":"https:\/\/miradordeatarfe.es\/index.php?rest_route=\/wp\/v2\/posts\/48074\/revisions"}],"predecessor-version":[{"id":48077,"href":"https:\/\/miradordeatarfe.es\/index.php?rest_route=\/wp\/v2\/posts\/48074\/revisions\/48077"}],"wp:featuredmedia":[{"embeddable":true,"href":"https:\/\/miradordeatarfe.es\/index.php?rest_route=\/wp\/v2\/media\/48076"}],"wp:attachment":[{"href":"https:\/\/miradordeatarfe.es\/index.php?rest_route=%2Fwp%2Fv2%2Fmedia&parent=48074"}],"wp:term":[{"taxonomy":"category","embeddable":true,"href":"https:\/\/miradordeatarfe.es\/index.php?rest_route=%2Fwp%2Fv2%2Fcategories&post=48074"},{"taxonomy":"post_tag","embeddable":true,"href":"https:\/\/miradordeatarfe.es\/index.php?rest_route=%2Fwp%2Fv2%2Ftags&post=48074"}],"curies":[{"name":"wp","href":"https:\/\/api.w.org\/{rel}","templated":true}]}}