{"id":48078,"date":"2021-06-24T10:53:10","date_gmt":"2021-06-24T08:53:10","guid":{"rendered":"http:\/\/miradordeatarfe.es\/?p=48078"},"modified":"2021-06-21T18:56:19","modified_gmt":"2021-06-21T16:56:19","slug":"miguel-rios-de-rockero-a-icono-cultural","status":"publish","type":"post","link":"https:\/\/miradordeatarfe.es\/?p=48078","title":{"rendered":"Miguel R\u00edos, de rockero a icono cultural"},"content":{"rendered":"<h3 style=\"text-align: justify;\">El mercado de la m\u00fasica popular en este pa\u00eds hubiera sido otro muy diferente, y tambi\u00e9n m\u00e1s pacato, si no hubiera existido un Miguel R\u00edos. Acaba de cumplir 77 a\u00f1os. Ese d\u00eda, el cantante convoc\u00f3 a unos cuantos amigos para celebrarlo y cantar las canciones de su nuevo disco, <em>Un largo tiempo<\/em><\/h3>\n<div id=\"txt\" class=\"tam4\">\n<p style=\"text-align: justify;\">Si en este pa\u00eds la cultura en general tuviera otra condici\u00f3n, si este pa\u00eds no fuera tan cainita ni envidioso, se aceptar\u00eda sin cortapisas la premisa de la que parto. Cimentar una carrera profesional con \u00e9xito, saber mantenerse durante tanto tiempo y no cagarla, consolidar cada paso, con aciertos y errores, avances y retrocesos, \u00e9xitos y descalabros, es algo muy dif\u00edcil, y requiere no solo una gran inteligencia art\u00edstica, tambi\u00e9n una inteligencia social, algo de lo que los artistas muchas veces carecen o tienen mermada. No es el caso que nos ocupa.<\/p>\n<p style=\"text-align: justify;\">Me reconozco admiradora de <strong>Miguel R\u00edos<\/strong>. Que nadie se llame a enga\u00f1o con lo que aqu\u00ed voy a decir. Le conoc\u00ed hace mucho, mucho tiempo, cuando yo era muy joven y rondaba por el mundo de la m\u00fasica. Todos y todas, de una generaci\u00f3n determinada, crecimos con sus canciones y sentimos con \u00e9l, sobre todo cuando pas\u00f3 su etapa de Mike R\u00edos, una bocanada de aire fresco, una conexi\u00f3n el\u00e9ctrica que te rizaba el pelo: aquello era <em>rock and roll<\/em>, energ\u00eda y sublevaci\u00f3n. Pod\u00edamos escuchar cantautores, baladas pop y otras modas que surgieron despu\u00e9s, pero lo primero en la m\u00fasica popular fue el rock. Y aqu\u00ed tuvimos un buque insignia, que abri\u00f3 camino a los dem\u00e1s.<\/p>\n<div id=\"sc_intxt_container\" style=\"text-align: justify;\">\n<div>\u00a0<\/div>\n<\/div>\n<p style=\"text-align: justify;\">Hay muchas cosas que este pa\u00eds y en concreto el mundo de la m\u00fasica le debe a Miguel R\u00edos:<\/p>\n<ul style=\"text-align: justify;\">\n<li>\n<p>A \u00e9l se debe iniciar una carrera de rock en castellano de la que se aprovecharon los que vinieron despu\u00e9s. Hasta entonces solo nos llegaba con cuentagotas el rock anglosaj\u00f3n.<\/p>\n<\/li>\n<li>\n<p>Por \u00e9l conocimos a los rockeros latinoamericanos, que cantaban tambi\u00e9n en espa\u00f1ol y que, gracias al <em>Rock de una noche de verano<\/em>, pudimos ver en directo. Aquella gira fue un embri\u00f3n de los actuales festivales multitudinarios que recorren la geograf\u00eda espa\u00f1ola en verano, al menos antes de la pandemia.<\/p>\n<\/li>\n<li>\n<p>Pero tambi\u00e9n se le debe el abrir camino arrancando espacios para la m\u00fasica popular. El Circo Price en su primer emplazamiento; el uso de campos de f\u00fatbol y las plazas de toros para conciertos, incluso la utilizaci\u00f3n de escenarios redondos, como a\u00f1os despu\u00e9s har\u00eda otro insigne del rock, esta vez sinf\u00f3nico, <strong>Peter Gabriel<\/strong>. Tambi\u00e9n fue el primero, en un pa\u00eds poco acostumbrado a conciertos y casi todos subvencionados, en realizar giras como empresa, asumiendo riesgos \u00e9l mismo. Y, por supuesto, fue Miguel R\u00edos quien inici\u00f3 la costumbre de los patrocinadores para apoyar la financiaci\u00f3n de las giras. Ahora todo eso parece normal, pero saltar de los patios de colegios a espacios multitudinarios cost\u00f3 mucho. Conseguir que firmas comerciales entendieran los beneficios de financiar giras fue un triunfo y abrir camino no siempre es algo reconocido.<\/p>\n<\/li>\n<\/ul>\n<p style=\"text-align: justify;\">Cuando una serie de cuestiones en la m\u00fasica popular se dan por hecho, o parece que han existido siempre como lo m\u00e1s natural del mundo, hay que saber mirar atr\u00e1s y ver c\u00f3mo era este pa\u00eds bajo la dictadura y el poco entusiasmo que la cultura siempre despert\u00f3, salvo la que era af\u00edn al r\u00e9gimen. En definitiva, el mercado del rock y de la m\u00fasica popular en este pa\u00eds hubiera sido otro muy diferente, y tambi\u00e9n m\u00e1s pacato, si no hubiera existido un Miguel R\u00edos. Y tampoco los aficionados a la m\u00fasica, los que \u00edbamos a conciertos, hubi\u00e9ramos tenido la oportunidad que nos brind\u00f3 al ver conciertos con una dignidad y calidad a la que no est\u00e1bamos acostumbrados. Siempre he mantenido que la buena producci\u00f3n es la que no se nota. Lo s\u00e9 por experiencia. Y tambi\u00e9n que nuestra memoria es fr\u00e1gil y no siempre se reconoce el m\u00e9rito cuando alguien ha abierto camino a otros que han venido despu\u00e9s.<\/p>\n<p style=\"text-align: justify;\">Un chaval que emprendi\u00f3 un viaje de Granada a la capital, con una maleta y unos pocos duros, el menor y el \u00fanico chico de una familia, que creci\u00f3 rodeado de hermanas y que, como \u00e9l mismo dice, pudo dedicarse a cantar porque su padre muri\u00f3 antes de tiempo, ha conseguido no solo llenar estadios, sino ser investido doctor <em>honoris causa<\/em> por la Universidad de Granada y la Universidad de Elche, ser hijo predilecto de Andaluc\u00eda y tener un reconocimiento nacional e internacional. Hace unos a\u00f1os decidi\u00f3 retirarse y abandonar las grandes giras, porque le asustaba envejecer subido a un escenario. Pero los escenarios y los aplausos tienen tal magnetismo que, cuando te enganchas a ellos, dif\u00edcil es desprenderte.<\/p>\n<div class=\"ck_footer\" style=\"text-align: justify;\"><img data-recalc-dims=\"1\" decoding=\"async\" src=\"https:\/\/i0.wp.com\/d3cra5ec8gdi8w.cloudfront.net\/uploads\/imagenes\/bajacalidad\/2021\/06\/17\/_europapress3764681miguelrioscumple77anospresentandonuevodiscolargotiempojunio2021_28fa9269.jpg?w=640&#038;ssl=1\" alt=\"Miguel R\u00edos celebra su 77 cumplea\u00f1os y la publicaci\u00f3n de su disco Un largo tiempo con un concierto el 7 de junio de 2021 en la sala madrile\u00f1a Galileo Galilei.\" longdesc=\"Miguel R\u00edos celebra su 77 cumplea\u00f1os y la publicaci\u00f3n de su disco Un largo tiempo con un concierto el 7 de junio de 2021 en la sala madrile\u00f1a Galileo Galilei.\" \/><\/p>\n<p>Miguel R\u00edos celebra su 77 cumplea\u00f1os y la publicaci\u00f3n de su disco Un largo tiempo con un concierto el 7 de junio de 2021 en la sala madrile\u00f1a Galileo Galilei. \/ EP<\/p>\n<\/div>\n<p style=\"text-align: justify;\">Miguel R\u00edos acaba de cumplir 77 a\u00f1os. Un bonito capic\u00faa al que se le a\u00f1ade la fecha de su cumplea\u00f1os, el 7 de junio. Ese d\u00eda, el cantante convoc\u00f3 a unos cuantos amigos para celebrarlo y cantar las canciones de su nuevo disco, <em>Un largo tiempo<\/em>. Un disco madurado y compuesto antes y durante la pandemia, que recoge en distintas canciones <em>un largo tiempo <\/em>de su vida art\u00edstica. Canciones muy pensadas, que ha ido dando a conocer poco a poco. Un trabajo lento que confirma la teor\u00eda de que, cuando no hay prisas, se va lejos. Es uno de los discos m\u00e1s autobiogr\u00e1ficos del cantante. Ese d\u00eda desbroz\u00f3 el disco entero acompa\u00f1ado del Black Betty Tr\u00edo (en realidad un cuarteto de m\u00fasicos excelentes, con arreglos acordes a un Miguel R\u00edos adaptado a su edad, con canciones de medio tiempo y predominio de baladas, con sonido ac\u00fastico basado en piano de cola, viol\u00edn y guitarras). Y sigue teniendo una voz privilegiada. Solo introdujo tres de sus canciones m\u00e1s conocidas: <em>Bienvenidos<\/em><i>, <\/i><em>Santa Luc\u00eda<\/em><i> <\/i>y<i> <\/i><em>El r\u00edo<\/em>, acopladas por la batuta musical de <strong>Jos\u00e9 Nortes<\/strong>.<\/p>\n<p style=\"text-align: justify;\">El concierto, anunciado como <em>show case<\/em>\u00a0(ay, el ingl\u00e9s), se retransmit\u00eda en <em>streaming<\/em><i> <\/i>(de nuevo, ay) a nivel internacional. El dinero recaudado ha ido para Mensajeros por la paz, la organizaci\u00f3n del <strong>Padre \u00c1ngel<\/strong>, y para el fondo social de la A.I.E., la sociedad de gesti\u00f3n de los m\u00fasicos, uno de los sectores m\u00e1s castigados con esto de la pandemia, aunque no den tanto la tabarra como la hosteler\u00eda y las terrazas.<\/p>\n<p style=\"text-align: justify;\">Cu\u00e1ntas veces he dicho sobre un artista que, si hubiera nacido en otro pa\u00eds, en Francia o en Inglaterra, estar\u00eda considerado un semidios, un mito nacional o un icono cultural. Pues bien, lo vuelvo a decir, una vez m\u00e1s, sobre Miguel R\u00edos. Gracias, por tanto.<\/p>\n<div class=\"con brr marg-b-f1\">\n<p class=\"firm flo-l\" style=\"text-align: justify;\"><a title=\"Carmen Peire\" href=\"https:\/\/www.infolibre.es\/tags\/autores\/carmen_peire.html\" rel=\"author\">armen Peire<\/a><\/p>\n<div class=\"cnt-rel brr con\" style=\"text-align: justify;\"><a id=\"mail_author\" class=\"enl-mail\" href=\"mailto:contacta@infolibre.es\">contacta@infolibre.es<\/a> <a id=\"twitter_author\" class=\"twitter-button\" href=\"https:\/\/twitter.com\/_infoLibre\" data-show-count=\"false\" data-lang=\"es\">@_infoLibre<\/a><\/div>\n<div>https:\/\/www.infolibre.es\/noticias\/los_diablos_azules\/2021\/06\/18\/miguel_rios_rockero_icono_cultural_121814_1821.html<\/div>\n<div>\u00a0<\/div>\n<\/div>\n<\/div>\n","protected":false},"excerpt":{"rendered":"<p>El mercado de la m\u00fasica popular en este pa\u00eds hubiera sido otro muy diferente, y&#8230;<\/p>\n","protected":false},"author":1,"featured_media":48079,"comment_status":"closed","ping_status":"closed","sticky":false,"template":"","format":"standard","meta":{"_coblocks_attr":"","_coblocks_dimensions":"","_coblocks_responsive_height":"","_coblocks_accordion_ie_support":"","jetpack_post_was_ever_published":false,"_jetpack_newsletter_access":"","_jetpack_dont_email_post_to_subs":false,"_jetpack_newsletter_tier_id":0,"_jetpack_memberships_contains_paywalled_content":false,"_jetpack_memberships_contains_paid_content":false,"footnotes":"","jetpack_publicize_message":"","jetpack_publicize_feature_enabled":true,"jetpack_social_post_already_shared":false,"jetpack_social_options":{"image_generator_settings":{"template":"highway","default_image_id":0,"enabled":false},"version":2}},"categories":[1161,44,6937,15],"tags":[2531],"class_list":["post-48078","post","type-post","status-publish","format-standard","has-post-thumbnail","hentry","category-ciudadania","category-noticias-de-hoy","category-sociedad","category-ultimas-noticias","tag-miguel-rios"],"jetpack_publicize_connections":[],"jetpack_featured_media_url":"https:\/\/i0.wp.com\/miradordeatarfe.es\/wp-content\/uploads\/2021\/06\/europapress3764695miguelrioscumple77anospresentandonuevodiscolargotiempojunio2021_dc7ec108.jpg?fit=629%2C360&ssl=1","jetpack_likes_enabled":true,"jetpack_sharing_enabled":true,"_links":{"self":[{"href":"https:\/\/miradordeatarfe.es\/index.php?rest_route=\/wp\/v2\/posts\/48078","targetHints":{"allow":["GET"]}}],"collection":[{"href":"https:\/\/miradordeatarfe.es\/index.php?rest_route=\/wp\/v2\/posts"}],"about":[{"href":"https:\/\/miradordeatarfe.es\/index.php?rest_route=\/wp\/v2\/types\/post"}],"author":[{"embeddable":true,"href":"https:\/\/miradordeatarfe.es\/index.php?rest_route=\/wp\/v2\/users\/1"}],"replies":[{"embeddable":true,"href":"https:\/\/miradordeatarfe.es\/index.php?rest_route=%2Fwp%2Fv2%2Fcomments&post=48078"}],"version-history":[{"count":1,"href":"https:\/\/miradordeatarfe.es\/index.php?rest_route=\/wp\/v2\/posts\/48078\/revisions"}],"predecessor-version":[{"id":48080,"href":"https:\/\/miradordeatarfe.es\/index.php?rest_route=\/wp\/v2\/posts\/48078\/revisions\/48080"}],"wp:featuredmedia":[{"embeddable":true,"href":"https:\/\/miradordeatarfe.es\/index.php?rest_route=\/wp\/v2\/media\/48079"}],"wp:attachment":[{"href":"https:\/\/miradordeatarfe.es\/index.php?rest_route=%2Fwp%2Fv2%2Fmedia&parent=48078"}],"wp:term":[{"taxonomy":"category","embeddable":true,"href":"https:\/\/miradordeatarfe.es\/index.php?rest_route=%2Fwp%2Fv2%2Fcategories&post=48078"},{"taxonomy":"post_tag","embeddable":true,"href":"https:\/\/miradordeatarfe.es\/index.php?rest_route=%2Fwp%2Fv2%2Ftags&post=48078"}],"curies":[{"name":"wp","href":"https:\/\/api.w.org\/{rel}","templated":true}]}}