{"id":48081,"date":"2021-06-23T11:38:31","date_gmt":"2021-06-23T09:38:31","guid":{"rendered":"http:\/\/miradordeatarfe.es\/?p=48081"},"modified":"2021-06-22T12:47:00","modified_gmt":"2021-06-22T10:47:00","slug":"el-atletismo-de-atarfe-centro-neuralgico-para-los-atletas-de-la-comarca","status":"publish","type":"post","link":"https:\/\/miradordeatarfe.es\/?p=48081","title":{"rendered":"EL ATLETISMO DE ATARFE, CENTRO NEUR\u00c1LGICO PARA LOS ATLETAS DE LA COMARCA."},"content":{"rendered":"<h3 align=\"JUSTIFY\"><span style=\"font-family: Arial, serif;\">Desde siempre han sido bastantes los atletas albolote\u00f1os que se han formado y competido con los colores de Atarfe y aun m\u00e1s hubi\u00e9ramos tenido de llegar la l\u00ednea del metropolitano hasta nuestra ciudad. <\/span><\/h3>\n<p align=\"JUSTIFY\"><span style=\"font-family: Arial, serif;\">Entre \u00e9stos destaca sobre manera la velocista CELIA MART\u00cdN SANTIAGO que precisamente hace un par de semanas era de la partida en el Campeonato de Andaluc\u00eda Absoluto de M\u00e1laga donde consegu\u00eda doble mejor marca personal tanto en 100 como en 200. En el hect\u00f3metro clasifica la 12\u00aa con un enorme crono de 12.88, por su parte en la media vuelta a la pista con un tiempo de 26.63 se a\u00fapa al 16\u00ba puesto final. <\/span><\/p>\n<p align=\"JUSTIFY\"><span style=\"font-family: Arial, serif;\">Gran ejemplo el de Celia para las peque\u00f1as que dan sus primeros pasos atl\u00e9ticos en la escuela del Ciudad Atarfe pues son ya muchos los a\u00f1os que lleva disfrutando del atletismo y como vemos en continua progresi\u00f3n. <\/span><\/p>\n<p align=\"JUSTIFY\"><span style=\"font-family: Arial, serif;\">Solventado el olvido de la cr\u00f3nica de hace un par de semanas es hora de centrarse en la diversa actividad que ha tenido a muchos de nuestros valores en liza este fin de semana. <\/span><\/p>\n<p align=\"JUSTIFY\"><span style=\"font-family: Arial, serif;\">Comenzamos destacando el t\u00edtulo de Campeona de Andaluc\u00eda de Triatl\u00f3n en categor\u00eda Alev\u00edn Femenina para Vera Ramos en la localidad sevillana de Coria (100-2000-500), este galard\u00f3n lo suma al conquistado en el auton\u00f3mico de duatl\u00f3n lo que sin duda supone un gran \u00e9xito personal y gran m\u00e9rito para la Escuela de Triatlon Atarfe. <\/span><\/p>\n<p align=\"JUSTIFY\"><span style=\"font-family: Arial, serif;\">Este campeonato se ha disputado en el seno del Triatlon de Menores Ciudad de Coria del R\u00edo donde le acompa\u00f1aron Santiago N\u00fa\u00f1ez Real que es 3\u00ba en Benjam\u00edn (50-1000-250) con Sandro Ramos P\u00e9rez en 4\u00ba lugar, Iv\u00e1n Montoro 18\u00ba y Daniela Tall\u00f3n 12\u00aa. En Infantil (200-4000-1000) el mayor de los Montoro, Samuel, realiza una gran carrera para ser 6\u00ba mientras en prebenjam\u00edn nuevo podio para Abril Bar\u00f3n (25-1000-125).<\/span><\/p>\n<p align=\"JUSTIFY\"><a href=\"https:\/\/i0.wp.com\/miradordeatarfe.es\/wp-content\/uploads\/2021\/06\/ivan-montoro-en-bici.jpeg?ssl=1\"><img data-recalc-dims=\"1\" loading=\"lazy\" decoding=\"async\" class=\"alignnone wp-image-48082 size-full\" src=\"https:\/\/i0.wp.com\/miradordeatarfe.es\/wp-content\/uploads\/2021\/06\/ivan-montoro-en-bici.jpeg?resize=640%2C637&#038;ssl=1\" alt=\"\" width=\"640\" height=\"637\" srcset=\"https:\/\/i0.wp.com\/miradordeatarfe.es\/wp-content\/uploads\/2021\/06\/ivan-montoro-en-bici.jpeg?w=1024&amp;ssl=1 1024w, https:\/\/i0.wp.com\/miradordeatarfe.es\/wp-content\/uploads\/2021\/06\/ivan-montoro-en-bici.jpeg?resize=300%2C300&amp;ssl=1 300w, https:\/\/i0.wp.com\/miradordeatarfe.es\/wp-content\/uploads\/2021\/06\/ivan-montoro-en-bici.jpeg?resize=150%2C150&amp;ssl=1 150w, https:\/\/i0.wp.com\/miradordeatarfe.es\/wp-content\/uploads\/2021\/06\/ivan-montoro-en-bici.jpeg?resize=768%2C764&amp;ssl=1 768w\" sizes=\"auto, (max-width: 640px) 100vw, 640px\" \/><\/a><\/p>\n<p align=\"JUSTIFY\"><span style=\"font-family: Arial, serif;\">No abandonamos el medio acu\u00e1tico y nos trasladamos al cercano pantano del Cubillas donde se ha disputado la Traves\u00eda a Nado de la Diputaci\u00f3n de Granada, bronce en junior femenino para la nadadora del Universidad Granada Candela Oliva Garc\u00eda (23.30) siendo sexta de la general. En junior masculino David Vill\u00e9n del Tribaby School es 13\u00ba (26.47) mientras en veteranos M50 Custodio Castro Aguilar (28.36) del Universidad es octavo y Antonio Oliva Esp\u00ednola del Triatarfe el 18 (34.39). <\/span><\/p>\n<p align=\"JUSTIFY\"><span style=\"font-family: Arial, serif;\">Muy cerca del lago atarfe\u00f1o en las faldas de la Sierra Arana se ha disputado el Gran Premio de Fondo de Iznalloz con un exigente recorrido que llevaba a los atletas hasta el \u00e1rea recreativa de El Sotillo. Feliz regreso a la competici\u00f3n de Jos\u00e9 Antonio Justicia Ruiz en las filas del Universo Running almeriense que consigue la segunda posici\u00f3n en Senior y 5\u00ba de la general con un tiempo de 35.36. Tambi\u00e9n al segundo caj\u00f3n del p\u00f3dium se ha subido Ana Lorena Quevedo en M\u00e1ster A con 48.03 con Virginia L\u00f3pez 4\u00aa (48.18) y Beatriz Quevedo 5\u00aa (48.38), en esta categor\u00eda en masculino Francisco Salas es 11\u00ba (40.14), Silvano Alejo Olmos 12\u00ba (40.42), Germ\u00e1n Triana 21\u00ba (43.31) y Antonio Romero 22\u00ba (43.32), todos ellos del CIUDAD ATARFE. De este mismo club, Gustavo Adolfo Herrera es el 28\u00ba de M\u00e1ster B con 46.59. <\/span><\/p>\n<p align=\"JUSTIFY\"><span style=\"font-family: Arial, serif;\">Traslad\u00e1ndonos a la capital analizamos lo que dio de s\u00ed el control federativo celebrado el s\u00e1bado en La Juventud con la participaci\u00f3n de bastantes atletas del Ciudad Atarfe y otros que habi\u00e9ndose formado en la Escuela de Atarfe militan ahora en diferentes clubes; destacando las nuevas plusmarcas del \u201cfuerte y r\u00e1pido\u201d Antonio Pe\u00f1a en 100 y de los ochocentistas que fueron al copo, adem\u00e1s disputando todos la misma serie<\/span><\/p>\n<p align=\"JUSTIFY\"><a name=\"Bookmark\"><\/a><span style=\"font-family: Arial, serif;\">RESULTADOS: Antonio Pe\u00f1a Galindo 11.46, 23.64 (100-200); Pablo Lozano Alejo 11.90-24.63 (100-200), Gustavo Adolfo Herrera Alvarez 13.81-28.57(100-200), Jorge Luis Torres Enr\u00edquez 12.14-39.87(100-300), Francisco Javier Urquiza Sierra 24.98 y 2.03.25 (200-800), Carlos Pe\u00f1a Galindo 42.00, 1.37.09 (300-600), Daniel P\u00e9rez Cano 1.43.76 (600), Angel Torres Villalba 2.01.47 (800), Alejandro Vico Guzm\u00e1n 2.02.78 (800)<\/span><\/p>\n<p align=\"JUSTIFY\"><span style=\"font-family: Arial, serif;\">Celia Mart\u00edn Santiago 13.04-27.42(100-200), Laura Aguilera Bol\u00edvar 14.76-31.00 (100-200), Irene Crespo L\u00f3pez 14.84-4.06 (100-LONGITUD), Luna Sierra Ruiz 16.30 (100), 6.03 (PESO), Mar\u00eda P\u00e9rez G\u00f3mez 3.24.14-4.06 (1000-LONGITUD), Mar\u00eda Gonz\u00e1lez Arribas 6.53 PESO<\/span><\/p>\n<p align=\"JUSTIFY\"><a href=\"https:\/\/i0.wp.com\/miradordeatarfe.es\/wp-content\/uploads\/2021\/06\/veteranos-en-GP-Iznalloz-2021.jpg?ssl=1\"><img data-recalc-dims=\"1\" loading=\"lazy\" decoding=\"async\" class=\"alignnone wp-image-48088 size-full\" src=\"https:\/\/i0.wp.com\/miradordeatarfe.es\/wp-content\/uploads\/2021\/06\/veteranos-en-GP-Iznalloz-2021.jpg?resize=640%2C480&#038;ssl=1\" alt=\"\" width=\"640\" height=\"480\" srcset=\"https:\/\/i0.wp.com\/miradordeatarfe.es\/wp-content\/uploads\/2021\/06\/veteranos-en-GP-Iznalloz-2021.jpg?w=2048&amp;ssl=1 2048w, https:\/\/i0.wp.com\/miradordeatarfe.es\/wp-content\/uploads\/2021\/06\/veteranos-en-GP-Iznalloz-2021.jpg?resize=300%2C225&amp;ssl=1 300w, https:\/\/i0.wp.com\/miradordeatarfe.es\/wp-content\/uploads\/2021\/06\/veteranos-en-GP-Iznalloz-2021.jpg?resize=1024%2C768&amp;ssl=1 1024w, https:\/\/i0.wp.com\/miradordeatarfe.es\/wp-content\/uploads\/2021\/06\/veteranos-en-GP-Iznalloz-2021.jpg?resize=768%2C576&amp;ssl=1 768w, https:\/\/i0.wp.com\/miradordeatarfe.es\/wp-content\/uploads\/2021\/06\/veteranos-en-GP-Iznalloz-2021.jpg?resize=1536%2C1152&amp;ssl=1 1536w, https:\/\/i0.wp.com\/miradordeatarfe.es\/wp-content\/uploads\/2021\/06\/veteranos-en-GP-Iznalloz-2021.jpg?resize=1320%2C990&amp;ssl=1 1320w, https:\/\/i0.wp.com\/miradordeatarfe.es\/wp-content\/uploads\/2021\/06\/veteranos-en-GP-Iznalloz-2021.jpg?w=1920&amp;ssl=1 1920w\" sizes=\"auto, (max-width: 640px) 100vw, 640px\" \/><\/a><\/p>\n<p align=\"JUSTIFY\">\u00a0<\/p>\n<p align=\"JUSTIFY\"><a href=\"https:\/\/i0.wp.com\/miradordeatarfe.es\/wp-content\/uploads\/2021\/06\/ochocentistas.jpeg?ssl=1\"><img data-recalc-dims=\"1\" loading=\"lazy\" decoding=\"async\" class=\"alignnone wp-image-48086 size-full\" src=\"https:\/\/i0.wp.com\/miradordeatarfe.es\/wp-content\/uploads\/2021\/06\/ochocentistas.jpeg?resize=640%2C509&#038;ssl=1\" alt=\"\" width=\"640\" height=\"509\" srcset=\"https:\/\/i0.wp.com\/miradordeatarfe.es\/wp-content\/uploads\/2021\/06\/ochocentistas.jpeg?w=772&amp;ssl=1 772w, https:\/\/i0.wp.com\/miradordeatarfe.es\/wp-content\/uploads\/2021\/06\/ochocentistas.jpeg?resize=300%2C239&amp;ssl=1 300w, https:\/\/i0.wp.com\/miradordeatarfe.es\/wp-content\/uploads\/2021\/06\/ochocentistas.jpeg?resize=768%2C611&amp;ssl=1 768w\" sizes=\"auto, (max-width: 640px) 100vw, 640px\" \/><\/a><a href=\"https:\/\/i0.wp.com\/miradordeatarfe.es\/wp-content\/uploads\/2021\/06\/gustavo-control-velocidad.jpeg?ssl=1\"><img data-recalc-dims=\"1\" loading=\"lazy\" decoding=\"async\" class=\"alignnone wp-image-48084 size-full\" src=\"https:\/\/i0.wp.com\/miradordeatarfe.es\/wp-content\/uploads\/2021\/06\/gustavo-control-velocidad.jpeg?resize=640%2C474&#038;ssl=1\" alt=\"\" width=\"640\" height=\"474\" srcset=\"https:\/\/i0.wp.com\/miradordeatarfe.es\/wp-content\/uploads\/2021\/06\/gustavo-control-velocidad.jpeg?w=1024&amp;ssl=1 1024w, https:\/\/i0.wp.com\/miradordeatarfe.es\/wp-content\/uploads\/2021\/06\/gustavo-control-velocidad.jpeg?resize=300%2C222&amp;ssl=1 300w, https:\/\/i0.wp.com\/miradordeatarfe.es\/wp-content\/uploads\/2021\/06\/gustavo-control-velocidad.jpeg?resize=768%2C569&amp;ssl=1 768w\" sizes=\"auto, (max-width: 640px) 100vw, 640px\" \/><\/a><\/p>\n","protected":false},"excerpt":{"rendered":"<p>Desde siempre han sido bastantes los atletas albolote\u00f1os que se han formado y competido con&#8230;<\/p>\n","protected":false},"author":1,"featured_media":48083,"comment_status":"closed","ping_status":"closed","sticky":false,"template":"","format":"standard","meta":{"_coblocks_attr":"","_coblocks_dimensions":"","_coblocks_responsive_height":"","_coblocks_accordion_ie_support":"","jetpack_post_was_ever_published":false,"_jetpack_newsletter_access":"","_jetpack_dont_email_post_to_subs":false,"_jetpack_newsletter_tier_id":0,"_jetpack_memberships_contains_paywalled_content":false,"_jetpack_memberships_contains_paid_content":false,"footnotes":"","jetpack_publicize_message":"","jetpack_publicize_feature_enabled":true,"jetpack_social_post_already_shared":false,"jetpack_social_options":{"image_generator_settings":{"template":"highway","default_image_id":0,"enabled":false},"version":2}},"categories":[2,182,44,15],"tags":[81,85,322],"class_list":["post-48081","post","type-post","status-publish","format-standard","has-post-thumbnail","hentry","category-atarfe","category-deportes","category-noticias-de-hoy","category-ultimas-noticias","tag-atarfe","tag-atletismo","tag-deporte"],"jetpack_publicize_connections":[],"jetpack_featured_media_url":"https:\/\/i0.wp.com\/miradordeatarfe.es\/wp-content\/uploads\/2021\/06\/veteranas-en-GP-Iznalloz-2021.jpg?fit=667%2C375&ssl=1","jetpack_likes_enabled":true,"jetpack_sharing_enabled":true,"_links":{"self":[{"href":"https:\/\/miradordeatarfe.es\/index.php?rest_route=\/wp\/v2\/posts\/48081","targetHints":{"allow":["GET"]}}],"collection":[{"href":"https:\/\/miradordeatarfe.es\/index.php?rest_route=\/wp\/v2\/posts"}],"about":[{"href":"https:\/\/miradordeatarfe.es\/index.php?rest_route=\/wp\/v2\/types\/post"}],"author":[{"embeddable":true,"href":"https:\/\/miradordeatarfe.es\/index.php?rest_route=\/wp\/v2\/users\/1"}],"replies":[{"embeddable":true,"href":"https:\/\/miradordeatarfe.es\/index.php?rest_route=%2Fwp%2Fv2%2Fcomments&post=48081"}],"version-history":[{"count":1,"href":"https:\/\/miradordeatarfe.es\/index.php?rest_route=\/wp\/v2\/posts\/48081\/revisions"}],"predecessor-version":[{"id":48089,"href":"https:\/\/miradordeatarfe.es\/index.php?rest_route=\/wp\/v2\/posts\/48081\/revisions\/48089"}],"wp:featuredmedia":[{"embeddable":true,"href":"https:\/\/miradordeatarfe.es\/index.php?rest_route=\/wp\/v2\/media\/48083"}],"wp:attachment":[{"href":"https:\/\/miradordeatarfe.es\/index.php?rest_route=%2Fwp%2Fv2%2Fmedia&parent=48081"}],"wp:term":[{"taxonomy":"category","embeddable":true,"href":"https:\/\/miradordeatarfe.es\/index.php?rest_route=%2Fwp%2Fv2%2Fcategories&post=48081"},{"taxonomy":"post_tag","embeddable":true,"href":"https:\/\/miradordeatarfe.es\/index.php?rest_route=%2Fwp%2Fv2%2Ftags&post=48081"}],"curies":[{"name":"wp","href":"https:\/\/api.w.org\/{rel}","templated":true}]}}