{"id":48109,"date":"2021-06-26T10:30:34","date_gmt":"2021-06-26T08:30:34","guid":{"rendered":"http:\/\/miradordeatarfe.es\/?p=48109"},"modified":"2021-06-22T13:33:19","modified_gmt":"2021-06-22T11:33:19","slug":"el-ine-contabiliza-492-930-fallecimientos-en-espana-en-2020-la-cifra-mas-alta-desde-1941","status":"publish","type":"post","link":"https:\/\/miradordeatarfe.es\/?p=48109","title":{"rendered":"El INE contabiliza 492.930 fallecimientos en Espa\u00f1a en 2020, la cifra m\u00e1s alta desde 1941"},"content":{"rendered":"<h2 style=\"text-align: justify;\">La mortalidad en Espa\u00f1a aument\u00f3 un 17,7% en 2020<\/h2>\n<div class=\"cnt-multimedia estirar \" style=\"text-align: justify;\">\u00a0<\/div>\n<div class=\"cnt-izq\" style=\"text-align: justify;\">\n<div class=\"cnt-body\">\n<div id=\"cuerpo_noticia_r\" class=\"cuerpo\">\n<p>El Instituto Nacional de Estad\u00edstica ha publicado este jueves su <strong><a href=\"https:\/\/www.ine.es\/prensa\/mnp_2020_p.pdf\" target=\"_blank\" rel=\"noopener noreferrer nofollow\">estudio<\/a><\/strong> del movimiento natural de la poblaci\u00f3n y de indicadores demogr\u00e1ficos b\u00e1sicos. El a\u00f1o pasado el n\u00famero de defunciones aument\u00f3 en Espa\u00f1a un 17,7% respecto al a\u00f1o anterior. Desde que hay registros, en 1941, nunca han muerto tantas personas en Espa\u00f1a en un solo a\u00f1o, <strong>492.930,\u00a0<\/strong> 74.227 m\u00e1s que en 2019.<\/p>\n<p>En la Comunidad de Madrid, este incremento fue del <strong>41,2%,<\/strong> Castilla-La Mancha un <strong>32,3%<\/strong> y Castilla y Le\u00f3n un <strong>26%.<\/strong>\u00a0<\/p>\n<\/div>\n<\/div>\n<\/div>\n<p style=\"text-align: justify;\">Por meses, cabe destacar los aumentos de defunciones en <strong>marzo y abril, del 56,8% y 78,2%<\/strong>, respectivamente respecto a los mismos meses del a\u00f1o anterior. Tambi\u00e9n cabe rese\u00f1ar la evoluci\u00f3n de la mortalidad a partir del mes de agosto. Sobre todo en octubre y noviembre, cuando <strong>el n\u00famero de defunciones se increment\u00f3 un 21%<\/strong> y <strong>un 21,6%,<\/strong> respectivamente, respecto a los mismos meses del a\u00f1o anterior.<\/p>\n<p style=\"text-align: justify;\">Por edad y sexo, el mayor incremento con respecto a 2019 en t\u00e9rminos relativos se observa en el <strong>grupo de 75 a 79 a\u00f1os,<\/strong> tanto en hombres (con unincremento del 25,0%) como en mujeres (+22,4%).<\/p>\n<h2 class=\"ladillo\" style=\"text-align: justify;\">Caen los nacimientos un 6%<\/h2>\n<p style=\"text-align: justify;\">El panorama demogr\u00e1fico se completa con los nacimientos. En 2020 han llegado al mundo en Espa\u00f1a <strong>339.206 ni\u00f1os, un 5,94% menos que el a\u00f1o pasado.<\/strong><\/p>\n<p style=\"text-align: justify;\">En total suponen 21.411 nacimientos menos. La natalidad contin\u00faa as\u00ed con la tendencia a la baja de la \u00faltima d\u00e9cada, solo interrumpida en 2014. Desde el a\u00f1o 2010 la cifra ha descendido un 30,3%.<\/p>\n<p style=\"text-align: justify;\">Este descenso de nacimientos se debe, en parte, a la disminuci\u00f3n del n\u00famero de hijos por mujer y a la reducci\u00f3n en el n\u00famero de mujeres en edad de ser madres. En particular se observa una bajada m\u00e1s acusada en los \u00faltimos dos meses del a\u00f1o, que puede reflejar <strong>una disminuci\u00f3n de embarazos producidos durante el confinamiento<\/strong>\u00a0 que se inicia a mediados de marzo de 2020.<\/p>\n<p style=\"text-align: justify;\">De los 339.206 nacimientos que tuvieron lugar en Espa\u00f1a, 76.224 fueron de madre extranjera, lo que supuso el 22,5% del total (frente al 22,3% en 2019).<\/p>\n<h2 class=\"ladillo\" style=\"text-align: justify;\">El n\u00famero medio de hijos por mujer se sit\u00faa en 1,18<\/h2>\n<p style=\"text-align: justify;\">El indicador coyuntural de fecundidad (o n\u00famero medio de hijos por mujer) se situ\u00f3 en 1,18 en 2020, con un descenso de seiscent\u00e9simas respecto al valor registrado en 2019. Es <strong>el valor m\u00e1s bajo desde el a\u00f1o 2000.<\/strong><\/p>\n<p style=\"text-align: justify;\">La edad media a la maternidad se situ\u00f3 en <strong>32,3 a\u00f1os en 2020,<\/strong> una d\u00e9cima m\u00e1s que el a\u00f1o anterior. En los \u00faltimos a\u00f1os se observa que la disminuci\u00f3n del n\u00famero de nacimientos se ve acompa\u00f1ada de un retraso en la edad de maternidad.<\/p>\n<p style=\"text-align: justify;\">La edad media a la maternidad de las espa\u00f1olas <strong>se mantuvo en 32,8 a\u00f1os<\/strong>. Por su parte, la de las extranjeras aument\u00f3 una d\u00e9cima, situ\u00e1ndose en 30,3 a\u00f1os.<\/p>\n<h2 class=\"ladillo\" style=\"text-align: justify;\">Crecimiento vegetativo negativo<\/h2>\n<p style=\"text-align: justify;\">La pandemia tambi\u00e9n se nota en los matrimonios, que caen al m\u00ednimo desde los primeros datos que ofrece el INE, de 1941: se produjeron 90.416 enlaces en 2020, casi la mitad que en 2019, en concreto, un 45,7%.<\/p>\n<p style=\"text-align: justify;\">El crecimiento vegetativo de la poblaci\u00f3n residente present\u00f3 un saldo negativo de 153.167 personas.<\/p>\n<p><a href=\"https:\/\/cadenaser.com\/autor\/cadena_ser\/a\/\"><strong>Cadena SER<\/strong><\/a><\/p>\n<div class=\"cnt-multimedia estirar \">\n<figure><figcaption>\n<p>FOTO: Cementerio de La Almudena, en Madrid. \/ GETTY IMAGES<\/p>\n<\/figcaption><\/figure>\n<\/div>\n<aside class=\"ssnn estirar\"><\/aside>\n<div class=\"cnt-izq\">\n<div class=\"cnt-metas\">\u00a0<\/div>\n<\/div>\n","protected":false},"excerpt":{"rendered":"<p>La mortalidad en Espa\u00f1a aument\u00f3 un 17,7% en 2020 \u00a0 El Instituto Nacional de Estad\u00edstica&#8230;<\/p>\n","protected":false},"author":1,"featured_media":48110,"comment_status":"closed","ping_status":"closed","sticky":false,"template":"","format":"standard","meta":{"_coblocks_attr":"","_coblocks_dimensions":"","_coblocks_responsive_height":"","_coblocks_accordion_ie_support":"","jetpack_post_was_ever_published":false,"_jetpack_newsletter_access":"","_jetpack_dont_email_post_to_subs":false,"_jetpack_newsletter_tier_id":0,"_jetpack_memberships_contains_paywalled_content":false,"_jetpack_memberships_contains_paid_content":false,"footnotes":"","jetpack_publicize_message":"","jetpack_publicize_feature_enabled":true,"jetpack_social_post_already_shared":false,"jetpack_social_options":{"image_generator_settings":{"template":"highway","default_image_id":0,"enabled":false},"version":2}},"categories":[1161,7149,44,6937,15],"tags":[725,1180],"class_list":["post-48109","post","type-post","status-publish","format-standard","has-post-thumbnail","hentry","category-ciudadania","category-coronavirus","category-noticias-de-hoy","category-sociedad","category-ultimas-noticias","tag-espana","tag-mortalidad"],"jetpack_publicize_connections":[],"jetpack_featured_media_url":"https:\/\/i0.wp.com\/miradordeatarfe.es\/wp-content\/uploads\/2021\/06\/1623923666_630648_1623924234_noticia_normal_recorte1.jpg?fit=1300%2C815&ssl=1","jetpack_likes_enabled":true,"jetpack_sharing_enabled":true,"_links":{"self":[{"href":"https:\/\/miradordeatarfe.es\/index.php?rest_route=\/wp\/v2\/posts\/48109","targetHints":{"allow":["GET"]}}],"collection":[{"href":"https:\/\/miradordeatarfe.es\/index.php?rest_route=\/wp\/v2\/posts"}],"about":[{"href":"https:\/\/miradordeatarfe.es\/index.php?rest_route=\/wp\/v2\/types\/post"}],"author":[{"embeddable":true,"href":"https:\/\/miradordeatarfe.es\/index.php?rest_route=\/wp\/v2\/users\/1"}],"replies":[{"embeddable":true,"href":"https:\/\/miradordeatarfe.es\/index.php?rest_route=%2Fwp%2Fv2%2Fcomments&post=48109"}],"version-history":[{"count":1,"href":"https:\/\/miradordeatarfe.es\/index.php?rest_route=\/wp\/v2\/posts\/48109\/revisions"}],"predecessor-version":[{"id":48111,"href":"https:\/\/miradordeatarfe.es\/index.php?rest_route=\/wp\/v2\/posts\/48109\/revisions\/48111"}],"wp:featuredmedia":[{"embeddable":true,"href":"https:\/\/miradordeatarfe.es\/index.php?rest_route=\/wp\/v2\/media\/48110"}],"wp:attachment":[{"href":"https:\/\/miradordeatarfe.es\/index.php?rest_route=%2Fwp%2Fv2%2Fmedia&parent=48109"}],"wp:term":[{"taxonomy":"category","embeddable":true,"href":"https:\/\/miradordeatarfe.es\/index.php?rest_route=%2Fwp%2Fv2%2Fcategories&post=48109"},{"taxonomy":"post_tag","embeddable":true,"href":"https:\/\/miradordeatarfe.es\/index.php?rest_route=%2Fwp%2Fv2%2Ftags&post=48109"}],"curies":[{"name":"wp","href":"https:\/\/api.w.org\/{rel}","templated":true}]}}