{"id":48125,"date":"2021-06-25T08:55:19","date_gmt":"2021-06-25T06:55:19","guid":{"rendered":"http:\/\/miradordeatarfe.es\/?p=48125"},"modified":"2021-06-23T14:01:01","modified_gmt":"2021-06-23T12:01:01","slug":"jon-inarritu-retrata-al-pp-con-los-indultos-menudo-castanazo-ayer-desde-el-consejo-de-europa-no","status":"publish","type":"post","link":"https:\/\/miradordeatarfe.es\/?p=48125","title":{"rendered":"Jon I\u00f1arritu retrata al PP con los indultos: \u00abMenudo casta\u00f1azo ayer desde el Consejo de Europa \u00bfno?\u00bb"},"content":{"rendered":"<h3 class=\"entry-title\">El diputado de Bildu denunci\u00f3 que el PP quiere \u00absimular una crisis de Estado\u00bb<\/h3>\n<p>Ayer Jon I\u00f1arritu se ha mostrado duro en el Congreso. El diputado de Bildu ha defendido los indultos llevados a cabo por el Gobierno poniendo en evidencia las contradicciones del PP en torno a esta cuesti\u00f3n.<\/p>\n<p>\u00abSon los reyes del indulto. Han indultado a corruptos, tienen este r\u00e9cord. Han indultado a terroristas de estado, torturadores, kamikazes, personas condenadas por delitos sexuales\u2026\u00bb, ha se\u00f1alado el diputado.<\/p>\n<div id=\"r89-outstream\">\u00a0<\/div>\n<p>I\u00f1arritu ha puesto de manifiesto que, durante el mandato del Mariano Rajoy, en la mayor\u00eda de los casos no ten\u00edan el visto bueno de los jueces. \u00abUstedes ten\u00edan la mayor\u00eda de los informes en contra de los indultos, el 54%. Como vienen aqu\u00ed a dar lecciones?\u00bb, ha se\u00f1alado.<\/p>\n<p><iframe loading=\"lazy\" src=\"\/\/www.youtube.com\/embed\/KkrtNF9fv6Q\" width=\"560\" height=\"314\" allowfullscreen=\"allowfullscreen\"><\/iframe><\/p>\n<h2><strong>El casta\u00f1azo<\/strong><\/h2>\n<p>Su intervenci\u00f3n ha iniciado, sin embargo, con I\u00f1\u00e1rritu recordando el varapalo al PP en el Consejo de Europa tras la votaci\u00f3n de un informe que pide la libertad de los presos pol\u00edticos: \u00abMenudo casta\u00f1azo ayer desde el Consejo de Europa \u00bfno?\u00bb, expuso el diputado, que ha continuado subrayando que para Europa lo que es escandaloso no es que \u00abpresos pol\u00edticos sean excarcelados, sino que en un estado miembro haya presos pol\u00edticos\u00bb.<\/p>\n<p>El diputado de Bildu ha defendido que tras \u00abel tir\u00f3n de orejas del Consejo de Europa\u00bb, el PP deber\u00eda ser favorable a los indultos y los acus\u00f3 de \u00abquerer simular una crisis de Estado\u00bb. \u00abVienen a simular una crisis de Estado porque se excarcela a presos pol\u00edticos. Aunque no est\u00e9n de acuerdo, tras el tir\u00f3n de orejas que les ha dado el Consejo de Europa, deber\u00edan ser favorables para mejorar la imagen que tienen. Si quieren estar entre los estados punteros a escala democr\u00e1tica deber\u00edan hacerlo\u00bb, ha asegurado.<\/p>\n<p><strong>Los indultos del PP<\/strong><\/p>\n<p>I\u00f1arritu se dej\u00f3 lo mejor para el final de su intervenci\u00f3n: \u00ab\u00bfSe arrepintieron los miembros de los GAL cuando los indult\u00f3 el PP? No, hac\u00edan enaltecimiento y enorgullec\u00edan. \u00bfSe quejaron cuando se indult\u00f3 a Goli, un torturador conocido en Intxaurrondo? Fue indultado dos veces. \u00bfHay arrepentimiento? No. \u00bfUstedes se arrepintieron en alg\u00fan momento? No. Aqu\u00ed tenemos los disparos del 23-F, el tutor del rey, Alfonso Armada fue indultado. \u00bfSe arrepinti\u00f3 en alg\u00fan momento o ustedes se rasgaron las vestiduras? No\u00bb, dijo.<\/p>\n<blockquote class=\"wp-embedded-content\" data-secret=\"5naBkMlIl0\"><p><a href=\"https:\/\/contrainformacion.es\/video-jon-inarritu-retrata-al-pp-con-los-indultos-menudo-castanazo-ayer-desde-el-consejo-de-europa-no\/\">V\u00eddeo | Jon I\u00f1arritu retrata al PP con los indultos: \u00abMenudo casta\u00f1azo ayer desde el Consejo de Europa \u00bfno?\u00bb<\/a><\/p><\/blockquote>\n<p><iframe loading=\"lazy\" class=\"wp-embedded-content\" sandbox=\"allow-scripts\" security=\"restricted\" style=\"position: absolute; visibility: hidden;\" title=\"\u00abV\u00eddeo | Jon I\u00f1arritu retrata al PP con los indultos: \u00abMenudo casta\u00f1azo ayer desde el Consejo de Europa \u00bfno?\u00bb\u00bb \u2014 Contrainformaci\u00f3n\" src=\"https:\/\/contrainformacion.es\/video-jon-inarritu-retrata-al-pp-con-los-indultos-menudo-castanazo-ayer-desde-el-consejo-de-europa-no\/embed\/#?secret=3QkwvcBy3n#?secret=5naBkMlIl0\" data-secret=\"5naBkMlIl0\" width=\"600\" height=\"338\" frameborder=\"0\" marginwidth=\"0\" marginheight=\"0\" scrolling=\"no\"><\/iframe><\/p>\n","protected":false},"excerpt":{"rendered":"<p>El diputado de Bildu denunci\u00f3 que el PP quiere \u00absimular una crisis de Estado\u00bb Ayer&#8230;<\/p>\n","protected":false},"author":1,"featured_media":48126,"comment_status":"closed","ping_status":"closed","sticky":false,"template":"","format":"standard","meta":{"_coblocks_attr":"","_coblocks_dimensions":"","_coblocks_responsive_height":"","_coblocks_accordion_ie_support":"","jetpack_post_was_ever_published":false,"_jetpack_newsletter_access":"","_jetpack_dont_email_post_to_subs":false,"_jetpack_newsletter_tier_id":0,"_jetpack_memberships_contains_paywalled_content":false,"_jetpack_memberships_contains_paid_content":false,"footnotes":"","jetpack_publicize_message":"","jetpack_publicize_feature_enabled":true,"jetpack_social_post_already_shared":false,"jetpack_social_options":{"image_generator_settings":{"template":"highway","default_image_id":0,"enabled":false},"version":2}},"categories":[1161,44,7671,6937,15],"tags":[5579,349],"class_list":["post-48125","post","type-post","status-publish","format-standard","has-post-thumbnail","hentry","category-ciudadania","category-noticias-de-hoy","category-politica","category-sociedad","category-ultimas-noticias","tag-indultos","tag-pp"],"jetpack_publicize_connections":[],"jetpack_featured_media_url":"https:\/\/i0.wp.com\/miradordeatarfe.es\/wp-content\/uploads\/2021\/06\/1613389041-656x368-1.jpg?fit=656%2C368&ssl=1","jetpack_likes_enabled":true,"jetpack_sharing_enabled":true,"_links":{"self":[{"href":"https:\/\/miradordeatarfe.es\/index.php?rest_route=\/wp\/v2\/posts\/48125","targetHints":{"allow":["GET"]}}],"collection":[{"href":"https:\/\/miradordeatarfe.es\/index.php?rest_route=\/wp\/v2\/posts"}],"about":[{"href":"https:\/\/miradordeatarfe.es\/index.php?rest_route=\/wp\/v2\/types\/post"}],"author":[{"embeddable":true,"href":"https:\/\/miradordeatarfe.es\/index.php?rest_route=\/wp\/v2\/users\/1"}],"replies":[{"embeddable":true,"href":"https:\/\/miradordeatarfe.es\/index.php?rest_route=%2Fwp%2Fv2%2Fcomments&post=48125"}],"version-history":[{"count":1,"href":"https:\/\/miradordeatarfe.es\/index.php?rest_route=\/wp\/v2\/posts\/48125\/revisions"}],"predecessor-version":[{"id":48127,"href":"https:\/\/miradordeatarfe.es\/index.php?rest_route=\/wp\/v2\/posts\/48125\/revisions\/48127"}],"wp:featuredmedia":[{"embeddable":true,"href":"https:\/\/miradordeatarfe.es\/index.php?rest_route=\/wp\/v2\/media\/48126"}],"wp:attachment":[{"href":"https:\/\/miradordeatarfe.es\/index.php?rest_route=%2Fwp%2Fv2%2Fmedia&parent=48125"}],"wp:term":[{"taxonomy":"category","embeddable":true,"href":"https:\/\/miradordeatarfe.es\/index.php?rest_route=%2Fwp%2Fv2%2Fcategories&post=48125"},{"taxonomy":"post_tag","embeddable":true,"href":"https:\/\/miradordeatarfe.es\/index.php?rest_route=%2Fwp%2Fv2%2Ftags&post=48125"}],"curies":[{"name":"wp","href":"https:\/\/api.w.org\/{rel}","templated":true}]}}