{"id":48129,"date":"2021-06-27T09:47:43","date_gmt":"2021-06-27T07:47:43","guid":{"rendered":"http:\/\/miradordeatarfe.es\/?p=48129"},"modified":"2021-06-23T19:53:54","modified_gmt":"2021-06-23T17:53:54","slug":"ecologistas-en-accion-vuelve-a-solicitar-informacion-sobre-proyecto-de-rotonda-junto-al-rio-monachil-en-granada-que-afectaria-al-acuifero-de-la-vega","status":"publish","type":"post","link":"https:\/\/miradordeatarfe.es\/?p=48129","title":{"rendered":"Ecologistas en Acci\u00f3n vuelve a solicitar informaci\u00f3n sobre proyecto de rotonda junto al r\u00edo Monachil en Granada que afectar\u00eda al acu\u00edfero de la Vega"},"content":{"rendered":"<div class=\"cartouche\">\n<div class=\"detail\" style=\"text-align: justify;\">El 20 de enero de 2021 Ecologistas en Acci\u00f3n present\u00f3 escritos en la Confederaci\u00f3n Hidrogr\u00e1fica del Guadalquivir (CHG), Ayuntamiento de Granada y Delegaci\u00f3n de Fomento de la Junta de Andaluc\u00eda solicitando informaci\u00f3n sobre la construcci\u00f3n de una plataforma reservada desde La Zubia a Granada y nueva rotonda en el tramo de la intersecci\u00f3n de la A-4028 y carretera provincial GR-3211 (entrada de la carretera de La Zubia en Granada cerca del r\u00edo Monachil), que se ubicar\u00eda sobre el acu\u00edfero de la Vega de Granada. La rotonda proyectada afectar\u00eda al paseo \u201cDel Monachil a los Cahorros\u201d que ha trabajado durante dos a\u00f1os la plataforma \u201cVega Sur. El Monachil nos une\u201d (en el lugar se contempla una zona arbolada, de recreo y con paneles explicativos del acu\u00edfero de la Vega). Tambi\u00e9n la CHG tiene planeado un paseo, compatible con el de la plataforma, a lo largo del r\u00edo Monachil. Tres meses despu\u00e9s de solicitar informaci\u00f3n sobre la rotonda, Ecologistas en Acci\u00f3n vuelve a pedirla y advierte del incumplimiento de la Ley de Transparencia por parte de esas instituciones.<\/div>\n<\/div>\n<div class=\"texte\">\n<dl class=\"spip_document_4366 spip_documents spip_documents_center\">\n<dt><img data-recalc-dims=\"1\" loading=\"lazy\" decoding=\"async\" src=\"https:\/\/i0.wp.com\/www.otragranada.org\/local\/cache-vignettes\/L560xH514\/134334838_4742226259181487_1097629495526156502_n-0c5b3.jpg?resize=560%2C514&#038;ssl=1\" alt=\"JPEG - 232.6 KB\" width=\"560\" height=\"514\" \/><\/dt>\n<dt class=\"spip_doc_titre\"><strong>El proyecto de rotonda, en la parte inferior, se \u00abcomer\u00eda\u00bb una parte importante de la zona arbolada que podr\u00eda ir en el paseo del Zaid\u00edn a los Cahorros, podr\u00eda afectar al acu\u00edfero e incumplir la normativa urban\u00edstica<\/strong><\/dt>\n<\/dl>\n<p style=\"text-align: justify;\">El proyecto, que comunic\u00f3 a la prensa hace algo m\u00e1s de tres meses la Consejer\u00eda de Fomento, Infraestructuras y Ordenaci\u00f3n del Territorio de la Junta de Andaluc\u00eda, podr\u00eda afectar al acu\u00edfero de la Vega e incumplir la normativa urban\u00edstica del Ayuntamiento de Granada entre otras anomal\u00edas. Por ello, y por ser innecesaria dicha obra, Ecologistas en Acci\u00f3n se dirigi\u00f3 en enero de 2021 a la CHG, Ayuntamiento de Granada y la Consejer\u00eda de Fomento de la Junta de Andaluc\u00eda hace tres meses solicitando informaci\u00f3n. Al no obtener a\u00fan respuestas, Ecologistas en Acci\u00f3n present\u00f3 nuevos escritos pidiendo informaci\u00f3n y advirtiendo del incumpliendo de la Ley de Transparencia que hacen esas instituciones<\/p>\n<dl class=\"spip_document_4367 spip_documents spip_documents_center\">\n<dt><img data-recalc-dims=\"1\" loading=\"lazy\" decoding=\"async\" src=\"https:\/\/i0.wp.com\/www.otragranada.org\/local\/cache-vignettes\/L560xH517\/rio_monchil-60be8.jpg?resize=560%2C517&#038;ssl=1\" alt=\"JPEG - 320.6 KB\" width=\"560\" height=\"517\" \/><\/dt>\n<dt class=\"spip_doc_titre\"><strong>Una recreci\u00f3n de c\u00f3mo podr\u00e1 quedar la zona si se hace el paseo del Zaid\u00edn a los Cahorros seg\u00fan el Plan elaborado por \u00abVega Sur. El Monachil nos une\u00bb<\/strong><\/dt>\n<\/dl>\n<p style=\"text-align: justify;\"><strong>La rotonda afectar\u00eda negativamente a un futuro paseo de El Monachil a los Cahorros<\/strong><\/p>\n<p style=\"text-align: justify;\">La plataforma \u201cVega Sur. El Monachil nos une\u201d, en la que participan activamente Ecologistas en Acci\u00f3n y Somos Vega. Somos Tierra entre otros, elabor\u00f3 un \u201cPlan para la recuperaci\u00f3n del r\u00edo Monachil\u201d en la que pormenoriza por tramos problemas y actuaciones necesarias para hacer del r\u00edo un espacio de ocio y disfrute que, a su vez, dinamizar\u00eda econ\u00f3micamente las poblaciones cercanas. La idea estrella de dicho Plan es la construcci\u00f3n de un paseo que vaya desde El Zaid\u00edn a los Cahorros, pasando por Hu\u00e9tor Vega y Monachil, y con conexiones a los distintos caminos que enlazan con C\u00e1jar, La Zubia, camino de los Neveros y cuencas del Genil y el D\u00edlar. Dicho plan ha sido presentado en la Confederaci\u00f3n Hidrogr\u00e1fica del Guadalquivir y a los ayuntamientos de Monachil, Hu\u00e9tor Vega, C\u00e1jar y Granada. Tambi\u00e9n a asociaciones del Zaid\u00edn. Se ten\u00eda previsto presentarlo por pueblos y la capital con diversas actividades y participaci\u00f3n de la ciudadan\u00eda, pero la pandemia paraliz\u00f3 esta din\u00e1mica.<\/p>\n<dl class=\"spip_document_4368 spip_documents spip_documents_center\">\n<dt><img data-recalc-dims=\"1\" loading=\"lazy\" decoding=\"async\" src=\"https:\/\/i0.wp.com\/www.otragranada.org\/local\/cache-vignettes\/L560xH316\/176567047_2949819418591166_7763776145244285767_n-782bd.jpg?resize=560%2C316&#038;ssl=1\" alt=\"JPEG - 244.5 KB\" width=\"560\" height=\"316\" \/><\/dt>\n<dt class=\"spip_doc_titre\"><strong>Sentipaseo reciente por la zona de los pozos que ver\u00eda afectadda por la rotonda<\/strong><\/dt>\n<\/dl>\n<p style=\"text-align: justify;\"><strong>El Paseo del Zaid\u00edn a los Cahorros es viable, es posible<\/strong><\/p>\n<p style=\"text-align: justify;\">\u201cVega Sur. El Monachil nos une\u201d es una plataforma, integrada por numerosas personas y grupos, que trabaja en la defensa y dinamizaci\u00f3n integral de la Vega Sur. Actualmente trabaja con las comunidades de regantes para resolver las problem\u00e1ticas del regad\u00edo de la comarca. La plataforma espera retomar pronto, cuando la pandemia d\u00e9 un respiro, la difusi\u00f3n del Plan para hacer realidad el paseo de El Monachil a los Cahorros. Este plan y el de la CHG son compatibles, as\u00ed lo vieron representantes de la plataforma y la Confederaci\u00f3n, por lo que el Plan tiene grandes posibilidades de realizarse.<\/p>\n<p style=\"text-align: justify;\"><strong>Ecologisstas en Acci\u00f3n espera respuesta<\/strong><\/p>\n<p style=\"text-align: justify;\">Mientras tanto, Ecologistas en Acci\u00f3n espera que tras la informaci\u00f3n, a la que tiene derecho, pueda paralizarse ese proyecto de rotonda, innecesario y que podr\u00eda afectar al acu\u00edfero de la Vega y a los paseos que se puedan dise\u00f1ar por el r\u00edo Monachil entre el Zaid\u00edn y los Cahorros.<\/p>\n<p style=\"text-align: justify;\">\u00a0<span class=\"auteurs\">por\u00a0<span class=\"vcard author\"><a class=\"url fn spip_in\" href=\"https:\/\/www.otragranada.org\/spip.php?auteur19\">Veguita de Gran\u00e1<\/a><\/span><\/span><\/p>\n<p style=\"text-align: justify;\">https:\/\/www.otragranada.org\/spip.php?article968<\/p>\n<\/div>\n","protected":false},"excerpt":{"rendered":"<p>El 20 de enero de 2021 Ecologistas en Acci\u00f3n present\u00f3 escritos en la Confederaci\u00f3n Hidrogr\u00e1fica&#8230;<\/p>\n","protected":false},"author":1,"featured_media":48130,"comment_status":"closed","ping_status":"closed","sticky":false,"template":"","format":"standard","meta":{"_coblocks_attr":"","_coblocks_dimensions":"","_coblocks_responsive_height":"","_coblocks_accordion_ie_support":"","jetpack_post_was_ever_published":false,"_jetpack_newsletter_access":"","_jetpack_dont_email_post_to_subs":false,"_jetpack_newsletter_tier_id":0,"_jetpack_memberships_contains_paywalled_content":false,"_jetpack_memberships_contains_paid_content":false,"footnotes":"","jetpack_publicize_message":"","jetpack_publicize_feature_enabled":true,"jetpack_social_post_already_shared":false,"jetpack_social_options":{"image_generator_settings":{"template":"highway","default_image_id":0,"enabled":false},"version":2}},"categories":[1161,9,44,6937,15],"tags":[99,8438],"class_list":["post-48129","post","type-post","status-publish","format-standard","has-post-thumbnail","hentry","category-ciudadania","category-medio-ambiente","category-noticias-de-hoy","category-sociedad","category-ultimas-noticias","tag-medio-ambiente","tag-rotonda"],"jetpack_publicize_connections":[],"jetpack_featured_media_url":"https:\/\/i0.wp.com\/miradordeatarfe.es\/wp-content\/uploads\/2021\/06\/HUETORVEGA-rotonda-manachil-obras-1.jpg?fit=900%2C598&ssl=1","jetpack_likes_enabled":true,"jetpack_sharing_enabled":true,"_links":{"self":[{"href":"https:\/\/miradordeatarfe.es\/index.php?rest_route=\/wp\/v2\/posts\/48129","targetHints":{"allow":["GET"]}}],"collection":[{"href":"https:\/\/miradordeatarfe.es\/index.php?rest_route=\/wp\/v2\/posts"}],"about":[{"href":"https:\/\/miradordeatarfe.es\/index.php?rest_route=\/wp\/v2\/types\/post"}],"author":[{"embeddable":true,"href":"https:\/\/miradordeatarfe.es\/index.php?rest_route=\/wp\/v2\/users\/1"}],"replies":[{"embeddable":true,"href":"https:\/\/miradordeatarfe.es\/index.php?rest_route=%2Fwp%2Fv2%2Fcomments&post=48129"}],"version-history":[{"count":1,"href":"https:\/\/miradordeatarfe.es\/index.php?rest_route=\/wp\/v2\/posts\/48129\/revisions"}],"predecessor-version":[{"id":48131,"href":"https:\/\/miradordeatarfe.es\/index.php?rest_route=\/wp\/v2\/posts\/48129\/revisions\/48131"}],"wp:featuredmedia":[{"embeddable":true,"href":"https:\/\/miradordeatarfe.es\/index.php?rest_route=\/wp\/v2\/media\/48130"}],"wp:attachment":[{"href":"https:\/\/miradordeatarfe.es\/index.php?rest_route=%2Fwp%2Fv2%2Fmedia&parent=48129"}],"wp:term":[{"taxonomy":"category","embeddable":true,"href":"https:\/\/miradordeatarfe.es\/index.php?rest_route=%2Fwp%2Fv2%2Fcategories&post=48129"},{"taxonomy":"post_tag","embeddable":true,"href":"https:\/\/miradordeatarfe.es\/index.php?rest_route=%2Fwp%2Fv2%2Ftags&post=48129"}],"curies":[{"name":"wp","href":"https:\/\/api.w.org\/{rel}","templated":true}]}}